{"id":19428,"date":"2025-08-30T11:52:57","date_gmt":"2025-08-30T15:52:57","guid":{"rendered":"https:\/\/agromt.news\/?p=19428"},"modified":"2025-08-30T11:52:57","modified_gmt":"2025-08-30T15:52:57","slug":"ciclone-provoca-temporais-com-queda-de-granizo-e-ventos-fortes","status":"publish","type":"post","link":"https:\/\/agromt.news\/?p=19428","title":{"rendered":"Ciclone provoca temporais com queda de granizo e ventos fortes"},"content":{"rendered":"<p> <br \/>\n<br \/><img decoding=\"async\" src=\"https:\/\/agromt.news\/wp-content\/uploads\/2025\/04\/Ciclone-derruba-as-temperaturas-e-deve-provocar-geadas.jpg\" \/><\/p>\n<div>\n<p>Um ciclone extratropical deve se formar na altura do Uruguai, trazendo temporais n\u00e3o s\u00f3 para o Rio Grande do Sul, mas tamb\u00e9m para grande parte do Centro-Oeste. Segundo Arthur M\u00fcller, meteorologista do Canal Rural, a virada de domingo (31) para segunda-feira (1)  trar\u00e1 a canaliza\u00e7\u00e3o da umidade, atingindo \u00e1reas de fronteira com a Bol\u00edvia e Mato Grosso, Paraguai, Mato Grosso do Sul e at\u00e9 Rond\u00f4nia.<\/p>\n<p>Parte do estado do Rio Grande do Sul estar\u00e1 sob risco de queda de granizo e rajadas de vento intensas no domingo (31). A partir de segunda-feira (1), o sistema se desloca para o oceano, formando uma frente fria que permanecer\u00e1 estacion\u00e1ria sobre o Rio Grande do Sul durante toda a semana. A previs\u00e3o \u00e9 de chuva, granizo e rajadas de vento, com risco de danos \u00e0s estruturas agr\u00edcolas.<\/p>\n<p><em>Veja em primeira m\u00e3o tudo sobre agricultura, pecu\u00e1ria, economia e previs\u00e3o do tempo:<\/em><a href=\"https:\/\/news.google.com\/publications\/CAAqBwgKMPKZlQswq_mqAw?hl=pt-BR&amp;gl=BR&amp;ceid=BR%3Apt-419\" target=\"_blank\" rel=\"noreferrer noopener\"><em>\u00a0siga o Canal Rural no Google News!<\/em><\/a><\/p>\n<p>Nos pr\u00f3ximos cinco dias, a previs\u00e3o \u00e9 de chuvas entre 30 a 40 mm, mas o acumulado pode superar os 200 mm ao longo da semana, especialmente nas \u00e1reas produtoras do centro do Rio Grande do Sul. Em locais como Cruz Alta, espera-se um ac\u00famulo superior a 200 mm at\u00e9 a segunda quinzena de setembro.<\/p>\n<\/div>\n<div>\n<p>Esse volume de chuva pode provocar alagamentos e deslizamentos de terra. Com a previs\u00e3o de temporais durante toda a semana, h\u00e1 risco de queda de \u00e1rvores e, consequentemente, de interrup\u00e7\u00e3o no fornecimento de energia. <\/p>\n<p>No entanto, a partir do dia 5, a temperatura come\u00e7a a cair, com m\u00ednimas chegando a 8\u00b0C, mas sem risco de geada. As temperaturas devem se manter dentro da m\u00e9dia para a \u00e9poca do ano,afirma Arthur.<\/p>\n<p><iframe title=\"Previs\u00e3o de chuva volumosa no Rio Grande do Sul a partir de domingo\" width=\"800\" height=\"450\" src=\"https:\/\/www.youtube.com\/embed\/0VOFqHqYkLY?feature=oembed\" frameborder=\"0\" allow=\"accelerometer; autoplay; clipboard-write; encrypted-media; gyroscope; picture-in-picture; web-share\" referrerpolicy=\"strict-origin-when-cross-origin\" allowfullscreen><\/iframe><noscript><iframe title=\"Previs\u00e3o de chuva volumosa no Rio Grande do Sul a partir de domingo\" width=\"800\" height=\"450\" src=\"https:\/\/www.youtube.com\/embed\/0VOFqHqYkLY?feature=oembed\" frameborder=\"0\" allow=\"accelerometer; autoplay; clipboard-write; encrypted-media; gyroscope; picture-in-picture; web-share\" referrerpolicy=\"strict-origin-when-cross-origin\" allowfullscreen><\/iframe><\/noscript><\/p>\n<p>Em contrapartida, as demais regi\u00f5es do pa\u00eds ter\u00e3o tempo mais firme. S\u00e3o Paulo e Tri\u00e2ngulo Mineiro ter\u00e3o dias secos, enquanto o Rio de Janeiro, Esp\u00edrito Santo e leste de Minas Gerais enfrentam chuvas. No Centro-Oeste, a chuva se concentra apenas no domingo (31) em Mato Grosso do Sul e nas \u00e1reas de fronteira de Mato Grosso com a Bol\u00edvia.<\/p>\n<p>Na Regi\u00e3o Norte, a previs\u00e3o \u00e9 de chuvas isoladas, com temperaturas que podem chegar a 37\u00b0C a 38\u00b0C no Matopiba e Rond\u00f4nia at\u00e9 o final de semana e o tempo segue firme tamb\u00e9m no Nordeste.<\/p>\n<div data-icp-cta=\"1\" id=\"icp-cta-unique\">Voc\u00ea quer entender como usar o clima a seu favor?<b> <\/b><a href=\"https:\/\/climacampo.canalrural.com.br\/climacampo_-01\">Preparamos um e-book exclusivo<\/a> para ajudar produtores rurais a se antecipar \u00e0s mudan\u00e7as do tempo e planejar melhor suas a\u00e7\u00f5es. Com base em previs\u00f5es meteorol\u00f3gicas confi\u00e1veis, ele oferece orienta\u00e7\u00f5es pr\u00e1ticas para proteger sua lavoura e otimizar seus resultados.<\/div>\n<\/div>\n<p><br \/>\n<br \/><a href=\"https:\/\/www.canalrural.com.br\/tempo\/ciclone-provoca-temporais-com-queda-de-granizo-e-ventos-fortes\/\">Source link <\/a><\/p>\n","protected":false},"excerpt":{"rendered":"<p>Um ciclone extratropical deve se formar na altura do Uruguai, trazendo temporais n\u00e3o s\u00f3 para o Rio Grande do Sul,<\/p>\n","protected":false},"author":1,"featured_media":12370,"comment_status":"open","ping_status":"open","sticky":false,"template":"","format":"standard","meta":{"_monsterinsights_skip_tracking":false,"_monsterinsights_sitenote_active":false,"_monsterinsights_sitenote_note":"","_monsterinsights_sitenote_category":0,"_uf_show_specific_survey":0,"_uf_disable_surveys":false,"footnotes":""},"categories":[1],"tags":[],"class_list":["post-19428","post","type-post","status-publish","format-standard","has-post-thumbnail","hentry","category-news"],"_links":{"self":[{"href":"https:\/\/agromt.news\/index.php?rest_route=\/wp\/v2\/posts\/19428"}],"collection":[{"href":"https:\/\/agromt.news\/index.php?rest_route=\/wp\/v2\/posts"}],"about":[{"href":"https:\/\/agromt.news\/index.php?rest_route=\/wp\/v2\/types\/post"}],"author":[{"embeddable":true,"href":"https:\/\/agromt.news\/index.php?rest_route=\/wp\/v2\/users\/1"}],"replies":[{"embeddable":true,"href":"https:\/\/agromt.news\/index.php?rest_route=%2Fwp%2Fv2%2Fcomments&post=19428"}],"version-history":[{"count":0,"href":"https:\/\/agromt.news\/index.php?rest_route=\/wp\/v2\/posts\/19428\/revisions"}],"wp:featuredmedia":[{"embeddable":true,"href":"https:\/\/agromt.news\/index.php?rest_route=\/wp\/v2\/media\/12370"}],"wp:attachment":[{"href":"https:\/\/agromt.news\/index.php?rest_route=%2Fwp%2Fv2%2Fmedia&parent=19428"}],"wp:term":[{"taxonomy":"category","embeddable":true,"href":"https:\/\/agromt.news\/index.php?rest_route=%2Fwp%2Fv2%2Fcategories&post=19428"},{"taxonomy":"post_tag","embeddable":true,"href":"https:\/\/agromt.news\/index.php?rest_route=%2Fwp%2Fv2%2Ftags&post=19428"}],"curies":[{"name":"wp","href":"https:\/\/api.w.org\/{rel}","templated":true}]}}