{"id":19424,"date":"2025-08-30T11:06:24","date_gmt":"2025-08-30T15:06:24","guid":{"rendered":"https:\/\/agromt.news\/?p=19424"},"modified":"2025-08-30T11:06:24","modified_gmt":"2025-08-30T15:06:24","slug":"preocupacao-com-as-tarifas-derruba-os-precos-do-cafe-no-fechamento-desta-4a","status":"publish","type":"post","link":"https:\/\/agromt.news\/?p=19424","title":{"rendered":"Preocupa\u00e7\u00e3o com as tarifas derruba os pre\u00e7os do caf\u00e9 no fechamento desta 4\u00aa&#8230;"},"content":{"rendered":"<p> <br \/>\n<\/p>\n<div>\n<p><img decoding=\"async\" alt=\"Logotipo Not&#xED;cias Agr&#xED;colas\" height=\"21\" src=\"https:\/\/cdn.noticiasagricolas.com.br\/dbimagens\/e12363a00741f9cc7caf23469101a4aa.png\" width=\"106\"\/><\/p>\n<p>O mercado cafeeiro fechou a sess\u00e3o desta quarta-feira (06) consolidando baixas nas bolsas internacionais. Segundo o Barchart, os pre\u00e7os do caf\u00e9 recuaram devido a preocupa\u00e7\u00f5es tarif\u00e1rias, j\u00e1 que o presidente Trump ainda n\u00e3o isentou o produto da tarifa de 50% sobre as exporta\u00e7\u00f5es brasileiras,\u00a0e isso pode prejudicar as vendas do Brasil para os EUA e aumentar os estoques brasileiros.<\/p>\n<p>De acordo com o Cepea, a tarifa adicional ainda n\u00e3o \u00e9 um fato consumado, e pode haver uma defini\u00e7\u00e3o mais clara nos pr\u00f3ximos dias.\u00a0A expectativa do setor \u00e9 refor\u00e7ada pela press\u00e3o exercida por empresas norte-americanas\u00a0interessadas na manuten\u00e7\u00e3o do suprimento regular de caf\u00e9s brasileiros, insumo essencial na composi\u00e7\u00e3o de blends industriais.\u00a0O Brasil \u00e9 respons\u00e1vel por fornecer cerca de 25% do caf\u00e9 importado pelos EUA e \u00e9 o principal fornecedor da variedade ar\u00e1bica,\u00a0insumo base para a ind\u00fastria local de torrefa\u00e7\u00e3o.<\/p>\n<p>Boletim do Escrit\u00f3rio Carvalhaes destaca que os fundamentos do mercado cafeeiro seguem tamb\u00e9m sustentando\u00a0a volatilidade dos futuros. Como os estoques est\u00e3o em n\u00edveis historicamente baixos, tanto nos pa\u00edses produtores\u00a0como nos consumidores, e o clima segue irregular, a imposi\u00e7\u00e3o desta tarifa ir\u00e1 desorganizar\u00a0o mercado internacional. &#8220;N\u00e3o existe caf\u00e9 sobrando em nenhum pa\u00eds produtor, e a compra pelos importadores americanos de grandes volumes em\u00a0outras origens n\u00e3o tarifadas em 50%, deslocar\u00e1 os importadores usuais desses caf\u00e9s que, por sua vez, ir\u00e3o procurar novos\u00a0fornecedores, desorganizando assim o mercado mundial. \u00c9 prov\u00e1vel que, mesmo com as taxas, os importadores americanos continuem comprando caf\u00e9s brasileiros\u00a0em bons volumes&#8221;, completou o documento.<\/p>\n<p>Informa\u00e7\u00f5es da Reuters apontam que o governo do Brasil avalia que n\u00e3o ter\u00e1 dificuldade em redirecionar as exporta\u00e7\u00f5es de caf\u00e9 ap\u00f3s as tarifas dos EUA,\u00a0enquanto a China aprovou 183 novas empresas brasileiras exportadoras de caf\u00e9. Por\u00e9m, os comerciantes expressaram d\u00favidas de que a China possa\u00a0compensar a perda das vendas brasileiras para os EUA.\u00a0<\/p>\n<p>Em NY, o ar\u00e1bica encerra o dia com baixa de 530 pontos no valor de 293,40 cents\/lbp no vencimento de setembro\/25, e uma queda de 450 pontos nos de\u00a0dezembro\/25 e mar\u00e7o\/26 negociado por 286,40 cents\/lbp e 278,85 cents\/lbp.\u00a0<\/p>\n<p>O robusta registra uma perda de US$ 18 no contrato de setembro\/25 no valor de US$ 3,394\/tonelada, um recuo de US$ 19 cotado por US$ 3,340\/tonelada no de\u00a0novembro\/25, e uma desvaloriza\u00e7\u00e3o de US$ 34 no valor de US$ 3,277\/tonelada no de janeiro\/26.<\/p>\n<p><strong>Mercado Interno<\/strong><\/p>\n<p>As \u00e1reas monitoradas pelo Not\u00edcias Agr\u00edcolas acompanharam as quedas de NY, e o Caf\u00e9 Ar\u00e1bica Tipo 6 registra baixa de 2,67% em Varginha\/MG no valor de R$ 1.820,00\/saca, um recuo de 2,17% negociado por R$ 1.805,00\/saca em Campos Gerais\/MG, e uma perda de 2,11% em Franca\/SP no valor de R$ 1.860,00\/saca. J\u00e1 o Cereja Descascado encerra com queda de 2,56% em Varginha\/MG cotado por R$ 1.900,00\/saca, e uma baixa de 0,44% em Po\u00e7os de Caldas\/MG no valor de R$ 2.260,00\/saca.\u00a0<\/p>\n<\/p><\/div>\n<p><script async defer src=\"https:\/\/connect.facebook.net\/en_US\/sdk.js\"><\/script><script>\n  !function(f,b,e,v,n,t,s)\n  {if(f.fbq)return;n=f.fbq=function(){n.callMethod?\n    n.callMethod.apply(n,arguments):n.queue.push(arguments)};\n    if(!f._fbq)f._fbq=n;n.push=n;n.loaded=!0;n.version='2.0';\n    n.queue=[];t=b.createElement(e);t.async=!0;\n    t.src=v;s=b.getElementsByTagName(e)[0];\n    s.parentNode.insertBefore(t,s)}(window, document,'script',\n    'https:\/\/connect.facebook.net\/en_US\/fbevents.js');\n  fbq('init', '153495679422335');\n  fbq('track', 'PageView');\n<\/script><br \/>\n<br \/><br \/>\n<br \/><a href=\"https:\/\/www.noticiasagricolas.com.br\/noticias\/cafe\/405341-preocupacao-com-as-tarifas-derruba-os-precos-do-cafe-no-fechamento-desta-4-feira-06.html\">Source link <\/a><\/p>\n","protected":false},"excerpt":{"rendered":"<p>O mercado cafeeiro fechou a sess\u00e3o desta quarta-feira (06) consolidando baixas nas bolsas internacionais. Segundo o Barchart, os pre\u00e7os do<\/p>\n","protected":false},"author":1,"featured_media":19425,"comment_status":"open","ping_status":"open","sticky":false,"template":"","format":"standard","meta":{"_monsterinsights_skip_tracking":false,"_monsterinsights_sitenote_active":false,"_monsterinsights_sitenote_note":"","_monsterinsights_sitenote_category":0,"_uf_show_specific_survey":0,"_uf_disable_surveys":false,"footnotes":""},"categories":[8,1,14,16],"tags":[],"class_list":["post-19424","post","type-post","status-publish","format-standard","has-post-thumbnail","hentry","category-agro","category-news","category-politica-agro","category-safra"],"_links":{"self":[{"href":"https:\/\/agromt.news\/index.php?rest_route=\/wp\/v2\/posts\/19424"}],"collection":[{"href":"https:\/\/agromt.news\/index.php?rest_route=\/wp\/v2\/posts"}],"about":[{"href":"https:\/\/agromt.news\/index.php?rest_route=\/wp\/v2\/types\/post"}],"author":[{"embeddable":true,"href":"https:\/\/agromt.news\/index.php?rest_route=\/wp\/v2\/users\/1"}],"replies":[{"embeddable":true,"href":"https:\/\/agromt.news\/index.php?rest_route=%2Fwp%2Fv2%2Fcomments&post=19424"}],"version-history":[{"count":0,"href":"https:\/\/agromt.news\/index.php?rest_route=\/wp\/v2\/posts\/19424\/revisions"}],"wp:featuredmedia":[{"embeddable":true,"href":"https:\/\/agromt.news\/index.php?rest_route=\/wp\/v2\/media\/19425"}],"wp:attachment":[{"href":"https:\/\/agromt.news\/index.php?rest_route=%2Fwp%2Fv2%2Fmedia&parent=19424"}],"wp:term":[{"taxonomy":"category","embeddable":true,"href":"https:\/\/agromt.news\/index.php?rest_route=%2Fwp%2Fv2%2Fcategories&post=19424"},{"taxonomy":"post_tag","embeddable":true,"href":"https:\/\/agromt.news\/index.php?rest_route=%2Fwp%2Fv2%2Ftags&post=19424"}],"curies":[{"name":"wp","href":"https:\/\/api.w.org\/{rel}","templated":true}]}}