{"id":19423,"date":"2025-08-30T10:42:03","date_gmt":"2025-08-30T14:42:03","guid":{"rendered":"https:\/\/agromt.news\/?p=19423"},"modified":"2025-08-30T10:42:03","modified_gmt":"2025-08-30T14:42:03","slug":"cana-responde-por-168-da-bioenergia-no-brasil","status":"publish","type":"post","link":"https:\/\/agromt.news\/?p=19423","title":{"rendered":"Cana responde por 16,8% da bioenergia no Brasil"},"content":{"rendered":"<p> <br \/>\n<\/p>\n<div>\n<div class=\"row\">\n<div class=\"col-lg col-infos mt-0 mt-lg-0\">\n<div class=\"section-sub-title\">\n<p itemprop=\"description\">&#13;<br \/>\n                                O cen\u00e1rio global refor\u00e7a a tend\u00eancia&#13;\n                            <\/p>\n<\/p><\/div>\n<div class=\"container\">\n<div class=\"row\">\n<div class=\"col-lg p-0\">\n<div>\n<div class=\"block-news-main-infos mt-3 text-start\">\n<p>                                            <strong class=\"fn\" itemprop=\"author\" style=\"color: rgb(112, 112, 112); \">&#13;<br \/>\n                                                <a href=\"https:\/\/www.agrolink.com.br\/noticias\/javascript:;\" class=\"text-uppercase\" target=\"_blank\" style=\"color: rgb(112, 112, 112); \" rel=\"noopener\">Agrolink<\/a>&#13;<br \/>\n&#13;<br \/>\n                                                    &#8211; Leonardo Gottems&#13;<br \/>\n&#13;<br \/>\n                                            <\/strong><br \/>\n                                        <\/p>\n<p>                                            <abbr><time datetime=\"2025-08-29T15:53\" itemprop=\"datePublished dateModified\">Publicado em 29\/08\/2025 \u00e0s 15:53h.<\/time><\/abbr><br \/>\n                                            <\/p><\/div>\n<\/p><\/div>\n<\/p><\/div>\n<div class=\"col-lg p-0 text-lg-end\">\n<div>\n<div id=\"mdEnviarPagina\" class=\"modal fade\" role=\"dialog\">\n<div class=\"modal-dialog\">\n<div class=\"modal-content\">\n<div class=\"modal-body\">\n<p><strong>Estimado usu\u00e1rio.<\/strong><br \/>Preencha o formul\u00e1rio abaixo para remeter a p\u00e1gina.<\/p>\n<\/p><\/div>\n<\/p><\/div>\n<\/p><\/div>\n<\/div><\/div>\n<\/p><\/div>\n<\/p><\/div>\n<\/p><\/div>\n<\/p><\/div>\n<\/p><\/div>\n<div class=\"row justify-content-md-center mt-3\">\n<div class=\"col-lg-auto col-image block-news-main-image\">\n<p>                                <img decoding=\"async\" src=\"https:\/\/www.agrolink.com.br\/upload\/imagens-resizes\/e4ee32da53ef4717808b32ed01bb2de9_858x483.jpg\" class=\"lazyload img-fluid\" alt=\"O cen\u00e1rio global refor\u00e7a a tend\u00eancia\"\/><br \/>\n                                                <span class=\"d-block mt-1\">O cen\u00e1rio global refor\u00e7a a tend\u00eancia &#8211; Foto: Canva<\/span><\/p><\/div>\n<\/p><\/div>\n<div class=\"section-description section-description-noticias mt-3\">\n<p>A bioenergia j\u00e1 representa quase 30% da matriz energ\u00e9tica brasileira, de acordo com dados do Observat\u00f3rio de Bioeconomia da FGV. Dentro desse cen\u00e1rio, a biomassa de <a href=\"https:\/\/www.agrolink.com.br\/culturas\/cana-de-acucar\/?utm_source=agrolink-detalhe-noticia&amp;utm_medium=detalhe-noticia&amp;utm_campaign=links-internos\" target=\"_blank\" rel=\"noopener\">cana-de-a\u00e7\u00facar<\/a> tem papel central, respondendo por 16,8% da oferta nacional. Proje\u00e7\u00f5es da Mobility Foresights indicam que o mercado brasileiro deve avan\u00e7ar de forma consistente, com taxa de crescimento anual entre 9% e 13% at\u00e9 2030, podendo movimentar de US$ 8 bilh\u00f5es a US$ 12 bilh\u00f5es at\u00e9 o fim da d\u00e9cada.&#13;\n<\/p>\n<p>Na Feira de Bioenergia 2025, realizada em Sert\u00e3ozinho (SP), o debate destacou a import\u00e2ncia da moderniza\u00e7\u00e3o tecnol\u00f3gica para garantir produtividade e seguran\u00e7a no setor. A expans\u00e3o da bioenergia no pa\u00eds depende da ado\u00e7\u00e3o de solu\u00e7\u00f5es que tornem as opera\u00e7\u00f5es mais eficientes e reduzam riscos em ambientes de alto potencial de acidentes, como os complexos sucroalcooleiros.<\/p>\n<p>A Trackfy apresentou sistemas de monitoramento que utilizam sensores em equipamentos de prote\u00e7\u00e3o, capazes de identificar a presen\u00e7a de trabalhadores, exposi\u00e7\u00e3o a riscos e sinais de fadiga em tempo real. Essa abordagem vem demonstrando resultados relevantes, com redu\u00e7\u00f5es expressivas em incidentes de seguran\u00e7a e ganhos de efici\u00eancia nas opera\u00e7\u00f5es, al\u00e9m de impactos positivos em custos e cronogramas de projetos.&#13;\n<\/p>\n<p>O cen\u00e1rio global refor\u00e7a a tend\u00eancia. Segundo a International Energy Agency (IEA), a bioenergia moderna responde por 6% da oferta mundial de energia, correspondendo a mais da metade de toda a energia renov\u00e1vel utilizada atualmente. Embora sua participa\u00e7\u00e3o na gera\u00e7\u00e3o el\u00e9trica seja limitada, pa\u00edses que investem em sistemas avan\u00e7ados de cogera\u00e7\u00e3o j\u00e1 ultrapassam 15% de utiliza\u00e7\u00e3o, sinalizando o potencial do setor tamb\u00e9m no Brasil.<br \/>&#13;<br \/>\n\u00a0<\/p>\n<\/p><\/div>\n<\/p><\/div>\n<p><script data-cfasync=\"false\">\n    !function (f, b, e, v, n, t, s) {\n        if (f.fbq) return; n = f.fbq = function () {\n            n.callMethod ?\n                n.callMethod.apply(n, arguments) : n.queue.push(arguments)\n        };\n        if (!f._fbq) f._fbq = n; n.push = n; n.loaded = !0; n.version = '2.0';\n        n.queue = []; t = b.createElement(e); t.async = !0;\n        t.src = v; s = b.getElementsByTagName(e)[0];\n        s.parentNode.insertBefore(t, s)\n    }(window, document, 'script',\n        'https:\/\/connect.facebook.net\/en_US\/fbevents.js');\n    fbq('init', '522546078623747');\n    fbq('track', 'PageView');\n<\/script><br \/>\n<br \/><br \/>\n<br \/><a href=\"https:\/\/www.agrolink.com.br\/noticias\/cana-responde-por-16-8--da-bioenergia-no-brasil_505458.html\">Source link <\/a><\/p>\n","protected":false},"excerpt":{"rendered":"<p>&#13; O cen\u00e1rio global refor\u00e7a a tend\u00eancia&#13; &#13; Agrolink&#13; &#13; &#8211; Leonardo Gottems&#13; &#13; Publicado em 29\/08\/2025 \u00e0s 15:53h. Estimado<\/p>\n","protected":false},"author":1,"featured_media":9498,"comment_status":"open","ping_status":"open","sticky":false,"template":"","format":"standard","meta":{"_monsterinsights_skip_tracking":false,"_monsterinsights_sitenote_active":false,"_monsterinsights_sitenote_note":"","_monsterinsights_sitenote_category":0,"_uf_show_specific_survey":0,"_uf_disable_surveys":false,"footnotes":""},"categories":[8,1,14],"tags":[],"class_list":["post-19423","post","type-post","status-publish","format-standard","has-post-thumbnail","hentry","category-agro","category-news","category-politica-agro"],"_links":{"self":[{"href":"https:\/\/agromt.news\/index.php?rest_route=\/wp\/v2\/posts\/19423"}],"collection":[{"href":"https:\/\/agromt.news\/index.php?rest_route=\/wp\/v2\/posts"}],"about":[{"href":"https:\/\/agromt.news\/index.php?rest_route=\/wp\/v2\/types\/post"}],"author":[{"embeddable":true,"href":"https:\/\/agromt.news\/index.php?rest_route=\/wp\/v2\/users\/1"}],"replies":[{"embeddable":true,"href":"https:\/\/agromt.news\/index.php?rest_route=%2Fwp%2Fv2%2Fcomments&post=19423"}],"version-history":[{"count":0,"href":"https:\/\/agromt.news\/index.php?rest_route=\/wp\/v2\/posts\/19423\/revisions"}],"wp:featuredmedia":[{"embeddable":true,"href":"https:\/\/agromt.news\/index.php?rest_route=\/wp\/v2\/media\/9498"}],"wp:attachment":[{"href":"https:\/\/agromt.news\/index.php?rest_route=%2Fwp%2Fv2%2Fmedia&parent=19423"}],"wp:term":[{"taxonomy":"category","embeddable":true,"href":"https:\/\/agromt.news\/index.php?rest_route=%2Fwp%2Fv2%2Fcategories&post=19423"},{"taxonomy":"post_tag","embeddable":true,"href":"https:\/\/agromt.news\/index.php?rest_route=%2Fwp%2Fv2%2Ftags&post=19423"}],"curies":[{"name":"wp","href":"https:\/\/api.w.org\/{rel}","templated":true}]}}