{"id":19420,"date":"2025-08-30T06:48:48","date_gmt":"2025-08-30T10:48:48","guid":{"rendered":"https:\/\/agromt.news\/?p=19420"},"modified":"2025-08-30T06:48:48","modified_gmt":"2025-08-30T10:48:48","slug":"controle-biologico-ganha-espaco-contra-nematoides","status":"publish","type":"post","link":"https:\/\/agromt.news\/?p=19420","title":{"rendered":"Controle biol\u00f3gico ganha espa\u00e7o contra nematoides"},"content":{"rendered":"<p> <br \/>\n<\/p>\n<div>\n<div class=\"row\">\n<div class=\"col-lg col-infos mt-0 mt-lg-0\">\n<div class=\"section-sub-title\">\n<p itemprop=\"description\">&#13;<br \/>\n                                Nematoides reduzem vigor e rentabilidade das lavouras&#13;\n                            <\/p>\n<\/p><\/div>\n<div class=\"container\">\n<div class=\"row\">\n<div class=\"col-lg p-0\">\n<div>\n<div class=\"block-news-main-infos mt-3 text-start\">\n<p>                                            <strong class=\"fn\" itemprop=\"author\" style=\"color: rgb(112, 112, 112); \">&#13;<br \/>\n                                                <a href=\"https:\/\/www.agrolink.com.br\/noticias\/javascript:;\" class=\"text-uppercase\" target=\"_blank\" style=\"color: rgb(112, 112, 112); \" rel=\"noopener\">Agrolink<\/a>&#13;<br \/>\n&#13;<br \/>\n                                                    &#8211; Seane Lennon&#13;<br \/>\n&#13;<br \/>\n                                            <\/strong><br \/>\n                                        <\/p>\n<p>                                            <abbr><time datetime=\"2025-08-29T16:19\" itemprop=\"datePublished dateModified\">Publicado em 29\/08\/2025 \u00e0s 16:19h.<\/time><\/abbr><br \/>\n                                            <\/p><\/div>\n<\/p><\/div>\n<\/p><\/div>\n<div class=\"col-lg p-0 text-lg-end\">\n<div>\n<div id=\"mdEnviarPagina\" class=\"modal fade\" role=\"dialog\">\n<div class=\"modal-dialog\">\n<div class=\"modal-content\">\n<div class=\"modal-body\">\n<p><strong>Estimado usu\u00e1rio.<\/strong><br \/>Preencha o formul\u00e1rio abaixo para remeter a p\u00e1gina.<\/p>\n<\/p><\/div>\n<\/p><\/div>\n<\/p><\/div>\n<\/div><\/div>\n<\/p><\/div>\n<\/p><\/div>\n<\/p><\/div>\n<\/p><\/div>\n<\/p><\/div>\n<div class=\"row justify-content-md-center mt-3\">\n<div class=\"col-lg-auto col-image block-news-main-image\">\n<p>                                <img decoding=\"async\" src=\"https:\/\/www.agrolink.com.br\/upload\/imagens-resizes\/6137fddc73f04234934b1674b0334b40_858x483.jpg\" class=\"lazyload img-fluid\"\/><br \/>\n                                                <span class=\"publicity-photo d-block mt-1\">Foto: Divulga\u00e7\u00e3o<\/span><\/p><\/div>\n<\/p><\/div>\n<div class=\"section-description section-description-noticias mt-3\">\n<p style=\"text-align:justify\">Nematoides parasitas do solo seguem como um dos principais fatores de perda de produtividade em diversas culturas agr\u00edcolas no Brasil. Esses organismos atacam as ra\u00edzes das plantas, provocando les\u00f5es que reduzem a absor\u00e7\u00e3o de \u00e1gua e nutrientes. O impacto \u00e9 observado em lavouras menos vigorosas, mais suscet\u00edveis a doen\u00e7as e com menor rentabilidade por hectare.&#13;\n<\/p>\n<p style=\"text-align:justify\">Na <a href=\"https:\/\/www.agrolink.com.br\/culturas\/cana-de-acucar\/?utm_source=agrolink-detalhe-noticia&amp;utm_medium=detalhe-noticia&amp;utm_campaign=links-internos\" target=\"_blank\" rel=\"noopener\">cana-de-a\u00e7\u00facar<\/a>, os danos s\u00e3o ainda mais expressivos. Al\u00e9m de diminuir a longevidade do canavial, os parasitas exigem reformas antecipadas e elevam os custos de produ\u00e7\u00e3o. Estimativa da Sociedade Brasileira de Nematologia (2022) aponta que as perdas econ\u00f4micas chegam a R$ 35 bilh\u00f5es por ano, com quedas de produtividade que variam entre 10% e 30%, conforme a cultura.<\/p>\n<p style=\"text-align:justify\">Nesse contexto, pr\u00e1ticas de manejo sustent\u00e1vel t\u00eam se destacado, especialmente com o uso de microrganismos que auxiliam no controle dos nematoides. Uma das alternativas \u00e9 o Bionematicida Fazen, lan\u00e7ado pela Allterra. O produto \u00e9 composto por duas bact\u00e9rias \u2014 Bacillus subtilis e Bacillus licheniformis \u2014 e um fungo, Purpureocillium lilacinum.&#13;\n<\/p>\n<p style=\"text-align:justify\">Segundo a empresa, o diferencial est\u00e1 no modo de a\u00e7\u00e3o m\u00faltiplo, que permite atingir o parasita em todas as fases do ciclo de vida. Essa caracter\u00edstica \u00e9 essencial em \u00e1reas onde a praga j\u00e1 est\u00e1 estabelecida. Outro aspecto apontado \u00e9 a formula\u00e7\u00e3o, desenvolvida para diferentes usos. O produto pode ser aplicado no tratamento de sementes, sulco de plantio ou via drench, sem necessidade de refrigera\u00e7\u00e3o. Classificado na categoria toxicol\u00f3gica 5, \u00e9 considerado seguro e se integra ao manejo integrado de pragas.<\/p>\n<p style=\"text-align:justify\">Solu\u00e7\u00f5es biol\u00f3gicas como essa contribuem para o controle mais eficiente dos nematoides e para a melhoria da sa\u00fade do solo, fatores determinantes para a manuten\u00e7\u00e3o da produtividade agr\u00edcola com menor impacto ambiental.<\/p>\n<\/p><\/div>\n<\/p><\/div>\n<p><script data-cfasync=\"false\">\n    !function (f, b, e, v, n, t, s) {\n        if (f.fbq) return; n = f.fbq = function () {\n            n.callMethod ?\n                n.callMethod.apply(n, arguments) : n.queue.push(arguments)\n        };\n        if (!f._fbq) f._fbq = n; n.push = n; n.loaded = !0; n.version = '2.0';\n        n.queue = []; t = b.createElement(e); t.async = !0;\n        t.src = v; s = b.getElementsByTagName(e)[0];\n        s.parentNode.insertBefore(t, s)\n    }(window, document, 'script',\n        'https:\/\/connect.facebook.net\/en_US\/fbevents.js');\n    fbq('init', '522546078623747');\n    fbq('track', 'PageView');\n<\/script><br \/>\n<br \/><br \/>\n<br \/><a href=\"https:\/\/www.agrolink.com.br\/noticias\/controle-biologico-ganha-espaco-contra-nematoides_505460.html\">Source link <\/a><\/p>\n","protected":false},"excerpt":{"rendered":"<p>&#13; Nematoides reduzem vigor e rentabilidade das lavouras&#13; &#13; Agrolink&#13; &#13; &#8211; Seane Lennon&#13; &#13; Publicado em 29\/08\/2025 \u00e0s 16:19h.<\/p>\n","protected":false},"author":1,"featured_media":19421,"comment_status":"open","ping_status":"open","sticky":false,"template":"","format":"standard","meta":{"_monsterinsights_skip_tracking":false,"_monsterinsights_sitenote_active":false,"_monsterinsights_sitenote_note":"","_monsterinsights_sitenote_category":0,"_uf_show_specific_survey":0,"_uf_disable_surveys":false,"footnotes":""},"categories":[8,1,14],"tags":[],"class_list":["post-19420","post","type-post","status-publish","format-standard","has-post-thumbnail","hentry","category-agro","category-news","category-politica-agro"],"_links":{"self":[{"href":"https:\/\/agromt.news\/index.php?rest_route=\/wp\/v2\/posts\/19420"}],"collection":[{"href":"https:\/\/agromt.news\/index.php?rest_route=\/wp\/v2\/posts"}],"about":[{"href":"https:\/\/agromt.news\/index.php?rest_route=\/wp\/v2\/types\/post"}],"author":[{"embeddable":true,"href":"https:\/\/agromt.news\/index.php?rest_route=\/wp\/v2\/users\/1"}],"replies":[{"embeddable":true,"href":"https:\/\/agromt.news\/index.php?rest_route=%2Fwp%2Fv2%2Fcomments&post=19420"}],"version-history":[{"count":0,"href":"https:\/\/agromt.news\/index.php?rest_route=\/wp\/v2\/posts\/19420\/revisions"}],"wp:featuredmedia":[{"embeddable":true,"href":"https:\/\/agromt.news\/index.php?rest_route=\/wp\/v2\/media\/19421"}],"wp:attachment":[{"href":"https:\/\/agromt.news\/index.php?rest_route=%2Fwp%2Fv2%2Fmedia&parent=19420"}],"wp:term":[{"taxonomy":"category","embeddable":true,"href":"https:\/\/agromt.news\/index.php?rest_route=%2Fwp%2Fv2%2Fcategories&post=19420"},{"taxonomy":"post_tag","embeddable":true,"href":"https:\/\/agromt.news\/index.php?rest_route=%2Fwp%2Fv2%2Ftags&post=19420"}],"curies":[{"name":"wp","href":"https:\/\/api.w.org\/{rel}","templated":true}]}}