{"id":19418,"date":"2025-08-30T02:55:39","date_gmt":"2025-08-30T06:55:39","guid":{"rendered":"https:\/\/agromt.news\/?p=19418"},"modified":"2025-08-30T02:55:39","modified_gmt":"2025-08-30T06:55:39","slug":"ourofino-saude-animal-apresenta-novas-tecnologias-para-os-produtores-na-expointer-2025","status":"publish","type":"post","link":"https:\/\/agromt.news\/?p=19418","title":{"rendered":"Ourofino Sa\u00fade Animal apresenta novas tecnologias para os produtores na Expointer 2025"},"content":{"rendered":"<p> <br \/>\n<\/p>\n<div>\n<p style=\"text-align:justify\">A Ourofino Sa\u00fade Animal j\u00e1 est\u00e1 pronta para receber produtores e parceiros na Expointer 2025, que acontece de 30 de agosto a 7 de setembro, em Esteio\/RS. No evento, um dos maiores encontros do agro da Am\u00e9rica Latina, a empresa leva seu time de especialistas e solu\u00e7\u00f5es pensadas para o dia a dia no campo, refor\u00e7ando o objetivo de estar ao lado de quem faz a pecu\u00e1ria acontecer todos os dias, com novas tecnologias e produtos inovadores pensados no bem-estar animal e na produtividade.&#13;\n<\/p>\n<p style=\"text-align:justify\">Uma das principais atra\u00e7\u00f5es ser\u00e1 a inaugura\u00e7\u00e3o da nova Casa Ourofino Sa\u00fade Animal na Expointer. O espa\u00e7o oficial da empresa foi totalmente reformado para oferecer mais conforto e comodidade a clientes, parceiros e profissionais do setor. A cerim\u00f4nia que marcar\u00e1 a abertura do local ocorrer\u00e1 no dia 2 de setembro, \u00e0s 10h, com a presen\u00e7a de autoridades, convidados e diretores da companhia.<\/p>\n<p style=\"text-align:justify\">Al\u00e9m disso, a feira tamb\u00e9m ser\u00e1 palco para o lan\u00e7amento do Nexlaner\u00ae. O novo produto da companhia \u00e9 um ectoparasiticida, \u00e0 base de Fluralaner, indicado para bovinos. Sua formula\u00e7\u00e3o atua por contato e de forma sist\u00eamica, com dosagem que traz mais conforto, seguran\u00e7a para espalhar o volume no dorso do animal durante a aplica\u00e7\u00e3o e mais versatilidade para o pecuarista no manejo dos lotes.<\/p>\n<p style=\"text-align:justify\">O Nexlaner\u00ae refor\u00e7a o portf\u00f3lio da empresa no controle estrat\u00e9gico dos ectoparasitas, como carrapatos, bernes, mi\u00edases e moscas-dos-chifres, reafirmando o compromisso da Ourofino Sa\u00fade Animal com a produtividade, efici\u00eancia, rentabilidade e bem-estar animal.&#13;\n<\/p>\n<p style=\"text-align:justify\">Valoriza\u00e7\u00e3o do consumo de leite e derivados<\/p>\n<p style=\"text-align:justify\">Durante a Expointer 2025, a Ourofino Sa\u00fade Animal tamb\u00e9m promover\u00e1 o Milk Day, uma iniciativa realizada em parceria com o movimento Beba Mais Leite, com o objetivo de valorizar o consumo de leite e derivados, al\u00e9m de destacar os benef\u00edcios desses produtos para a sociedade.<\/p>\n<p style=\"text-align:justify\">O evento acontece no dia 04 de setembro, \u00e0s 9h30, e contar\u00e1 com um caf\u00e9 da manh\u00e3 especial com variedade de produtos l\u00e1cteos, bate-papo sobre a cadeia produtiva com convidados especiais, pintura ao vivo e a entrega de quadros exclusivos do artista pl\u00e1stico Emanuel Santana a clientes.<\/p>\n<p style=\"text-align:justify\">Durante toda a feira, o time de especialistas da empresa apresentar\u00e1 aos produtores e convidados o Boostin\u00ae, solu\u00e7\u00e3o inovadora que passou a<\/p>\n<p style=\"text-align:justify\">integrar o portf\u00f3lio da companhia neste ano. Com formula\u00e7\u00e3o \u00e0 base de somatotropina bovina recombinante, o produto foi desenvolvido para vacas em lacta\u00e7\u00e3o, promovendo ajustes metab\u00f3licos que priorizam a fun\u00e7\u00e3o secretora da gl\u00e2ndula mam\u00e1ria e aumentam a efici\u00eancia no aproveitamento dos nutrientes, elevando de forma consistente a produ\u00e7\u00e3o de leite.&#13;\n<\/p>\n<p style=\"text-align:justify\">Outro destaque ser\u00e1 o Sellat\u00ae, selante intramam\u00e1rio da Ourofino. O produto atua como uma barreira mec\u00e2nica no canal do teto, impedindo a entrada de microrganismos causadores de mastite durante o per\u00edodo seco e desempenhando um papel essencial na preven\u00e7\u00e3o de novas infec\u00e7\u00f5es intramam\u00e1rias. Ao proteger a gl\u00e2ndula mam\u00e1ria, o Sellat\u00ae contribui diretamente para maior efici\u00eancia produtiva e melhor qualidade do leite.<\/p>\n<p style=\"text-align:justify\">O principal objetivo da Ourofino Sa\u00fade Animal no evento \u00e9 oferecer um espa\u00e7o para debater a inova\u00e7\u00e3o no setor leiteiro e mostrar como a tecnologia pode gerar benef\u00edcios para todo o setor, apresentando solu\u00e7\u00f5es como o Boostin\u00ae, Sellat\u00ae e outras novidades.<\/p>\n<\/p><\/div>\n<p><script data-cfasync=\"false\">\n    !function (f, b, e, v, n, t, s) {\n        if (f.fbq) return; n = f.fbq = function () {\n            n.callMethod ?\n                n.callMethod.apply(n, arguments) : n.queue.push(arguments)\n        };\n        if (!f._fbq) f._fbq = n; n.push = n; n.loaded = !0; n.version = '2.0';\n        n.queue = []; t = b.createElement(e); t.async = !0;\n        t.src = v; s = b.getElementsByTagName(e)[0];\n        s.parentNode.insertBefore(t, s)\n    }(window, document, 'script',\n        'https:\/\/connect.facebook.net\/en_US\/fbevents.js');\n    fbq('init', '522546078623747');\n    fbq('track', 'PageView');\n<\/script><br \/>\n<br \/><br \/>\n<br \/><a href=\"https:\/\/www.agrolink.com.br\/noticias\/ourofino-saude-animal-apresenta-novas-tecnologias-para-os-produtores-na-expointer-2025_505462.html\">Source link <\/a><\/p>\n","protected":false},"excerpt":{"rendered":"<p>A Ourofino Sa\u00fade Animal j\u00e1 est\u00e1 pronta para receber produtores e parceiros na Expointer 2025, que acontece de 30 de<\/p>\n","protected":false},"author":1,"featured_media":6994,"comment_status":"open","ping_status":"open","sticky":false,"template":"","format":"standard","meta":{"_monsterinsights_skip_tracking":false,"_monsterinsights_sitenote_active":false,"_monsterinsights_sitenote_note":"","_monsterinsights_sitenote_category":0,"_uf_show_specific_survey":0,"_uf_disable_surveys":false,"footnotes":""},"categories":[8,1,14],"tags":[],"class_list":["post-19418","post","type-post","status-publish","format-standard","has-post-thumbnail","hentry","category-agro","category-news","category-politica-agro"],"_links":{"self":[{"href":"https:\/\/agromt.news\/index.php?rest_route=\/wp\/v2\/posts\/19418"}],"collection":[{"href":"https:\/\/agromt.news\/index.php?rest_route=\/wp\/v2\/posts"}],"about":[{"href":"https:\/\/agromt.news\/index.php?rest_route=\/wp\/v2\/types\/post"}],"author":[{"embeddable":true,"href":"https:\/\/agromt.news\/index.php?rest_route=\/wp\/v2\/users\/1"}],"replies":[{"embeddable":true,"href":"https:\/\/agromt.news\/index.php?rest_route=%2Fwp%2Fv2%2Fcomments&post=19418"}],"version-history":[{"count":0,"href":"https:\/\/agromt.news\/index.php?rest_route=\/wp\/v2\/posts\/19418\/revisions"}],"wp:featuredmedia":[{"embeddable":true,"href":"https:\/\/agromt.news\/index.php?rest_route=\/wp\/v2\/media\/6994"}],"wp:attachment":[{"href":"https:\/\/agromt.news\/index.php?rest_route=%2Fwp%2Fv2%2Fmedia&parent=19418"}],"wp:term":[{"taxonomy":"category","embeddable":true,"href":"https:\/\/agromt.news\/index.php?rest_route=%2Fwp%2Fv2%2Fcategories&post=19418"},{"taxonomy":"post_tag","embeddable":true,"href":"https:\/\/agromt.news\/index.php?rest_route=%2Fwp%2Fv2%2Ftags&post=19418"}],"curies":[{"name":"wp","href":"https:\/\/api.w.org\/{rel}","templated":true}]}}