{"id":19416,"date":"2025-08-30T00:59:47","date_gmt":"2025-08-30T04:59:47","guid":{"rendered":"https:\/\/agromt.news\/?p=19416"},"modified":"2025-08-30T00:59:47","modified_gmt":"2025-08-30T04:59:47","slug":"cdr-vota-anistia-a-dividas-de-produtores-de-cacau-da-bahia","status":"publish","type":"post","link":"https:\/\/agromt.news\/?p=19416","title":{"rendered":"CDR vota anistia a d\u00edvidas de produtores de cacau da Bahia"},"content":{"rendered":"<p> <br \/>\n<\/p>\n<div>\n<p style=\"text-align:justify\">A Comiss\u00e3o de Desenvolvimento Regional (CDR) tem reuni\u00e3o agendada para a ter\u00e7a-feira (2) com nove itens na pauta. A comiss\u00e3o deve votar o projeto que d\u00e1 anistia para produtores de cacau endividados. O voto do relator do PL 479\/2024, o senador Chico Rodrigues (PSB-RR), \u00e9 favor\u00e1vel \u00e0 aprova\u00e7\u00e3o.&#13;\n<\/p>\n<p style=\"text-align:justify\">O projeto, do senador Angelo Coronel (PSD-BA), estabelece o programa Renova Cacau, que concede anistia total \u00e0s d\u00edvidas contra\u00eddas pelos cacauicultores da Bahia em um programa anterior de incentivo ao setor. O programa tamb\u00e9m tem como objetivos o fortalecimento dos \u00f3rg\u00e3os t\u00e9cnicos que d\u00e3o suporte aos produtores e a reestrutura\u00e7\u00e3o econ\u00f4mica do setor.<\/p>\n<p style=\"text-align:justify\">O projeto anistia totalmente as d\u00edvidas de opera\u00e7\u00f5es de cr\u00e9dito rural do programa anterior contratadas junto a institui\u00e7\u00f5es financeiras federais e estaduais para o combate \u00e0 doen\u00e7a vassoura-de-bruxa. Ser\u00e3o anistiados inclusive juros e taxas extras.<\/p>\n<p style=\"text-align:justify\">De acordo com o autor, a crise na produ\u00e7\u00e3o de cacau na Bahia tem mais de 30 anos e foi agravada por omiss\u00f5es e a\u00e7\u00f5es equivocadas do governo. A situa\u00e7\u00e3o, segundo ele, levou \u00e0 extin\u00e7\u00e3o de empregos e afetou a economia de cerca de 100 munic\u00edpios.\u00a0<\/p>\n<p style=\"text-align:justify\">Para o relator, senador Chico Rodrigues (PSB-RR), a d\u00edvida dos cacauicultores tornou-se &#8220;impag\u00e1vel e injusta&#8221;. Depois da CDR, o texto segue para exame da Comiss\u00e3o de Assuntos Econ\u00f4micos (CAE).<\/p>\n<p style=\"text-align:justify\">Tamb\u00e9m est\u00e1 na pauta o PL 2.932\/2024, que oficializa a Rota Tur\u00edstica dos Len\u00e7\u00f3is Maranhenses e Delta, nos munic\u00edpios de Barreirinhas, Humberto de Campos, Paulino Neves, Primeira Cruz, Santo Amaro do Maranh\u00e3o, Araioses, \u00c1gua Doce do Maranh\u00e3o, Urbano Santos e Tut\u00f3ia, no estado do Maranh\u00e3o.<\/p>\n<p style=\"text-align:justify\">A rota ter\u00e1 como objetivos desenvolver o potencial tur\u00edstico regional e local, fomentar o empreendedorismo e a inova\u00e7\u00e3o das atividades tur\u00edsticas, fortalecer e fomentar os setores ligados ao turismo, promover o crescimento econ\u00f4mico local, sustent\u00e1vel e inclusivo e valorizar os atrativos naturais e culturais. A relatora \u00e9 a senadora Professora Dorinha Seabra (Uni\u00e3o-TO), presidente da CDR, que j\u00e1 votou pela aprova\u00e7\u00e3o.&#13;\n<\/p>\n<p style=\"text-align:justify\">O projeto \u00e9 da senadora Ana Paula Lobato (PDT-MA), que classifica a regi\u00e3o dos Len\u00e7\u00f3is como um \u201cpara\u00edso escondido no Nordeste do Brasil\u201d. Ela explica que os Len\u00e7\u00f3is Maranhenses s\u00e3o um dos principais destinos tur\u00edsticos do Maranh\u00e3o. Criado em 1981, o Parque Nacional dos Len\u00e7\u00f3is Maranhenses tem \u00e1rea de mais de 150 mil hectares e est\u00e1 concorrendo ao t\u00edtulo de Patrim\u00f4nio Natural da Humanidade, segundo a senadora.<\/p>\n<p style=\"text-align:justify\">\u201cA regi\u00e3o dos Len\u00e7\u00f3is Maranhenses \u00e9 ainda maior que o Parque Nacional. As dunas \u2013 comuns nessa regi\u00e3o do pa\u00eds \u2013 s\u00e3o formadas pela for\u00e7a dos ventos, que criam uma paisagem \u00fanica e alteram constantemente sua apar\u00eancia. Nesse \u2018deserto\u2019 gigante \u00e9 poss\u00edvel encontrar lagoas formadas pelo ac\u00famulo de \u00e1gua das chuvas. Os Len\u00e7\u00f3is Maranhenses s\u00e3o considerados uma forma\u00e7\u00e3o geol\u00f3gica rara no planeta, apresentando um ecossistema \u00fanico e riqu\u00edssimo. As dunas chegam do litoral adentrando em at\u00e9 25 km da costa. As in\u00fameras e l\u00edmpidas lagoas se formam com as chuvas do per\u00edodo chuvoso que vai de dezembro at\u00e9 abril\u201d, descreve a senadora.<\/p>\n<p style=\"text-align:justify\">Tamb\u00e9m podem ser votados os projetos da inclus\u00e3o do evento Pingo da Mei Dia, que ocorre em\u00a0Mossor\u00f3 no Rio Grande do Norte,\u00a0no calend\u00e1rio tur\u00edstico oficial do pa\u00eds (PL 3.035\/2023); da extens\u00e3o da \u00e1rea de atua\u00e7\u00e3o da Companhia de Desenvolvimento do Vale do S\u00e3o Francisco (Codevasf) para a bacia do Rio Poti (PL 2.117\/2023); e o que flexibiliza as medidas da faixa n\u00e3o edific\u00e1vel ao longo das ferrovias (PL 4.042\/2020).&#13;\n<\/p>\n<p style=\"text-align:justify\">Ag\u00eancia Senado (Reprodu\u00e7\u00e3o autorizada mediante cita\u00e7\u00e3o da Ag\u00eancia Senado)<\/p>\n<\/p><\/div>\n<p><script data-cfasync=\"false\">\n    !function (f, b, e, v, n, t, s) {\n        if (f.fbq) return; n = f.fbq = function () {\n            n.callMethod ?\n                n.callMethod.apply(n, arguments) : n.queue.push(arguments)\n        };\n        if (!f._fbq) f._fbq = n; n.push = n; n.loaded = !0; n.version = '2.0';\n        n.queue = []; t = b.createElement(e); t.async = !0;\n        t.src = v; s = b.getElementsByTagName(e)[0];\n        s.parentNode.insertBefore(t, s)\n    }(window, document, 'script',\n        'https:\/\/connect.facebook.net\/en_US\/fbevents.js');\n    fbq('init', '522546078623747');\n    fbq('track', 'PageView');\n<\/script><br \/>\n<br \/><br \/>\n<br \/><a href=\"https:\/\/www.agrolink.com.br\/noticias\/cdr-deve-votar-anistia-aos-produtores-de-cacau-afetados-pela-vassoura-de-bruxa_505463.html\">Source link <\/a><\/p>\n","protected":false},"excerpt":{"rendered":"<p>A Comiss\u00e3o de Desenvolvimento Regional (CDR) tem reuni\u00e3o agendada para a ter\u00e7a-feira (2) com nove itens na pauta. A comiss\u00e3o<\/p>\n","protected":false},"author":1,"featured_media":19417,"comment_status":"open","ping_status":"open","sticky":false,"template":"","format":"standard","meta":{"_monsterinsights_skip_tracking":false,"_monsterinsights_sitenote_active":false,"_monsterinsights_sitenote_note":"","_monsterinsights_sitenote_category":0,"_uf_show_specific_survey":0,"_uf_disable_surveys":false,"footnotes":""},"categories":[8,1,14],"tags":[],"class_list":["post-19416","post","type-post","status-publish","format-standard","has-post-thumbnail","hentry","category-agro","category-news","category-politica-agro"],"_links":{"self":[{"href":"https:\/\/agromt.news\/index.php?rest_route=\/wp\/v2\/posts\/19416"}],"collection":[{"href":"https:\/\/agromt.news\/index.php?rest_route=\/wp\/v2\/posts"}],"about":[{"href":"https:\/\/agromt.news\/index.php?rest_route=\/wp\/v2\/types\/post"}],"author":[{"embeddable":true,"href":"https:\/\/agromt.news\/index.php?rest_route=\/wp\/v2\/users\/1"}],"replies":[{"embeddable":true,"href":"https:\/\/agromt.news\/index.php?rest_route=%2Fwp%2Fv2%2Fcomments&post=19416"}],"version-history":[{"count":0,"href":"https:\/\/agromt.news\/index.php?rest_route=\/wp\/v2\/posts\/19416\/revisions"}],"wp:featuredmedia":[{"embeddable":true,"href":"https:\/\/agromt.news\/index.php?rest_route=\/wp\/v2\/media\/19417"}],"wp:attachment":[{"href":"https:\/\/agromt.news\/index.php?rest_route=%2Fwp%2Fv2%2Fmedia&parent=19416"}],"wp:term":[{"taxonomy":"category","embeddable":true,"href":"https:\/\/agromt.news\/index.php?rest_route=%2Fwp%2Fv2%2Fcategories&post=19416"},{"taxonomy":"post_tag","embeddable":true,"href":"https:\/\/agromt.news\/index.php?rest_route=%2Fwp%2Fv2%2Ftags&post=19416"}],"curies":[{"name":"wp","href":"https:\/\/api.w.org\/{rel}","templated":true}]}}