{"id":19415,"date":"2025-08-29T23:03:41","date_gmt":"2025-08-30T03:03:41","guid":{"rendered":"https:\/\/agromt.news\/?p=19415"},"modified":"2025-08-29T23:03:41","modified_gmt":"2025-08-30T03:03:41","slug":"demanda-por-transporte-cresce-com-colheita-no-oeste-baiano","status":"publish","type":"post","link":"https:\/\/agromt.news\/?p=19415","title":{"rendered":"Demanda por transporte cresce com colheita no Oeste baiano"},"content":{"rendered":"<p> <br \/>\n<\/p>\n<div>\n<p style=\"text-align:justify\">Segundo an\u00e1lise da Central Internacional de An\u00e1lises Econ\u00f4micas e de Estudos de Mercado Agropecu\u00e1rio (Ceema), referente ao per\u00edodo de 22 a 28 de agosto, e do Boletim Log\u00edstico de agosto da Companhia Nacional de Abastecimento (Conab), publicado nesta sexta-feira (29), os valores de frete na Bahia apresentaram oscila\u00e7\u00f5es de acordo com a regi\u00e3o produtora de gr\u00e3os.&#13;\n<\/p>\n<p style=\"text-align:justify\">Em Lu\u00eds Eduardo Magalh\u00e3es, a demanda por transporte de <a href=\"https:\/\/www.agrolink.com.br\/culturas\/soja?utm_source=agrolink-detalhe-noticia&amp;utm_medium=detalhe-noticia&amp;utm_campaign=links-internos\" target=\"_blank\" rel=\"noopener\">soja<\/a>, <a href=\"https:\/\/www.agrolink.com.br\/culturas\/milho?utm_source=agrolink-detalhe-noticia&amp;utm_medium=detalhe-noticia&amp;utm_campaign=links-internos&#9;\" target=\"_blank\" rel=\"noopener\">milho<\/a> e <a href=\"https:\/\/www.agrolink.com.br\/culturas\/algodao\/\" target=\"_blank\" rel=\"noopener\">algod\u00e3o<\/a> elevou os pre\u00e7os. A Conab informou que \u201cos fretes para os portos t\u00eam fluxo de retorno garantido devido \u00e0 alta na importa\u00e7\u00e3o de fertilizantes\u201d. Al\u00e9m da movimenta\u00e7\u00e3o para os portos de Salvador, Aracaju, Santos e S\u00e3o Lu\u00eds, o transporte de algod\u00e3o entre propriedades e ind\u00fastrias de beneficiamento registrou crescimento, reflexo do avan\u00e7o de 50% da colheita. O milho tamb\u00e9m puxou a demanda, com 98% da segunda safra colhida e comercializa\u00e7\u00e3o dos estoques da primeira.<\/p>\n<p style=\"text-align:justify\">J\u00e1 em Irec\u00ea e Paripiranga, o cen\u00e1rio foi de estabilidade, com baixa procura por transporte. \u201cNa pra\u00e7a de Irec\u00ea foi observada estabilidade nos fretes, com equil\u00edbrio entre a baixa demanda e a baixa oferta de prestadores de servi\u00e7o\u201d, destacou a Conab.<\/p>\n<p style=\"text-align:justify\">A entressafra e o baixo volume de estoques de milho, <a href=\"https:\/\/www.agrolink.com.br\/culturas\/feijao\/?utm_source=agrolink-detalhe-noticia&amp;utm_medium=detalhe-noticia&amp;utm_campaign=links-internos\" target=\"_blank\" rel=\"noopener\">feij\u00e3o<\/a> e mamona reduziram a movimenta\u00e7\u00e3o, enquanto a queda na demanda por mamona foi influenciada pela alta nas importa\u00e7\u00f5es do \u00f3leo. No primeiro semestre, o Brasil importou 5,48 mil toneladas do produto, um aumento de 240% frente ao mesmo per\u00edodo de 2024, tendo a \u00cdndia como principal fornecedora.&#13;\n<\/p>\n<p style=\"text-align:justify\">Em Paripiranga, a manuten\u00e7\u00e3o dos valores deve permanecer pelos pr\u00f3ximos dois meses. A Conab apontou que \u201ca demanda deve voltar a crescer com a colheita do milho de terceira safra, mas ainda restam semanas para a matura\u00e7\u00e3o das primeiras lavouras\u201d. Al\u00e9m disso, produtores planejam adiar a colheita para buscar maior valoriza\u00e7\u00e3o no mercado.<\/p>\n<p style=\"text-align:justify\">No mercado externo, os dados do Portal Comex Stat mostram que, em julho, houve alta de 3,6% nas exporta\u00e7\u00f5es do complexo soja, com a China como principal compradora. J\u00e1 o algod\u00e3o apresentou retra\u00e7\u00e3o, associada ao fim dos estoques da safra passada. As entregas da safra atual j\u00e1 come\u00e7aram, mas em ritmo considerado lento.&#13;\n<\/p>\n<\/p><\/div>\n<p><script data-cfasync=\"false\">\n    !function (f, b, e, v, n, t, s) {\n        if (f.fbq) return; n = f.fbq = function () {\n            n.callMethod ?\n                n.callMethod.apply(n, arguments) : n.queue.push(arguments)\n        };\n        if (!f._fbq) f._fbq = n; n.push = n; n.loaded = !0; n.version = '2.0';\n        n.queue = []; t = b.createElement(e); t.async = !0;\n        t.src = v; s = b.getElementsByTagName(e)[0];\n        s.parentNode.insertBefore(t, s)\n    }(window, document, 'script',\n        'https:\/\/connect.facebook.net\/en_US\/fbevents.js');\n    fbq('init', '522546078623747');\n    fbq('track', 'PageView');\n<\/script><br \/>\n<br \/><br \/>\n<br \/><a href=\"https:\/\/www.agrolink.com.br\/noticias\/demanda-por-transporte-cresce-com-colheita-no-oeste-baiano_505465.html\">Source link <\/a><\/p>\n","protected":false},"excerpt":{"rendered":"<p>Segundo an\u00e1lise da Central Internacional de An\u00e1lises Econ\u00f4micas e de Estudos de Mercado Agropecu\u00e1rio (Ceema), referente ao per\u00edodo de 22<\/p>\n","protected":false},"author":1,"featured_media":4008,"comment_status":"open","ping_status":"open","sticky":false,"template":"","format":"standard","meta":{"_monsterinsights_skip_tracking":false,"_monsterinsights_sitenote_active":false,"_monsterinsights_sitenote_note":"","_monsterinsights_sitenote_category":0,"_uf_show_specific_survey":0,"_uf_disable_surveys":false,"footnotes":""},"categories":[8,1,14],"tags":[],"class_list":["post-19415","post","type-post","status-publish","format-standard","has-post-thumbnail","hentry","category-agro","category-news","category-politica-agro"],"_links":{"self":[{"href":"https:\/\/agromt.news\/index.php?rest_route=\/wp\/v2\/posts\/19415"}],"collection":[{"href":"https:\/\/agromt.news\/index.php?rest_route=\/wp\/v2\/posts"}],"about":[{"href":"https:\/\/agromt.news\/index.php?rest_route=\/wp\/v2\/types\/post"}],"author":[{"embeddable":true,"href":"https:\/\/agromt.news\/index.php?rest_route=\/wp\/v2\/users\/1"}],"replies":[{"embeddable":true,"href":"https:\/\/agromt.news\/index.php?rest_route=%2Fwp%2Fv2%2Fcomments&post=19415"}],"version-history":[{"count":0,"href":"https:\/\/agromt.news\/index.php?rest_route=\/wp\/v2\/posts\/19415\/revisions"}],"wp:featuredmedia":[{"embeddable":true,"href":"https:\/\/agromt.news\/index.php?rest_route=\/wp\/v2\/media\/4008"}],"wp:attachment":[{"href":"https:\/\/agromt.news\/index.php?rest_route=%2Fwp%2Fv2%2Fmedia&parent=19415"}],"wp:term":[{"taxonomy":"category","embeddable":true,"href":"https:\/\/agromt.news\/index.php?rest_route=%2Fwp%2Fv2%2Fcategories&post=19415"},{"taxonomy":"post_tag","embeddable":true,"href":"https:\/\/agromt.news\/index.php?rest_route=%2Fwp%2Fv2%2Ftags&post=19415"}],"curies":[{"name":"wp","href":"https:\/\/api.w.org\/{rel}","templated":true}]}}