{"id":19414,"date":"2025-08-29T21:07:00","date_gmt":"2025-08-30T01:07:00","guid":{"rendered":"https:\/\/agromt.news\/?p=19414"},"modified":"2025-08-29T21:07:00","modified_gmt":"2025-08-30T01:07:00","slug":"minas-gerais-destina-r-2-bilhoes-ao-agronegocio","status":"publish","type":"post","link":"https:\/\/agromt.news\/?p=19414","title":{"rendered":"Minas Gerais destina R$ 2 bilh\u00f5es ao agroneg\u00f3cio"},"content":{"rendered":"<p> <br \/>\n<\/p>\n<div>\n<p style=\"text-align:justify\">O Governo de Minas Gerais anunciou um financiamento de R$ 2 bilh\u00f5es para a safra 2025\/2026 do agroneg\u00f3cio, por meio do Banco de Desenvolvimento de Minas Gerais (BDMG). De acordo com a Secretaria de Estado de Agricultura, Pecu\u00e1ria e Abastecimento (Seapa), o valor \u00e9 o maior j\u00e1 disponibilizado pela institui\u00e7\u00e3o, representando um aumento de 40% em rela\u00e7\u00e3o \u00e0 safra anterior, quando foram liberados R$ 1,4 bilh\u00e3o.&#13;\n<\/p>\n<p style=\"text-align:justify\">Segundo a Seapa, somente no primeiro semestre de 2025, metade de todos os financiamentos concedidos pelo BDMG foi direcionada ao setor, que responde por 22% do Produto Interno Bruto (PIB) mineiro, conforme dados da Funda\u00e7\u00e3o Jo\u00e3o Pinheiro (FJP).<\/p>\n<p style=\"text-align:justify\">O banco informou que, dentro do Plano Safra, ser\u00e3o oferecidos R$ 614 milh\u00f5es em sete linhas de cr\u00e9dito, volume quase tr\u00eas vezes maior que os R$ 228 milh\u00f5es destinados em 2024\/2025. Pela primeira vez, o BDMG atuar\u00e1 com recursos do Programa Nacional de Apoio ao M\u00e9dio Produtor Rural (Pronamp), que poder\u00e3o ser aplicados na compra de m\u00e1quinas e equipamentos, recupera\u00e7\u00e3o de <a href=\"https:\/\/www.agrolink.com.br\/culturas\/pastagens?utm_source=agrolink-detalhe-noticia&amp;utm_medium=detalhe-noticia&amp;utm_campaign=links-internos\" target=\"_blank\" rel=\"noopener\">pastagens<\/a>, constru\u00e7\u00e3o e reforma de instala\u00e7\u00f5es. Outras linhas de cr\u00e9dito v\u00e3o financiar a constru\u00e7\u00e3o de armaz\u00e9ns, moderniza\u00e7\u00e3o das propriedades, ado\u00e7\u00e3o de inova\u00e7\u00f5es tecnol\u00f3gicas e pr\u00e1ticas de agricultura sustent\u00e1vel.<\/p>\n<p style=\"text-align:justify\">No caso espec\u00edfico do caf\u00e9, o BDMG vai operar R$ 316 milh\u00f5es via Funcaf\u00e9, alta de 36% em compara\u00e7\u00e3o com a safra anterior. Minas Gerais \u00e9 o maior produtor nacional do gr\u00e3o. Entre as linhas, a novidade \u00e9 a opera\u00e7\u00e3o do Funcaf\u00e9 Custeio, que financia insumos como sementes, adubos e a secagem do <a href=\"https:\/\/www.agrolink.com.br\/culturas\/cafe\/?utm_source=agrolink-detalhe-noticia&amp;utm_medium=detalhe-noticia&amp;utm_campaign=links-internos\" target=\"_blank\" rel=\"noopener\">caf\u00e9<\/a>. Os valores poder\u00e3o chegar diretamente aos produtores ou por meio de cooperativas.&#13;\n<\/p>\n<p style=\"text-align:justify\">O banco continuar\u00e1 a atuar com as demais linhas: Funcaf\u00e9 Comercializa\u00e7\u00e3o, que financia cooperativas na venda futura do produto; Funcaf\u00e9 FAC, para compra direta do caf\u00e9 dos produtores; e Capital de Giro. Desde 2018\/2019, o BDMG desembolsou 100% dos recursos do Funcaf\u00e9 que recebeu, somando mais de R$ 2,5 bilh\u00f5es.<\/p>\n<\/p><\/div>\n<p><script data-cfasync=\"false\">\n    !function (f, b, e, v, n, t, s) {\n        if (f.fbq) return; n = f.fbq = function () {\n            n.callMethod ?\n                n.callMethod.apply(n, arguments) : n.queue.push(arguments)\n        };\n        if (!f._fbq) f._fbq = n; n.push = n; n.loaded = !0; n.version = '2.0';\n        n.queue = []; t = b.createElement(e); t.async = !0;\n        t.src = v; s = b.getElementsByTagName(e)[0];\n        s.parentNode.insertBefore(t, s)\n    }(window, document, 'script',\n        'https:\/\/connect.facebook.net\/en_US\/fbevents.js');\n    fbq('init', '522546078623747');\n    fbq('track', 'PageView');\n<\/script><br \/>\n<br \/><br \/>\n<br \/><a href=\"https:\/\/www.agrolink.com.br\/noticias\/safra-2025-2026--minas-gerais-destina-r--2-bilhoes-ao-agronegocio_505467.html\">Source link <\/a><\/p>\n","protected":false},"excerpt":{"rendered":"<p>O Governo de Minas Gerais anunciou um financiamento de R$ 2 bilh\u00f5es para a safra 2025\/2026 do agroneg\u00f3cio, por meio<\/p>\n","protected":false},"author":1,"featured_media":10823,"comment_status":"open","ping_status":"open","sticky":false,"template":"","format":"standard","meta":{"_monsterinsights_skip_tracking":false,"_monsterinsights_sitenote_active":false,"_monsterinsights_sitenote_note":"","_monsterinsights_sitenote_category":0,"_uf_show_specific_survey":0,"_uf_disable_surveys":false,"footnotes":""},"categories":[8,1,14],"tags":[],"class_list":["post-19414","post","type-post","status-publish","format-standard","has-post-thumbnail","hentry","category-agro","category-news","category-politica-agro"],"_links":{"self":[{"href":"https:\/\/agromt.news\/index.php?rest_route=\/wp\/v2\/posts\/19414"}],"collection":[{"href":"https:\/\/agromt.news\/index.php?rest_route=\/wp\/v2\/posts"}],"about":[{"href":"https:\/\/agromt.news\/index.php?rest_route=\/wp\/v2\/types\/post"}],"author":[{"embeddable":true,"href":"https:\/\/agromt.news\/index.php?rest_route=\/wp\/v2\/users\/1"}],"replies":[{"embeddable":true,"href":"https:\/\/agromt.news\/index.php?rest_route=%2Fwp%2Fv2%2Fcomments&post=19414"}],"version-history":[{"count":0,"href":"https:\/\/agromt.news\/index.php?rest_route=\/wp\/v2\/posts\/19414\/revisions"}],"wp:featuredmedia":[{"embeddable":true,"href":"https:\/\/agromt.news\/index.php?rest_route=\/wp\/v2\/media\/10823"}],"wp:attachment":[{"href":"https:\/\/agromt.news\/index.php?rest_route=%2Fwp%2Fv2%2Fmedia&parent=19414"}],"wp:term":[{"taxonomy":"category","embeddable":true,"href":"https:\/\/agromt.news\/index.php?rest_route=%2Fwp%2Fv2%2Fcategories&post=19414"},{"taxonomy":"post_tag","embeddable":true,"href":"https:\/\/agromt.news\/index.php?rest_route=%2Fwp%2Fv2%2Ftags&post=19414"}],"curies":[{"name":"wp","href":"https:\/\/api.w.org\/{rel}","templated":true}]}}