{"id":19413,"date":"2025-08-29T20:59:39","date_gmt":"2025-08-30T00:59:39","guid":{"rendered":"https:\/\/agromt.news\/?p=19413"},"modified":"2025-08-29T20:59:39","modified_gmt":"2025-08-30T00:59:39","slug":"justica-dos-eua-determina-que-maioria-das-tarifas-de-trump-e-ilegal","status":"publish","type":"post","link":"https:\/\/agromt.news\/?p=19413","title":{"rendered":"Justi\u00e7a dos EUA determina que maioria das tarifas de Trump \u00e9 ilegal"},"content":{"rendered":"<p> <br \/>\n<br \/><img decoding=\"async\" src=\"https:\/\/agromt.news\/wp-content\/uploads\/2025\/04\/Criticas-de-Trump-ao-banco-central-dos-EUA-acendem-alerta.jpg\" \/><\/p>\n<div>\n<p>Um tribunal de apela\u00e7\u00f5es dos Estados Unidos decidiu nesta sexta-feira (29) que a maior parte das tarifas impostas por Donald Trump \u00e9 ilegal, informou a ag\u00eancia de not\u00edcias <em>Reuters.<\/em><\/p>\n<p>Contudo, o tribunal determinou que as medidas que penalizam exportadores continuem em vigor at\u00e9 <strong>14 de outubro<\/strong>, concedendo ao governo Trump a chance de recorrer \u00e0 Suprema Corte dos Estados Unidos.<\/p>\n<blockquote class=\"wp-block-quote is-layout-flow wp-block-quote-is-layout-flow\">\n<p>\u201cO estatuto confere ao Presidente autoridade significativa para tomar diversas a\u00e7\u00f5es em resposta a uma emerg\u00eancia nacional declarada, mas nenhuma dessas a\u00e7\u00f5es inclui explicitamente o poder de impor tarifas, tributos ou similares, nem o poder de taxar,\u201d afirmou o tribunal.<\/p>\n<\/blockquote>\n<p>De acordo com a <em>Reuters<\/em>, a decis\u00e3o, por 7 votos a 4, do Tribunal de Apela\u00e7\u00f5es do Circuito Federal, em Washington, analisou a legalidade das chamadas tarifas \u201crec\u00edprocas\u201d impostas por Trump em abril, no contexto da guerra comercial, al\u00e9m de outro conjunto de tarifas aplicadas em fevereiro contra China, Canad\u00e1 e M\u00e9xico.<\/p>\n<p>A decis\u00e3o n\u00e3o altera tarifas estabelecidas com base em outras leis, como as aplicadas por Trump sobre importa\u00e7\u00f5es de a\u00e7o e alum\u00ednio.<\/p>\n<p>Trump defendeu as tarifas com base na Lei de Poderes Econ\u00f4micos de Emerg\u00eancia Internacional (IEEPA), cujo texto autoriza o presidente a enfrentar \u201camea\u00e7as incomuns e extraordin\u00e1rias\u201d em situa\u00e7\u00f5es de emerg\u00eancia nacional.<\/p>\n<\/div>\n<div>\n<p>\u201cParece improv\u00e1vel que o Congresso tenha pretendido, ao promulgar a IEEPA, romper com sua pr\u00e1tica anterior e conceder ao Presidente autoridade ilimitada para impor tarifas,\u201d diz a decis\u00e3o judicial, conforme a <em>Reuters<\/em>.<\/p>\n<p>\u201cO estatuto n\u00e3o menciona tarifas (nem sin\u00f4nimos) e tampouco possui salvaguardas processuais que estabele\u00e7am limites claros ao poder do Presidente de impor tarifas.\u201d<\/p>\n<h2 class=\"wp-block-heading\" id=\"h-tarifas-como-arma-politica\">Tarifas como arma pol\u00edtica<\/h2>\n<p>O comentarista do <strong><a href=\"https:\/\/www.canalrural.com.br\/tag\/miguel-daoud\/\">Canal Rural Miguel Daoud<\/a><\/strong> enfatiza que Trump trata tarifas como arma pol\u00edtica e n\u00e3o como pol\u00edtica econ\u00f4mica s\u00e9ria. \u201cIsso gera infla\u00e7\u00e3o nos EUA, cria incerteza para investidores e amea\u00e7a a confian\u00e7a internacional\u201d, pontua.<\/p>\n<p>Segundo ele, o Brasil sente diretamente esse peso. \u201cCaf\u00e9, carne e a\u00e7\u00facar est\u00e3o entre os produtos mais afetados pelo tarifa\u00e7o. Produtores e exportadores, que j\u00e1 enfrentam custos altos e concorr\u00eancia acirrada, ficam ref\u00e9ns de uma decis\u00e3o pol\u00edtica que nada tem a ver com efici\u00eancia ou qualidade.\u201d<\/p>\n<p>Daoud acredita que se a Suprema Corte confirmar a decis\u00e3o da Apela\u00e7\u00e3o, estar\u00e1 reafirmando um princ\u00edpio b\u00e1sico: o presidente n\u00e3o pode agir sozinho em medidas que afetam toda a economia mundial. \u201cAt\u00e9 l\u00e1, o com\u00e9rcio global segue preso a uma medida que j\u00e1 foi considerada ilegal, mas que continua em vigor\u201d, diz.<\/p>\n<\/p><\/div>\n<p><br \/>\n<br \/><a href=\"https:\/\/www.canalrural.com.br\/internacional\/justica-dos-eua-determina-que-maioria-das-tarifas-de-trump-e-ilegal\/\">Source link <\/a><\/p>\n","protected":false},"excerpt":{"rendered":"<p>Um tribunal de apela\u00e7\u00f5es dos Estados Unidos decidiu nesta sexta-feira (29) que a maior parte das tarifas impostas por Donald<\/p>\n","protected":false},"author":1,"featured_media":12941,"comment_status":"open","ping_status":"open","sticky":false,"template":"","format":"standard","meta":{"_monsterinsights_skip_tracking":false,"_monsterinsights_sitenote_active":false,"_monsterinsights_sitenote_note":"","_monsterinsights_sitenote_category":0,"_uf_show_specific_survey":0,"_uf_disable_surveys":false,"footnotes":""},"categories":[1],"tags":[],"class_list":["post-19413","post","type-post","status-publish","format-standard","has-post-thumbnail","hentry","category-news"],"_links":{"self":[{"href":"https:\/\/agromt.news\/index.php?rest_route=\/wp\/v2\/posts\/19413"}],"collection":[{"href":"https:\/\/agromt.news\/index.php?rest_route=\/wp\/v2\/posts"}],"about":[{"href":"https:\/\/agromt.news\/index.php?rest_route=\/wp\/v2\/types\/post"}],"author":[{"embeddable":true,"href":"https:\/\/agromt.news\/index.php?rest_route=\/wp\/v2\/users\/1"}],"replies":[{"embeddable":true,"href":"https:\/\/agromt.news\/index.php?rest_route=%2Fwp%2Fv2%2Fcomments&post=19413"}],"version-history":[{"count":0,"href":"https:\/\/agromt.news\/index.php?rest_route=\/wp\/v2\/posts\/19413\/revisions"}],"wp:featuredmedia":[{"embeddable":true,"href":"https:\/\/agromt.news\/index.php?rest_route=\/wp\/v2\/media\/12941"}],"wp:attachment":[{"href":"https:\/\/agromt.news\/index.php?rest_route=%2Fwp%2Fv2%2Fmedia&parent=19413"}],"wp:term":[{"taxonomy":"category","embeddable":true,"href":"https:\/\/agromt.news\/index.php?rest_route=%2Fwp%2Fv2%2Fcategories&post=19413"},{"taxonomy":"post_tag","embeddable":true,"href":"https:\/\/agromt.news\/index.php?rest_route=%2Fwp%2Fv2%2Ftags&post=19413"}],"curies":[{"name":"wp","href":"https:\/\/api.w.org\/{rel}","templated":true}]}}