{"id":19410,"date":"2025-08-29T19:21:34","date_gmt":"2025-08-29T23:21:34","guid":{"rendered":"https:\/\/agromt.news\/?p=19410"},"modified":"2025-08-29T19:21:34","modified_gmt":"2025-08-29T23:21:34","slug":"confira-o-fechamento-da-arroba-e-do-atacado","status":"publish","type":"post","link":"https:\/\/agromt.news\/?p=19410","title":{"rendered":"confira o fechamento da arroba e do atacado"},"content":{"rendered":"<p> <br \/>\n<br \/><img decoding=\"async\" src=\"https:\/\/agromt.news\/wp-content\/uploads\/2024\/09\/Cenario-perfeito-para-a-alta-do-boi-gordo-Veja-as.jpg\" \/><\/p>\n<div>\n<p>O mercado f\u00edsico do boi gordo encerra a semana apresentando perfil acomodado em grande parte do pa\u00eds. <\/p>\n<p>Segundo o analista da consultoria Safras &amp; Mercado Fernando Henrique Iglesias, muitos frigor\u00edficos est\u00e3o ausentes da compra de gado, avaliando as melhores estrat\u00e9gias para aquisi\u00e7\u00e3o de boiadas.<\/p>\n<p>\u201cEles devem retomar a compra de gado na segunda-feira no per\u00edodo da tarde ou na ter\u00e7a-feira, no per\u00edodo da manh\u00e3. Por enquanto, as escalas de abate est\u00e3o posicionadas entre seis e oito dias \u00fateis na m\u00e9dia nacional\u201d, diz. <\/p>\n<p>De acordo com ele, sob o prisma da demanda, o grande destaque do ano permanece nas exporta\u00e7\u00f5es de <strong><a href=\"https:\/\/www.canalrural.com.br\/tag\/carne\/\">carne bovina<\/a><\/strong>, com grande potencial no restante de 2025, com expectativa de crescimento do volume embarcado e principalmente da receita.<\/p>\n<ul class=\"wp-block-list\">\n<li><strong>S\u00e3o Paulo:<\/strong> R$ 313 \u2014 ontem: R$ 312,42<\/li>\n<li><strong>Goi\u00e1s:<\/strong> R$ 307,14 \u2014 R$ 305,54<\/li>\n<li><strong>Minas Gerais:<\/strong> R$ 304,12 \u2014 R$ 304,41<\/li>\n<li><strong>Mato Grosso do Sul:<\/strong> R$ 316,59 \u2014 R$ 317,05<\/li>\n<li><strong>Mato Grosso:<\/strong> R$ 313,18 \u2014 R$ 312,70<\/li>\n<\/ul>\n<\/div>\n<div>\n<h2 class=\"wp-block-heading\" id=\"h-mercado-atacadista\">Mercado atacadista<\/h2>\n<p>O mercado atacadista apresenta acomoda\u00e7\u00e3o em seus pre\u00e7os durante a sexta-feira. Segundo Iglesias, o ambiente de neg\u00f3cios ainda sugere por reajustes dos pre\u00e7os ao longo da primeira quinzena do m\u00eas, considerando a entrada dos sal\u00e1rios na economia como motivador da reposi\u00e7\u00e3o entre atacado e varejo. <\/p>\n<p>\u201cA carne de frango ainda disp\u00f5e de maior competitividade ante as prote\u00ednas concorrentes, em especial se comparado a carne bovina\u201d, destaca.<\/p>\n<p>O quarto traseiro segue cotado a R$ 22,90 por quilo; o dianteiro ainda \u00e9 precificado a R$ 18,25 por quilo; e a ponta de agulha segue no patamar de R$ 17,25.<\/p>\n<h2 class=\"wp-block-heading\" id=\"h-cambio\">C\u00e2mbio<\/h2>\n<p>O d\u00f3lar comercial encerrou a sess\u00e3o em alta de 0,29%, sendo negociado a R$ 5,4219 para venda e a R$ 5,4199 para compra. Durante o dia, a moeda norte-americana oscilou entre a m\u00ednima de R$ 5,4128 e a m\u00e1xima de R$ 5,4531. Na semana, a moeda teve desvaloriza\u00e7\u00e3o de 0,06%, enquanto no m\u00eas o recuo foi de 3,18%.<\/p>\n<\/p><\/div>\n<p><br \/>\n<br \/><a href=\"https:\/\/www.canalrural.com.br\/pecuaria\/precos-do-boi-gordo-confira-o-fechamento-da-arroba-e-do-atacado\/\">Source link <\/a><\/p>\n","protected":false},"excerpt":{"rendered":"<p>O mercado f\u00edsico do boi gordo encerra a semana apresentando perfil acomodado em grande parte do pa\u00eds. Segundo o analista<\/p>\n","protected":false},"author":1,"featured_media":1501,"comment_status":"open","ping_status":"open","sticky":false,"template":"","format":"standard","meta":{"_monsterinsights_skip_tracking":false,"_monsterinsights_sitenote_active":false,"_monsterinsights_sitenote_note":"","_monsterinsights_sitenote_category":0,"_uf_show_specific_survey":0,"_uf_disable_surveys":false,"footnotes":""},"categories":[1],"tags":[],"class_list":["post-19410","post","type-post","status-publish","format-standard","has-post-thumbnail","hentry","category-news"],"_links":{"self":[{"href":"https:\/\/agromt.news\/index.php?rest_route=\/wp\/v2\/posts\/19410"}],"collection":[{"href":"https:\/\/agromt.news\/index.php?rest_route=\/wp\/v2\/posts"}],"about":[{"href":"https:\/\/agromt.news\/index.php?rest_route=\/wp\/v2\/types\/post"}],"author":[{"embeddable":true,"href":"https:\/\/agromt.news\/index.php?rest_route=\/wp\/v2\/users\/1"}],"replies":[{"embeddable":true,"href":"https:\/\/agromt.news\/index.php?rest_route=%2Fwp%2Fv2%2Fcomments&post=19410"}],"version-history":[{"count":0,"href":"https:\/\/agromt.news\/index.php?rest_route=\/wp\/v2\/posts\/19410\/revisions"}],"wp:featuredmedia":[{"embeddable":true,"href":"https:\/\/agromt.news\/index.php?rest_route=\/wp\/v2\/media\/1501"}],"wp:attachment":[{"href":"https:\/\/agromt.news\/index.php?rest_route=%2Fwp%2Fv2%2Fmedia&parent=19410"}],"wp:term":[{"taxonomy":"category","embeddable":true,"href":"https:\/\/agromt.news\/index.php?rest_route=%2Fwp%2Fv2%2Fcategories&post=19410"},{"taxonomy":"post_tag","embeddable":true,"href":"https:\/\/agromt.news\/index.php?rest_route=%2Fwp%2Fv2%2Ftags&post=19410"}],"curies":[{"name":"wp","href":"https:\/\/api.w.org\/{rel}","templated":true}]}}