{"id":19409,"date":"2025-08-29T19:07:04","date_gmt":"2025-08-29T23:07:04","guid":{"rendered":"https:\/\/agromt.news\/?p=19409"},"modified":"2025-08-29T19:07:04","modified_gmt":"2025-08-29T23:07:04","slug":"vem-chuva-por-ai-confira-como-fica-o-tempo-no-comeco-de-setembro","status":"publish","type":"post","link":"https:\/\/agromt.news\/?p=19409","title":{"rendered":"vem chuva por a\u00ed! Confira como fica o tempo no come\u00e7o de setembro"},"content":{"rendered":"<p> <br \/>\n<br \/><img decoding=\"async\" src=\"https:\/\/agromt.news\/wp-content\/uploads\/2025\/04\/Chuva-de-100-mm-em-apenas-24h-pode-trazer-caos.jpg\" \/><\/p>\n<div>\n<p>O final de semana ter\u00e1 tempo firme na maior parte das \u00e1reas <a href=\"https:\/\/www.canalrural.com.br\/agricultura\/projeto-soja-brasil\/\">produtoras <\/a>de soja do pa\u00eds. No entanto, de domingo (31) para segunda-feira (1\u00ba), est\u00e3o previstos temporais no Oeste de Mato Grosso, Mato Grosso do Sul e Rond\u00f4nia, com risco de granizo e rajadas de vento fortes. Apesar disso, n\u00e3o se esperam chuvas volumosas que possam impactar o plantio de soja.<\/p>\n<p><iframe title=\"Prepare o guarda-chuva: vem chuva por a\u00ed! Confira como fica o tempo no in\u00edcio de setembro\" width=\"800\" height=\"450\" src=\"https:\/\/www.youtube.com\/embed\/jbjjsMyWTFw?feature=oembed\" frameborder=\"0\" allow=\"accelerometer; autoplay; clipboard-write; encrypted-media; gyroscope; picture-in-picture; web-share\" referrerpolicy=\"strict-origin-when-cross-origin\" allowfullscreen><\/iframe><\/p>\n<ul class=\"wp-block-list\">\n<li><strong><em>Fique por dentro das novidades e not\u00edcias recentes sobre a soja! Participe da nossa comunidade atrav\u00e9s do\u00a0<a href=\"https:\/\/chat.whatsapp.com\/BmMRwA0TZ2DHGyhzoaVEWu\">link<\/a>! \ud83c\udf31<\/em><\/strong><\/li>\n<\/ul>\n<p>No munic\u00edpio de Sinop, em Mato Grosso, a previs\u00e3o indica que as chuvas s\u00f3 come\u00e7ar\u00e3o a se intensificar na \u00faltima semana de setembro e in\u00edcio de outubro. Por isso, mesmo com a libera\u00e7\u00e3o do plantio a partir do dia 7, os produtores devem aguardar para n\u00e3o comprometer a germina\u00e7\u00e3o das sementes devido ao tempo quente e seco.<\/p>\n<\/div>\n<div>\n<p>Em Primavera do Leste, tamb\u00e9m em Mato Grosso, a chuva deve chegar entre os dias 20 e 25 de setembro, refor\u00e7ando a orienta\u00e7\u00e3o para que o plantio seja iniciado somente no final do m\u00eas ou in\u00edcio de outubro.<\/p>\n<p>No Centro-Oeste, de 4 a 8 de setembro, Rond\u00f4nia poder\u00e1 registrar volumes pr\u00f3ximos de 50 mm, beneficiando a reposi\u00e7\u00e3o h\u00eddrica do solo. J\u00e1 no Rio Grande do Sul, as chuvas podem ultrapassar 200 mm, configurando uma semana muito \u00famida, mas garantindo boa reserva de \u00e1gua para o in\u00edcio da semeadura em outubro.<\/p>\n<h2 class=\"wp-block-heading\" id=\"h-o-tempo-entre-9-a-13-de-setembro\">O tempo entre 9 a 13 de setembro<\/h2>\n<p>Entre os dias 9 e 13 de setembro, algumas pancadas de chuva atingem o Oeste de Mato Grosso, Mato Grosso do Sul e norte do Paran\u00e1, mas os volumes devem ser baixos, entre 10 e 15 mm. Chuvas mais significativas, acima de 50 a 100 mm na semana, s\u00e3o esperadas apenas a partir de outubro na regi\u00e3o Centro-Oeste.<\/p>\n<div data-icp-cta=\"1\" id=\"icp-cta-unique\">Voc\u00ea quer entender como usar o clima a seu favor?<b> <\/b><a href=\"https:\/\/climacampo.canalrural.com.br\/climacampo_-01\">Preparamos um e-book exclusivo<\/a> para ajudar produtores rurais a se antecipar \u00e0s mudan\u00e7as do tempo e planejar melhor suas a\u00e7\u00f5es. Com base em previs\u00f5es meteorol\u00f3gicas confi\u00e1veis, ele oferece orienta\u00e7\u00f5es pr\u00e1ticas para proteger sua lavoura e otimizar seus resultados.<\/div>\n<\/div>\n<p><br \/>\n<br \/><a href=\"https:\/\/www.canalrural.com.br\/agricultura\/projeto-soja-brasil\/prepare-o-guarda-chuva-vem-chuva-por-ai-confira-como-fica-o-tempo-no-comeco-de-setembro\/\">Source link <\/a><\/p>\n","protected":false},"excerpt":{"rendered":"<p>O final de semana ter\u00e1 tempo firme na maior parte das \u00e1reas produtoras de soja do pa\u00eds. No entanto, de<\/p>\n","protected":false},"author":1,"featured_media":12811,"comment_status":"open","ping_status":"open","sticky":false,"template":"","format":"standard","meta":{"_monsterinsights_skip_tracking":false,"_monsterinsights_sitenote_active":false,"_monsterinsights_sitenote_note":"","_monsterinsights_sitenote_category":0,"_uf_show_specific_survey":0,"_uf_disable_surveys":false,"footnotes":""},"categories":[1],"tags":[],"class_list":["post-19409","post","type-post","status-publish","format-standard","has-post-thumbnail","hentry","category-news"],"_links":{"self":[{"href":"https:\/\/agromt.news\/index.php?rest_route=\/wp\/v2\/posts\/19409"}],"collection":[{"href":"https:\/\/agromt.news\/index.php?rest_route=\/wp\/v2\/posts"}],"about":[{"href":"https:\/\/agromt.news\/index.php?rest_route=\/wp\/v2\/types\/post"}],"author":[{"embeddable":true,"href":"https:\/\/agromt.news\/index.php?rest_route=\/wp\/v2\/users\/1"}],"replies":[{"embeddable":true,"href":"https:\/\/agromt.news\/index.php?rest_route=%2Fwp%2Fv2%2Fcomments&post=19409"}],"version-history":[{"count":0,"href":"https:\/\/agromt.news\/index.php?rest_route=\/wp\/v2\/posts\/19409\/revisions"}],"wp:featuredmedia":[{"embeddable":true,"href":"https:\/\/agromt.news\/index.php?rest_route=\/wp\/v2\/media\/12811"}],"wp:attachment":[{"href":"https:\/\/agromt.news\/index.php?rest_route=%2Fwp%2Fv2%2Fmedia&parent=19409"}],"wp:term":[{"taxonomy":"category","embeddable":true,"href":"https:\/\/agromt.news\/index.php?rest_route=%2Fwp%2Fv2%2Fcategories&post=19409"},{"taxonomy":"post_tag","embeddable":true,"href":"https:\/\/agromt.news\/index.php?rest_route=%2Fwp%2Fv2%2Ftags&post=19409"}],"curies":[{"name":"wp","href":"https:\/\/api.w.org\/{rel}","templated":true}]}}