{"id":19407,"date":"2025-08-29T18:53:04","date_gmt":"2025-08-29T22:53:04","guid":{"rendered":"https:\/\/agromt.news\/?p=19407"},"modified":"2025-08-29T18:53:04","modified_gmt":"2025-08-29T22:53:04","slug":"exportadores-de-cafe-temem-que-reciprocidade-ao-tarifaco-amargue-negociacoes","status":"publish","type":"post","link":"https:\/\/agromt.news\/?p=19407","title":{"rendered":"Exportadores de caf\u00e9 temem que reciprocidade ao tarifa\u00e7o amargue negocia\u00e7\u00f5es"},"content":{"rendered":"<p> <br \/>\n<br \/><img decoding=\"async\" src=\"https:\/\/agromt.news\/wp-content\/uploads\/2025\/08\/Exportadores-de-cafe-temem-que-reciprocidade-ao-tarifaco-amargue-negociacoes.jpg\" \/><\/p>\n<div>\n<p>O Conselho dos Exportadores de Caf\u00e9 do Brasil (Cecaf\u00e9) divulgou nota nesta sexta-feira (29) em que manifesta preocupa\u00e7\u00e3o quanto ao in\u00edcio do processo que pode levar \u00e0 aplica\u00e7\u00e3o da Lei de Reciprocidade Econ\u00f4mica contra os <strong><a href=\"https:\/\/www.canalrural.com.br\/tag\/estados-unidos\/\">Estados Unidos<\/a><\/strong>.<\/p>\n<p>A apreens\u00e3o se justifica pelo fato de a entidade entender que, assim como se vem tratando nas constantes reuni\u00f5es do setor privado com o governo federal, o cen\u00e1rio necess\u00e1rio e mais coerente, nesse momento, \u00e9 a manuten\u00e7\u00e3o do di\u00e1logo com o segmento privado e as autoridades norte-americanas.<\/p>\n<p>\u201cIsso porque pensar na aplica\u00e7\u00e3o da Lei de Reciprocidade \u00e9 prematuro, uma vez que sequer houve uma reuni\u00e3o entre os governos de Brasil e EUA, al\u00e9m do fato de uma virtual aplica\u00e7\u00e3o dessa legisla\u00e7\u00e3o gerar dificuldades ao setor privado para conversar com seus pares norte-americanos, compradores de caf\u00e9, e impor ainda mais obst\u00e1culos para a conversa entre ambos os governos\u201d, diz trecho do texto.<\/p>\n<h2 class=\"wp-block-heading\" id=\"h-agenda-nos-estados-unidos\">Agenda nos Estados Unidos<\/h2>\n<p>No exemplo espec\u00edfico do caf\u00e9, o Cecaf\u00e9 integra a comitiva brasileira, coordenada pela<br \/>Confedera\u00e7\u00e3o Nacional da Ind\u00fastria (CNI). <\/p>\n<p>De acordo com a nota, a Confedera\u00e7\u00e3o cumprir\u00e1 extensa agenda, na semana que vem, com escrit\u00f3rios de advocacy, <em>National Coffee Association<\/em> (NCA), representantes da ind\u00fastria cafeeira, al\u00e9m do Departamento de Estado, evento da C\u00e2mara de Com\u00e9rcio Brasil-EUA, na Embaixada do Brasil em Washington, e em audi\u00eancia p\u00fablica a respeito da taxa\u00e7\u00e3o de 50% sobre exporta\u00e7\u00f5es brasileiras, prevista na Se\u00e7\u00e3o 301 da Lei de Com\u00e9rcio dos Estados Unidos.<\/p>\n<\/div>\n<div>\n<p>\u201cTodos esses compromissos ser\u00e3o cumpridos pelo Cecaf\u00e9 com o intuito de fortalecer o envio de informa\u00e7\u00f5es ver\u00eddicas a respeito da relev\u00e2ncia da cafeicultura no relacionamento bilateral entre Brasil e EUA, de maneira que os principais importadores dos caf\u00e9s brasileiros n\u00e3o comprometam mais de 30% de seu mercado, suprido pelo produto nacional, assim como nosso segmento n\u00e3o perca os norte-americanos como seus principais parceiros comerciais, respons\u00e1veis pela aquisi\u00e7\u00e3o de 16% de nossas exporta\u00e7\u00f5es\u201d, destaca o Conselho.<\/p>\n<p>Por fim, recordando que o segmento dos \u201ccaf\u00e9s verdes\u201d <em>(in natura)<\/em> n\u00e3o foi contemplado por programas de apoio anunciados pelo governo federal, o Cecaf\u00e9 manifesta que o in\u00edcio desse processo, que \u00e9 capaz de levar \u00e0 aplica\u00e7\u00e3o da Lei de Reciprocidade Econ\u00f4mica contra os Estados Unidos, pode ter efeito contr\u00e1rio ao desejado pelo governo brasileiro.<\/p>\n<p>Isso acontece porque, ao inv\u00e9s de possibilitar um ambiente \u201cnormal\u201d para os compromissos do setor privado, na pr\u00f3xima semana, nos EUA, o Cecaf\u00e9 argumenta que tal iniciativa dever\u00e1 colocar a comitiva em um ambiente turbulento, com \u00e2nimos ainda mais exaltados, al\u00e9m de abrir a possibilidade para uma tr\u00e9plica, uma nova retalia\u00e7\u00e3o do governo norte-americano.<\/p>\n<\/p><\/div>\n<p><br \/>\n<br \/><a href=\"https:\/\/www.canalrural.com.br\/economia\/exportadores-de-cafe-temem-que-reciprocidade-ao-tarifaco-amargue-negociacoes\/\">Source link <\/a><\/p>\n","protected":false},"excerpt":{"rendered":"<p>O Conselho dos Exportadores de Caf\u00e9 do Brasil (Cecaf\u00e9) divulgou nota nesta sexta-feira (29) em que manifesta preocupa\u00e7\u00e3o quanto ao<\/p>\n","protected":false},"author":1,"featured_media":19408,"comment_status":"open","ping_status":"open","sticky":false,"template":"","format":"standard","meta":{"_monsterinsights_skip_tracking":false,"_monsterinsights_sitenote_active":false,"_monsterinsights_sitenote_note":"","_monsterinsights_sitenote_category":0,"_uf_show_specific_survey":0,"_uf_disable_surveys":false,"footnotes":""},"categories":[1],"tags":[],"class_list":["post-19407","post","type-post","status-publish","format-standard","has-post-thumbnail","hentry","category-news"],"_links":{"self":[{"href":"https:\/\/agromt.news\/index.php?rest_route=\/wp\/v2\/posts\/19407"}],"collection":[{"href":"https:\/\/agromt.news\/index.php?rest_route=\/wp\/v2\/posts"}],"about":[{"href":"https:\/\/agromt.news\/index.php?rest_route=\/wp\/v2\/types\/post"}],"author":[{"embeddable":true,"href":"https:\/\/agromt.news\/index.php?rest_route=\/wp\/v2\/users\/1"}],"replies":[{"embeddable":true,"href":"https:\/\/agromt.news\/index.php?rest_route=%2Fwp%2Fv2%2Fcomments&post=19407"}],"version-history":[{"count":0,"href":"https:\/\/agromt.news\/index.php?rest_route=\/wp\/v2\/posts\/19407\/revisions"}],"wp:featuredmedia":[{"embeddable":true,"href":"https:\/\/agromt.news\/index.php?rest_route=\/wp\/v2\/media\/19408"}],"wp:attachment":[{"href":"https:\/\/agromt.news\/index.php?rest_route=%2Fwp%2Fv2%2Fmedia&parent=19407"}],"wp:term":[{"taxonomy":"category","embeddable":true,"href":"https:\/\/agromt.news\/index.php?rest_route=%2Fwp%2Fv2%2Fcategories&post=19407"},{"taxonomy":"post_tag","embeddable":true,"href":"https:\/\/agromt.news\/index.php?rest_route=%2Fwp%2Fv2%2Ftags&post=19407"}],"curies":[{"name":"wp","href":"https:\/\/api.w.org\/{rel}","templated":true}]}}