{"id":19404,"date":"2025-08-29T18:10:07","date_gmt":"2025-08-29T22:10:07","guid":{"rendered":"https:\/\/agromt.news\/?p=19404"},"modified":"2025-08-29T18:10:07","modified_gmt":"2025-08-29T22:10:07","slug":"soja-do-brasil-deve-crescer-31-com-clima-mais-favoravel-confira-os-numeros","status":"publish","type":"post","link":"https:\/\/agromt.news\/?p=19404","title":{"rendered":"Soja do Brasil deve crescer 3,1% com clima mais favor\u00e1vel; confira os n\u00fameros"},"content":{"rendered":"<p> <br \/>\n<br \/><img decoding=\"async\" src=\"https:\/\/agromt.news\/wp-content\/uploads\/2025\/08\/Soja-do-Brasil-deve-crescer-31-com-clima-mais-favoravel.jpg\" \/><\/p>\n<div>\n<p>As primeiras estimativas para a <a href=\"https:\/\/www.canalrural.com.br\/?s=soja\">safra 2025\/26 de gr\u00e3os<\/a> no Brasil apontam um cen\u00e1rio positivo para a soja. Segundo Carlos Cogo, <a href=\"https:\/\/www.carloscogo.com.br\/#gsc.tab=0\">consultor em agroneg\u00f3cio<\/a>, a produ\u00e7\u00e3o deve alcan\u00e7ar 75,5 milh\u00f5es de toneladas, o que representa um crescimento de 3,1% em rela\u00e7\u00e3o ao ciclo anterior.<\/p>\n<ul class=\"wp-block-list\">\n<li><strong><em>Fique por dentro das novidades e not\u00edcias recentes sobre a soja! Participe da nossa comunidade atrav\u00e9s do\u00a0<a href=\"https:\/\/chat.whatsapp.com\/BmMRwA0TZ2DHGyhzoaVEWu\">link<\/a>! \ud83c\udf31<\/em><\/strong><\/li>\n<\/ul>\n<p><iframe title=\"Estimativas da safra 25\/26 de soja no Brasil indicam crescimento de 3,1%\" width=\"800\" height=\"450\" src=\"https:\/\/www.youtube.com\/embed\/eYC1aUvEH64?feature=oembed\" frameborder=\"0\" allow=\"accelerometer; autoplay; clipboard-write; encrypted-media; gyroscope; picture-in-picture; web-share\" referrerpolicy=\"strict-origin-when-cross-origin\" allowfullscreen><\/iframe><\/p>\n<p>O avan\u00e7o decorre principalmente da recupera\u00e7\u00e3o da produtividade no Rio Grande do Sul, ap\u00f3s anos de perdas clim\u00e1ticas, e de uma expans\u00e3o de 2% na \u00e1rea plantada, cerca de 900 mil hectares. A abertura de novas \u00e1reas ocorre sobretudo no Arco Norte (Rond\u00f4nia, Acre, norte do Par\u00e1 e Matopiba) e tamb\u00e9m no Sul, onde parte das lavouras de arroz dar\u00e1 lugar \u00e0 oleaginosa.<\/p>\n<h3 class=\"wp-block-heading\" id=\"h-neutralidade-climatica-traz-alivio-ao-produtor-de-soja\">Neutralidade clim\u00e1tica traz al\u00edvio ao produtor de soja<\/h3>\n<p>O meteorologista Arthur M\u00fcller destacou que, diferentemente das \u00faltimas safras marcadas por El Ni\u00f1o e La Ni\u00f1a, o Brasil entra em um regime de neutralidade clim\u00e1tica. Isso significa que as chuvas devem ocorrer dentro do per\u00edodo esperado, beneficiando principalmente as regi\u00f5es Centro-Oeste e Sudeste, respons\u00e1veis pela maior fatia da produ\u00e7\u00e3o nacional.<\/p>\n<\/div>\n<div>\n<p>No entanto, ele recomenda cautela: setembro deve ser quente e seco, o que exige planejamento para que o plantio comece em outubro, quando as chuvas estar\u00e3o mais regulares. No Rio Grande do Sul, a expectativa \u00e9 de boas condi\u00e7\u00f5es at\u00e9 dezembro e chuvas suficientes em janeiro, sem repetir as quebras recentes. <\/p>\n<p>J\u00e1 no Matopiba, o in\u00edcio ser\u00e1 favor\u00e1vel, mas h\u00e1 risco de precipita\u00e7\u00f5es abaixo da m\u00e9dia no Piau\u00ed, Maranh\u00e3o e Tocantins no enchimento dos gr\u00e3os.<\/p>\n<h3 class=\"wp-block-heading\" id=\"h-logistica-como-diferencial\">Log\u00edstica como diferencial<\/h3>\n<p>Al\u00e9m do clima e da geopol\u00edtica, a log\u00edstica tamb\u00e9m est\u00e1 no radar. Projetos ferrovi\u00e1rios que conectam o Centro-Oeste ao Pac\u00edfico e reduzem entre 18% at\u00e9 20% o custo do frete total podem elevar o pre\u00e7o recebido pelo produtor brasileiro e ampliar a competitividade no mercado internacional, com forte interesse da China nos investimentos.<\/p>\n<\/p><\/div>\n<p><br \/>\n<br \/><a href=\"https:\/\/www.canalrural.com.br\/agricultura\/projeto-soja-brasil\/soja-do-brasil-deve-crescer-31-com-clima-mais-favoravel-confira-os-numeros\/\">Source link <\/a><\/p>\n","protected":false},"excerpt":{"rendered":"<p>As primeiras estimativas para a safra 2025\/26 de gr\u00e3os no Brasil apontam um cen\u00e1rio positivo para a soja. Segundo Carlos<\/p>\n","protected":false},"author":1,"featured_media":19405,"comment_status":"open","ping_status":"open","sticky":false,"template":"","format":"standard","meta":{"_monsterinsights_skip_tracking":false,"_monsterinsights_sitenote_active":false,"_monsterinsights_sitenote_note":"","_monsterinsights_sitenote_category":0,"_uf_show_specific_survey":0,"_uf_disable_surveys":false,"footnotes":""},"categories":[1],"tags":[],"class_list":["post-19404","post","type-post","status-publish","format-standard","has-post-thumbnail","hentry","category-news"],"_links":{"self":[{"href":"https:\/\/agromt.news\/index.php?rest_route=\/wp\/v2\/posts\/19404"}],"collection":[{"href":"https:\/\/agromt.news\/index.php?rest_route=\/wp\/v2\/posts"}],"about":[{"href":"https:\/\/agromt.news\/index.php?rest_route=\/wp\/v2\/types\/post"}],"author":[{"embeddable":true,"href":"https:\/\/agromt.news\/index.php?rest_route=\/wp\/v2\/users\/1"}],"replies":[{"embeddable":true,"href":"https:\/\/agromt.news\/index.php?rest_route=%2Fwp%2Fv2%2Fcomments&post=19404"}],"version-history":[{"count":0,"href":"https:\/\/agromt.news\/index.php?rest_route=\/wp\/v2\/posts\/19404\/revisions"}],"wp:featuredmedia":[{"embeddable":true,"href":"https:\/\/agromt.news\/index.php?rest_route=\/wp\/v2\/media\/19405"}],"wp:attachment":[{"href":"https:\/\/agromt.news\/index.php?rest_route=%2Fwp%2Fv2%2Fmedia&parent=19404"}],"wp:term":[{"taxonomy":"category","embeddable":true,"href":"https:\/\/agromt.news\/index.php?rest_route=%2Fwp%2Fv2%2Fcategories&post=19404"},{"taxonomy":"post_tag","embeddable":true,"href":"https:\/\/agromt.news\/index.php?rest_route=%2Fwp%2Fv2%2Ftags&post=19404"}],"curies":[{"name":"wp","href":"https:\/\/api.w.org\/{rel}","templated":true}]}}