{"id":19400,"date":"2025-08-29T17:13:23","date_gmt":"2025-08-29T21:13:23","guid":{"rendered":"https:\/\/agromt.news\/?p=19400"},"modified":"2025-08-29T17:13:23","modified_gmt":"2025-08-29T21:13:23","slug":"brasil-e-mexico-firmam-acordos-em-biocombustiveis","status":"publish","type":"post","link":"https:\/\/agromt.news\/?p=19400","title":{"rendered":"Brasil e M\u00e9xico firmam acordos em biocombust\u00edveis"},"content":{"rendered":"<p> <br \/>\n<\/p>\n<div>\n<p style=\"text-align:justify\">Ao final das reuni\u00f5es com os secret\u00e1rios de Rela\u00e7\u00f5es Exteriores do M\u00e9xico, Juan Ram\u00f3n de la Fuente, e com o secret\u00e1rio de Economia, Marcelo Ebrard Casaubon, na tarde desta quarta-feira (27), na Cidade do M\u00e9xico, a miss\u00e3o brasileira liderada pelo vice-presidente Geraldo Alckmin celebrou a assinatura de importantes acordos entre o pa\u00eds.&#13;\n<\/p>\n<p style=\"text-align:justify\">Foram firmados dois acordos entre Brasil e M\u00e9xico que tamb\u00e9m promover\u00e3o desenvolvimento no setor agropecu\u00e1rio.<\/p>\n<p style=\"text-align:justify\">A Declara\u00e7\u00e3o de Inten\u00e7\u00f5es em Mat\u00e9ria de Coopera\u00e7\u00e3o Bilateral sobre produ\u00e7\u00e3o e uso de biocombust\u00edveis trata do interc\u00e2mbio tecnol\u00f3gico no setor de biocombust\u00edveis.<\/p>\n<p style=\"text-align:justify\">Entre os objetivos est\u00e1 impulsionar um crescimento ordenado e devidamente regulamentado do setor no M\u00e9xico, aproveitando a reconhecida experi\u00eancia que o Brasil possui na produ\u00e7\u00e3o de etanol a partir da cana-de-a\u00e7\u00facar.<\/p>\n<p style=\"text-align:justify\">O Brasil \u00e9 o maior produtor e exportador de cana-de-a\u00e7ucar do mundo e tamb\u00e9m de se destaca no avan\u00e7o do uso dos biocombust\u00edveis com adi\u00e7\u00e3o de etanol \u00e0 gasolina, por exemplo. A Declara\u00e7\u00e3o tamb\u00e9m prev\u00ea o avan\u00e7o no desenvolvimento de combust\u00edveis sustent\u00e1veis para a avia\u00e7\u00e3o.<\/p>\n<p style=\"text-align:justify\">J\u00e1 o Memorando de Entendimento sobre Coopera\u00e7\u00e3o em Mat\u00e9ria de Promo\u00e7\u00e3o de Investimentos e Fortalecimento de Capacidades entre a Secret\u00e1ria da Economia do M\u00e9xico e a Ag\u00eancia Brasileirs de Promo\u00e7\u00e3o de Exporta\u00e7\u00f5es e Investimentos (Apex) visa fortalecer as rela\u00e7\u00f5es de amizade, entendimento e desenvolvimento econ\u00f4mico que unem o Brasil e o M\u00e9xico com o objetivo de impulsionar um quadro de intera\u00e7\u00e3o que facilite o interc\u00e2mbio de bens, servi\u00e7os e investimentos, bem como a gera\u00e7\u00e3o de novas oportunidades de neg\u00f3cios.&#13;\n<\/p>\n<p style=\"text-align:justify\">\u201cO presidente Lula tem como miss\u00e3o ampliar as oportunidades entre Brasil e M\u00e9xico com um vi\u00e9s que vai muito al\u00e9m da rela\u00e7\u00e3o comercial de alimentos, integrando tamb\u00e9m o pacto global contra a fome. Nosso objetivo \u00e9 aumentar a oferta de alimentos, cada vez mais saud\u00e1veis e acess\u00edveis, e fortalecer essa parceria estrat\u00e9gica&#8221;, declarou o ministro da Agricultura e Pecu\u00e1ria, Carlos F\u00e1varo, durante a reuni\u00e3o com o secret\u00e1rio de Economia.<\/p>\n<p style=\"text-align:justify\">O vice-presidente Alckmin deu \u00eanfase na relev\u00e2ncia do memorando. &#8220;Destaco a import\u00e2ncia do que acabamos de assinar: social, porque gera emprego, renda, novas oportunidades e dignidade para a popula\u00e7\u00e3o; econ\u00f4mica, com investimentos e crescimento do setor produtivo; cient\u00edfica e tecnol\u00f3gica, com novas rotas para a descarboniza\u00e7\u00e3o; e ambiental, pela relev\u00e2ncia para o futuro sustent\u00e1vel&#8221;, disse.&#13;\n<\/p>\n<p style=\"text-align:justify\">Ainda, Alckmin convidou as autoridades mexicanas para a COP30. &#8220;&#8221;Aproveito para convidar todos os irm\u00e3os e irm\u00e3s mexicanos para a COP30, que ser\u00e1 realizada no Brasil, na Amaz\u00f4nia, em Bel\u00e9m do Par\u00e1, agora em novembro. Ser\u00e1 um momento hist\u00f3rico em que o Brasil sediar\u00e1 o mundo no programa de combate \u00e0s mudan\u00e7as clim\u00e1ticas&#8221;.<\/p>\n<p style=\"text-align:justify\">\u00a0<\/p>\n<\/p><\/div>\n<p><script data-cfasync=\"false\">\n    !function (f, b, e, v, n, t, s) {\n        if (f.fbq) return; n = f.fbq = function () {\n            n.callMethod ?\n                n.callMethod.apply(n, arguments) : n.queue.push(arguments)\n        };\n        if (!f._fbq) f._fbq = n; n.push = n; n.loaded = !0; n.version = '2.0';\n        n.queue = []; t = b.createElement(e); t.async = !0;\n        t.src = v; s = b.getElementsByTagName(e)[0];\n        s.parentNode.insertBefore(t, s)\n    }(window, document, 'script',\n        'https:\/\/connect.facebook.net\/en_US\/fbevents.js');\n    fbq('init', '522546078623747');\n    fbq('track', 'PageView');\n<\/script><br \/>\n<br \/><br \/>\n<br \/><a href=\"https:\/\/www.agrolink.com.br\/noticias\/brasil-e-mexico-firmam-acordos-para-biocombustiveis-e-fortalecimento-das-relacoes-comerciais_505392.html\">Source link <\/a><\/p>\n","protected":false},"excerpt":{"rendered":"<p>Ao final das reuni\u00f5es com os secret\u00e1rios de Rela\u00e7\u00f5es Exteriores do M\u00e9xico, Juan Ram\u00f3n de la Fuente, e com o<\/p>\n","protected":false},"author":1,"featured_media":19401,"comment_status":"open","ping_status":"open","sticky":false,"template":"","format":"standard","meta":{"_monsterinsights_skip_tracking":false,"_monsterinsights_sitenote_active":false,"_monsterinsights_sitenote_note":"","_monsterinsights_sitenote_category":0,"_uf_show_specific_survey":0,"_uf_disable_surveys":false,"footnotes":""},"categories":[8,1,14],"tags":[],"class_list":["post-19400","post","type-post","status-publish","format-standard","has-post-thumbnail","hentry","category-agro","category-news","category-politica-agro"],"_links":{"self":[{"href":"https:\/\/agromt.news\/index.php?rest_route=\/wp\/v2\/posts\/19400"}],"collection":[{"href":"https:\/\/agromt.news\/index.php?rest_route=\/wp\/v2\/posts"}],"about":[{"href":"https:\/\/agromt.news\/index.php?rest_route=\/wp\/v2\/types\/post"}],"author":[{"embeddable":true,"href":"https:\/\/agromt.news\/index.php?rest_route=\/wp\/v2\/users\/1"}],"replies":[{"embeddable":true,"href":"https:\/\/agromt.news\/index.php?rest_route=%2Fwp%2Fv2%2Fcomments&post=19400"}],"version-history":[{"count":0,"href":"https:\/\/agromt.news\/index.php?rest_route=\/wp\/v2\/posts\/19400\/revisions"}],"wp:featuredmedia":[{"embeddable":true,"href":"https:\/\/agromt.news\/index.php?rest_route=\/wp\/v2\/media\/19401"}],"wp:attachment":[{"href":"https:\/\/agromt.news\/index.php?rest_route=%2Fwp%2Fv2%2Fmedia&parent=19400"}],"wp:term":[{"taxonomy":"category","embeddable":true,"href":"https:\/\/agromt.news\/index.php?rest_route=%2Fwp%2Fv2%2Fcategories&post=19400"},{"taxonomy":"post_tag","embeddable":true,"href":"https:\/\/agromt.news\/index.php?rest_route=%2Fwp%2Fv2%2Ftags&post=19400"}],"curies":[{"name":"wp","href":"https:\/\/api.w.org\/{rel}","templated":true}]}}