{"id":19399,"date":"2025-08-29T17:00:06","date_gmt":"2025-08-29T21:00:06","guid":{"rendered":"https:\/\/agromt.news\/?p=19399"},"modified":"2025-08-29T17:00:06","modified_gmt":"2025-08-29T21:00:06","slug":"cafezais-das-matas-de-rondonia-sequestram-mais-carbono-do-que-emitem-aponta-estudo","status":"publish","type":"post","link":"https:\/\/agromt.news\/?p=19399","title":{"rendered":"Cafezais das Matas de Rond\u00f4nia sequestram mais carbono do que emitem, aponta estudo"},"content":{"rendered":"<p> <br \/>\n<br \/><img decoding=\"async\" src=\"https:\/\/agromt.news\/wp-content\/uploads\/2025\/06\/cotacoes-operam-nas-menores-medias-do-ano.png\" \/><\/p>\n<div>\n<p>Um estudo in\u00e9dito da <strong><a href=\"https:\/\/www.canalrural.com.br\/tag\/embrapa\/\">Embrapa<\/a><\/strong> mostrou que os cafezais da agricultura familiar nas Matas de Rond\u00f4nia apresentam um balan\u00e7o positivo de carbono. Na pr\u00e1tica, as lavouras sequestram em m\u00e9dia de duas a tr\u00eas vezes mais carbono do que emitem, refor\u00e7ando o potencial do caf\u00e9 robusta amaz\u00f4nico como aliado no combate \u00e0s mudan\u00e7as clim\u00e1ticas e abrindo caminho para novas pesquisas e oportunidades em cr\u00e9ditos de carbono.<\/p>\n<p><iframe title=\"Cafezais das matas de Rond\u00f4nia sequestram mais carbono do que emitem\" width=\"800\" height=\"450\" src=\"https:\/\/www.youtube.com\/embed\/WrVxpO-uRfs?feature=oembed\" frameborder=\"0\" allow=\"accelerometer; autoplay; clipboard-write; encrypted-media; gyroscope; picture-in-picture; web-share\" referrerpolicy=\"strict-origin-when-cross-origin\" allowfullscreen><\/iframe><\/p>\n<p>De acordo com Carlos Ronquim, pesquisador da Embrapa Territorial, foram entrevistados mais de 250 produtores rurais para avaliar o manejo da cultura. Foram analisados o uso de insumos, como fertilizantes nitrogenados e calc\u00e1rio, al\u00e9m do consumo de combust\u00edvel. Essas informa\u00e7\u00f5es serviram de base para estimar as emiss\u00f5es de carbono.<\/p>\n<p>Para calcular o estoque de carbono, os pesquisadores coletaram 150 plantas adultas em 15 propriedades, analisando ra\u00edzes, caules, folhas e frutos. O material foi pesado e estudado em laborat\u00f3rio. O resultado mostrou que cada hectare de caf\u00e9 sequestra cerca de 7 toneladas de CO\u2082 por ano, enquanto emite 3 toneladas nos tratos culturais. O saldo final \u00e9 positivo: 4 toneladas de CO\u2082 sequestradas por hectare anualmente.<\/p>\n<p>\u201cEsse resultado mostra que a cafeicultura \u00e9 sustent\u00e1vel, j\u00e1 que captura mais carbono do que emite. E ainda avaliamos apenas a biomassa, sem incluir o solo, que tamb\u00e9m pode representar um estoque importante\u201d, destacou Ronquim.<\/p>\n<\/div>\n<div>\n<h2 class=\"wp-block-heading\" id=\"h-creditos-de-carbono-e-financiamento\">Cr\u00e9ditos de carbono e financiamento<\/h2>\n<p>Segundo o pesquisador, os dados podem beneficiar financeiramente os produtores. \u201cSe o agricultor comprovar que consegue reduzir emiss\u00f5es ao longo dos anos, ele pode acessar financiamentos com juros menores e, no futuro, at\u00e9 negociar cr\u00e9ditos de carbono. Isso fortalece a imagem do caf\u00e9 amaz\u00f4nico como uma produ\u00e7\u00e3o sustent\u00e1vel e ainda contribui para as metas brasileiras de redu\u00e7\u00e3o de gases de efeito estufa\u201d, explicou.<\/p>\n<h2 class=\"wp-block-heading\" id=\"h-manejo-sustentavel-dos-cafezais\">Manejo sustent\u00e1vel dos cafezais<\/h2>\n<p>O estudo tamb\u00e9m apontou que 80% das emiss\u00f5es da cafeicultura est\u00e3o relacionadas ao uso de adubos nitrogenados. Para reduzir esse impacto, Ronquim sugere pr\u00e1ticas como substituir parte dos fertilizantes qu\u00edmicos por adubos org\u00e2nicos, usar inoculantes microbiol\u00f3gicos, parcelar a aduba\u00e7\u00e3o em mais aplica\u00e7\u00f5es e integrar leguminosas entre as linhas dos cafezais. Essas medidas podem reduzir as emiss\u00f5es e melhorar a qualidade do solo.<\/p>\n<h2 class=\"wp-block-heading\" id=\"h-exportacao-favorecida\">Exporta\u00e7\u00e3o favorecida<\/h2>\n<p>Outro ponto destacado foi o mapeamento completo das \u00e1reas de caf\u00e9 da regi\u00e3o, que somam 35 mil hectares dentro de uma \u00e1rea de 4,2 milh\u00f5es de hectares das Matas de Rond\u00f4nia. A an\u00e1lise mostrou baixo \u00edndice de desmatamento (apenas 0,1%) entre 2021 e 2025, o que atende \u00e0s exig\u00eancias da nova legisla\u00e7\u00e3o europeia que pro\u00edbe a importa\u00e7\u00e3o de commodities associadas ao desmatamento.<\/p>\n<p>\u201cEsse levantamento comprova que o caf\u00e9 de Rond\u00f4nia tem condi\u00e7\u00f5es de acessar o mercado europeu sem restri\u00e7\u00f5es, al\u00e9m de agregar valor ao produto por seu perfil sustent\u00e1vel\u201d, concluiu Ronquim.<\/p>\n<\/p><\/div>\n<p><br \/>\n<br \/><a href=\"https:\/\/www.canalrural.com.br\/agricultura\/cafe\/cafezais-das-matas-de-rondonia-sequestram-mais-carbono-do-que-emitem-aponta-estudo\/\">Source link <\/a><\/p>\n","protected":false},"excerpt":{"rendered":"<p>Um estudo in\u00e9dito da Embrapa mostrou que os cafezais da agricultura familiar nas Matas de Rond\u00f4nia apresentam um balan\u00e7o positivo<\/p>\n","protected":false},"author":1,"featured_media":15578,"comment_status":"open","ping_status":"open","sticky":false,"template":"","format":"standard","meta":{"_monsterinsights_skip_tracking":false,"_monsterinsights_sitenote_active":false,"_monsterinsights_sitenote_note":"","_monsterinsights_sitenote_category":0,"_uf_show_specific_survey":0,"_uf_disable_surveys":false,"footnotes":""},"categories":[1],"tags":[],"class_list":["post-19399","post","type-post","status-publish","format-standard","has-post-thumbnail","hentry","category-news"],"_links":{"self":[{"href":"https:\/\/agromt.news\/index.php?rest_route=\/wp\/v2\/posts\/19399"}],"collection":[{"href":"https:\/\/agromt.news\/index.php?rest_route=\/wp\/v2\/posts"}],"about":[{"href":"https:\/\/agromt.news\/index.php?rest_route=\/wp\/v2\/types\/post"}],"author":[{"embeddable":true,"href":"https:\/\/agromt.news\/index.php?rest_route=\/wp\/v2\/users\/1"}],"replies":[{"embeddable":true,"href":"https:\/\/agromt.news\/index.php?rest_route=%2Fwp%2Fv2%2Fcomments&post=19399"}],"version-history":[{"count":0,"href":"https:\/\/agromt.news\/index.php?rest_route=\/wp\/v2\/posts\/19399\/revisions"}],"wp:featuredmedia":[{"embeddable":true,"href":"https:\/\/agromt.news\/index.php?rest_route=\/wp\/v2\/media\/15578"}],"wp:attachment":[{"href":"https:\/\/agromt.news\/index.php?rest_route=%2Fwp%2Fv2%2Fmedia&parent=19399"}],"wp:term":[{"taxonomy":"category","embeddable":true,"href":"https:\/\/agromt.news\/index.php?rest_route=%2Fwp%2Fv2%2Fcategories&post=19399"},{"taxonomy":"post_tag","embeddable":true,"href":"https:\/\/agromt.news\/index.php?rest_route=%2Fwp%2Fv2%2Ftags&post=19399"}],"curies":[{"name":"wp","href":"https:\/\/api.w.org\/{rel}","templated":true}]}}