{"id":19371,"date":"2025-08-29T09:27:21","date_gmt":"2025-08-29T13:27:21","guid":{"rendered":"https:\/\/agromt.news\/?p=19371"},"modified":"2025-08-29T09:27:21","modified_gmt":"2025-08-29T13:27:21","slug":"chegada-de-milho-reforca-provb-no-para","status":"publish","type":"post","link":"https:\/\/agromt.news\/?p=19371","title":{"rendered":"Chegada de milho refor\u00e7a ProVB no Par\u00e1"},"content":{"rendered":"<p> <br \/>\n<\/p>\n<div>\n<div class=\"row\">\n<div class=\"col-lg col-infos mt-0 mt-lg-0\">\n<div class=\"section-sub-title\">\n<p itemprop=\"description\">&#13;<br \/>\n                                Em 2024, o ProVB registrou recorde de vendas no estado&#13;\n                            <\/p>\n<\/p><\/div>\n<div class=\"container\">\n<div class=\"row\">\n<div class=\"col-lg p-0\">\n<div>\n<div class=\"block-news-main-infos mt-3 text-start\">\n<p>                                            <strong class=\"fn\" itemprop=\"author\" style=\"color: rgb(112, 112, 112); \">&#13;<br \/>\n                                                <a href=\"https:\/\/www.gov.br\/conab\/pt-br\/assuntos\/noticias\/para-mais-205-toneladas-de-milho-chegam-para-o-provb\" class=\"text-uppercase\" target=\"_blank\" style=\"color: rgb(112, 112, 112); \" rel=\"noopener\">CONAB<\/a>&#13;<br \/>\n&#13;<br \/>\n&#13;<br \/>\n                                            <\/strong><br \/>\n                                        <\/p>\n<p>                                            <abbr><time datetime=\"2025-08-28T09:27\" itemprop=\"datePublished dateModified\">Publicado em 28\/08\/2025 \u00e0s 09:27h.<\/time><\/abbr><br \/>\n                                            <\/p><\/div>\n<\/p><\/div>\n<\/p><\/div>\n<div class=\"col-lg p-0 text-lg-end\">\n<div>\n<div id=\"mdEnviarPagina\" class=\"modal fade\" role=\"dialog\">\n<div class=\"modal-dialog\">\n<div class=\"modal-content\">\n<div class=\"modal-body\">\n<p><strong>Estimado usu\u00e1rio.<\/strong><br \/>Preencha o formul\u00e1rio abaixo para remeter a p\u00e1gina.<\/p>\n<\/p><\/div>\n<\/p><\/div>\n<\/p><\/div>\n<\/div><\/div>\n<\/p><\/div>\n<\/p><\/div>\n<\/p><\/div>\n<\/p><\/div>\n<\/p><\/div>\n<div class=\"row justify-content-md-center mt-3\">\n<div class=\"col-lg-auto col-image block-news-main-image\">\n<p>                                <img decoding=\"async\" src=\"https:\/\/www.agrolink.com.br\/upload\/imagens-resizes\/efe634a1e2564f26a6bf53f00d828b5b_858x483.jpg\" class=\"lazyload img-fluid\"\/><br \/>\n                                                <span class=\"publicity-photo d-block mt-1\">Foto: Divulga\u00e7\u00e3o<\/span><\/p><\/div>\n<\/p><\/div>\n<div class=\"section-description section-description-noticias mt-3\">\n<p style=\"text-align:justify\">Nesta semana, a Companhia Nacional de Abastecimento (Conab) recebeu mais de 205 toneladas de <a href=\"https:\/\/www.agrolink.com.br\/culturas\/milho?utm_source=agrolink-detalhe-noticia&amp;utm_medium=detalhe-noticia&amp;utm_campaign=links-internos&#9;\" target=\"_blank\" rel=\"noopener\">milho<\/a> em gr\u00e3os destinados ao Programa de Venda em Balc\u00e3o (ProVB) no Par\u00e1. O produto foi armazenado na Unidade Armazenadora de Ananindeua. Com essa opera\u00e7\u00e3o, somada \u00e0 remessa anterior (Frete 023\/2025) de cerca de 795 toneladas, ser\u00e1 conclu\u00edda a recep\u00e7\u00e3o de um total de 1 mil toneladas de <a href=\"https:\/\/www.agrolink.com.br\/culturas\/milho?utm_source=agrolink-detalhe-noticia&amp;utm_medium=detalhe-noticia&amp;utm_campaign=links-internos&#9;\" target=\"_blank\" rel=\"noopener\">milho<\/a> para o programa no exerc\u00edcio atual.&#13;\n<\/p>\n<p style=\"text-align:justify\">Em 2024, o ProVB registrou recorde de vendas no estado, com aproximadamente 1.1 mil toneladas comercializadas, contra mais de 400 toneladas em 2023 \u2014 um crescimento de cerca de 172%. J\u00e1 em 2025, at\u00e9 21 de agosto, foram removidas mais de 1.3 toneladas de milho para atendimento \u00e0 demanda, das quais em torno de 900 toneladas j\u00e1 foram vendidas. A expectativa \u00e9 de que, at\u00e9 o final do ano, o volume comercializado atinja 1.5 mil toneladas, o que representa um aumento superior a 30% em rela\u00e7\u00e3o ao ano anterior, ampliando o acesso ao produto para pequenos criadores de animais.&#13;\n<\/p>\n<p style=\"text-align:justify\">Programa \u2013 O ProVB possibilita a compra direta do gr\u00e3o por pequenos criadores de animais, com limite mensal de aquisi\u00e7\u00e3o de at\u00e9 27 toneladas por cliente. Os pre\u00e7os de venda s\u00e3o atualizados quinzenalmente. Podem participar suinocultores, avicultores, bovinocultores, caprinocultores, ovinocultores, entre outros produtores. Com isso o Programa equipara as condi\u00e7\u00f5es de acesso ao milho dos estoques p\u00fablicos para produtores de diferentes portes.&#13;\n<\/p>\n<p style=\"text-align:justify\">\u00a0<\/p>\n<\/p><\/div>\n<\/p><\/div>\n<p><script data-cfasync=\"false\">\n    !function (f, b, e, v, n, t, s) {\n        if (f.fbq) return; n = f.fbq = function () {\n            n.callMethod ?\n                n.callMethod.apply(n, arguments) : n.queue.push(arguments)\n        };\n        if (!f._fbq) f._fbq = n; n.push = n; n.loaded = !0; n.version = '2.0';\n        n.queue = []; t = b.createElement(e); t.async = !0;\n        t.src = v; s = b.getElementsByTagName(e)[0];\n        s.parentNode.insertBefore(t, s)\n    }(window, document, 'script',\n        'https:\/\/connect.facebook.net\/en_US\/fbevents.js');\n    fbq('init', '522546078623747');\n    fbq('track', 'PageView');\n<\/script><br \/>\n<br \/><br \/>\n<br \/><a href=\"https:\/\/www.agrolink.com.br\/noticias\/para---mais-205-toneladas-de-milho-chegam-para-o-provb_505395.html\">Source link <\/a><\/p>\n","protected":false},"excerpt":{"rendered":"<p>&#13; Em 2024, o ProVB registrou recorde de vendas no estado&#13; &#13; CONAB&#13; &#13; &#13; Publicado em 28\/08\/2025 \u00e0s 09:27h.<\/p>\n","protected":false},"author":1,"featured_media":3364,"comment_status":"open","ping_status":"open","sticky":false,"template":"","format":"standard","meta":{"_monsterinsights_skip_tracking":false,"_monsterinsights_sitenote_active":false,"_monsterinsights_sitenote_note":"","_monsterinsights_sitenote_category":0,"_uf_show_specific_survey":0,"_uf_disable_surveys":false,"footnotes":""},"categories":[8,1,14],"tags":[],"class_list":["post-19371","post","type-post","status-publish","format-standard","has-post-thumbnail","hentry","category-agro","category-news","category-politica-agro"],"_links":{"self":[{"href":"https:\/\/agromt.news\/index.php?rest_route=\/wp\/v2\/posts\/19371"}],"collection":[{"href":"https:\/\/agromt.news\/index.php?rest_route=\/wp\/v2\/posts"}],"about":[{"href":"https:\/\/agromt.news\/index.php?rest_route=\/wp\/v2\/types\/post"}],"author":[{"embeddable":true,"href":"https:\/\/agromt.news\/index.php?rest_route=\/wp\/v2\/users\/1"}],"replies":[{"embeddable":true,"href":"https:\/\/agromt.news\/index.php?rest_route=%2Fwp%2Fv2%2Fcomments&post=19371"}],"version-history":[{"count":0,"href":"https:\/\/agromt.news\/index.php?rest_route=\/wp\/v2\/posts\/19371\/revisions"}],"wp:featuredmedia":[{"embeddable":true,"href":"https:\/\/agromt.news\/index.php?rest_route=\/wp\/v2\/media\/3364"}],"wp:attachment":[{"href":"https:\/\/agromt.news\/index.php?rest_route=%2Fwp%2Fv2%2Fmedia&parent=19371"}],"wp:term":[{"taxonomy":"category","embeddable":true,"href":"https:\/\/agromt.news\/index.php?rest_route=%2Fwp%2Fv2%2Fcategories&post=19371"},{"taxonomy":"post_tag","embeddable":true,"href":"https:\/\/agromt.news\/index.php?rest_route=%2Fwp%2Fv2%2Ftags&post=19371"}],"curies":[{"name":"wp","href":"https:\/\/api.w.org\/{rel}","templated":true}]}}