{"id":19370,"date":"2025-08-29T09:12:31","date_gmt":"2025-08-29T13:12:31","guid":{"rendered":"https:\/\/agromt.news\/?p=19370"},"modified":"2025-08-29T09:12:31","modified_gmt":"2025-08-29T13:12:31","slug":"governo-inicia-processo-para-aplicacao-da-lei-da-reciprocidade-contra-os-eua","status":"publish","type":"post","link":"https:\/\/agromt.news\/?p=19370","title":{"rendered":"Governo inicia processo para aplica\u00e7\u00e3o da Lei da Reciprocidade contra os EUA"},"content":{"rendered":"<p> <br \/>\n<br \/><img decoding=\"async\" src=\"https:\/\/agromt.news\/wp-content\/uploads\/2025\/07\/Brasil-envia-carta-para-os-EUA-pedindo-negociacao-e-destacando.jpg\" \/><\/p>\n<div>\n<p>O governo brasileiro deu in\u00edcio \u00e0s tratativas para aplicar a Lei da Reciprocidade Econ\u00f4mica contra os Estados Unidos, em resposta \u00e0s tarifas adicionais de 50% impostas pelo pa\u00eds norte-americano sobre exporta\u00e7\u00f5es brasileiras.<\/p>\n<p>A decis\u00e3o foi autorizada pelo presidente Lula e prev\u00ea a abertura de consultas formais para avaliar quais medidas podem ser adotadas. O processo envolve o Minist\u00e9rio das Rela\u00e7\u00f5es Exteriores (Itamaraty), a C\u00e2mara de Com\u00e9rcio Exterior (Camex) e os minist\u00e9rios da Casa Civil e da Fazenda.<\/p>\n<p><em>Veja em primeira m\u00e3o tudo sobre agricultura, pecu\u00e1ria, economia e previs\u00e3o do tempo:<\/em><a href=\"https:\/\/news.google.com\/publications\/CAAqBwgKMPKZlQswq_mqAw?hl=pt-BR&amp;gl=BR&amp;ceid=BR%3Apt-419\" target=\"_blank\" rel=\"noreferrer noopener\"><em>\u00a0siga o Canal Rural no Google News!<\/em><\/a><\/p>\n<\/div>\n<div>\n<p>A Camex ter\u00e1 at\u00e9 30 dias para elaborar um relat\u00f3rio t\u00e9cnico sobre os impactos do tarifa\u00e7o e indicar poss\u00edveis contramedidas. Entre as alternativas est\u00e3o a ado\u00e7\u00e3o de tarifas adicionais contra produtos e servi\u00e7os americanos ou a\u00e7\u00f5es relacionadas \u00e0 \u00e1rea de propriedade intelectual.<\/p>\n<p>Os Estados Unidos devem ser notificados oficialmente j\u00e1 nesta sexta-feira (29) sobre o in\u00edcio do processo. Caso haja base legal, ser\u00e1 criado um grupo de trabalho espec\u00edfico para definir as medidas de retalia\u00e7\u00e3o.<\/p>\n<p>Em entrevista \u00e0 imprensa, <a href=\"https:\/\/www.canalrural.com.br\/agricultura\/acordos-entre-brasil-e-mexico-envolvem-de-pessegos-e-aspargos-a-avioes-e-farinha\/\">no M\u00e9xico<\/a>, na quinta-feira (28), o vice-presidente e ministro do Desenvolvimento, Ind\u00fastria, Com\u00e9rcio e Servi\u00e7o, Geraldo Alckmin, destacou que a aplica\u00e7\u00e3o da lei busca \u201cacelerar o di\u00e1logo e as negocia\u00e7\u00f5es\u201d com Washington. Ele ressaltou que o Brasil pretende usar a medida como forma de press\u00e3o estrat\u00e9gica, diante da aus\u00eancia de respostas do governo norte-americano a pedidos de reuni\u00e3o.<\/p>\n<\/p><\/div>\n<p><br \/>\n<br \/><a href=\"https:\/\/www.canalrural.com.br\/nacional\/governo-inicia-processo-para-aplicacao-da-lei-da-reciprocidade-contra-os-eua\/\">Source link <\/a><\/p>\n","protected":false},"excerpt":{"rendered":"<p>O governo brasileiro deu in\u00edcio \u00e0s tratativas para aplicar a Lei da Reciprocidade Econ\u00f4mica contra os Estados Unidos, em resposta<\/p>\n","protected":false},"author":1,"featured_media":16863,"comment_status":"open","ping_status":"open","sticky":false,"template":"","format":"standard","meta":{"_monsterinsights_skip_tracking":false,"_monsterinsights_sitenote_active":false,"_monsterinsights_sitenote_note":"","_monsterinsights_sitenote_category":0,"_uf_show_specific_survey":0,"_uf_disable_surveys":false,"footnotes":""},"categories":[1],"tags":[],"class_list":["post-19370","post","type-post","status-publish","format-standard","has-post-thumbnail","hentry","category-news"],"_links":{"self":[{"href":"https:\/\/agromt.news\/index.php?rest_route=\/wp\/v2\/posts\/19370"}],"collection":[{"href":"https:\/\/agromt.news\/index.php?rest_route=\/wp\/v2\/posts"}],"about":[{"href":"https:\/\/agromt.news\/index.php?rest_route=\/wp\/v2\/types\/post"}],"author":[{"embeddable":true,"href":"https:\/\/agromt.news\/index.php?rest_route=\/wp\/v2\/users\/1"}],"replies":[{"embeddable":true,"href":"https:\/\/agromt.news\/index.php?rest_route=%2Fwp%2Fv2%2Fcomments&post=19370"}],"version-history":[{"count":0,"href":"https:\/\/agromt.news\/index.php?rest_route=\/wp\/v2\/posts\/19370\/revisions"}],"wp:featuredmedia":[{"embeddable":true,"href":"https:\/\/agromt.news\/index.php?rest_route=\/wp\/v2\/media\/16863"}],"wp:attachment":[{"href":"https:\/\/agromt.news\/index.php?rest_route=%2Fwp%2Fv2%2Fmedia&parent=19370"}],"wp:term":[{"taxonomy":"category","embeddable":true,"href":"https:\/\/agromt.news\/index.php?rest_route=%2Fwp%2Fv2%2Fcategories&post=19370"},{"taxonomy":"post_tag","embeddable":true,"href":"https:\/\/agromt.news\/index.php?rest_route=%2Fwp%2Fv2%2Ftags&post=19370"}],"curies":[{"name":"wp","href":"https:\/\/api.w.org\/{rel}","templated":true}]}}