{"id":19369,"date":"2025-08-29T08:30:18","date_gmt":"2025-08-29T12:30:18","guid":{"rendered":"https:\/\/agromt.news\/?p=19369"},"modified":"2025-08-29T08:30:18","modified_gmt":"2025-08-29T12:30:18","slug":"sexta-feira-deve-ter-chuva-em-varias-partes-do-pais-veja-a-previsao-do-tempo","status":"publish","type":"post","link":"https:\/\/agromt.news\/?p=19369","title":{"rendered":"Sexta-feira deve ter chuva em v\u00e1rias partes do pa\u00eds, veja a previs\u00e3o do tempo"},"content":{"rendered":"<p> <br \/>\n<br \/><img decoding=\"async\" src=\"https:\/\/agromt.news\/wp-content\/uploads\/2025\/05\/Chuva-forte-tempestade.jpg\" \/><\/p>\n<div>\n<p>A circula\u00e7\u00e3o de ventos trazendo umidade do oceano deve favorecer a ocorr\u00eancia de chuva fraca sobre o leste e litoral de Santa Catarina nesta sexta-feira (29). No Paran\u00e1, algumas \u00e1reas entre o norte e nordeste do estado podem contar com a ocorr\u00eancia de pancadas de chuva com moderada a eventual forte intensidade \u2013 acompanhadas por raios e trovoadas \u2013, devido ao avan\u00e7o de algumas instabilidades que atuam sobre o sul de S\u00e3o Paulo. Entre o leste e litoral paranaense, os ventos \u00famidos que v\u00eam do oceano tamb\u00e9m podem provocar a maior forma\u00e7\u00e3o de nebulosidade e a ocorr\u00eancia de pancadas de chuva no per\u00edodo da tarde.<\/p>\n<p>No Rio Grande do Sul, o predom\u00ednio j\u00e1 ser\u00e1 de tempo aberto ao longo das horas, com predom\u00ednio de sol entre algumas nuvens no c\u00e9u. Na metade leste ga\u00facha, as temperaturas permanecem mais amenas durante o dia, ainda fruto da circula\u00e7\u00e3o de ventos frescos que v\u00eam do oceano. Entre a costa doce, litoral e sul ga\u00facho, as rajadas de vento ganham for\u00e7a ao longo do dia \u2013 apesar do tempo aberto \u2013 e podem ultrapassar os 50 km\/h. Por outro lado, na metade oeste, os term\u00f4metros voltam a apresentar maior aumento.<\/p>\n<p><em>Veja em primeira m\u00e3o tudo sobre agricultura, pecu\u00e1ria, economia e previs\u00e3o do tempo:<\/em><a href=\"https:\/\/news.google.com\/publications\/CAAqBwgKMPKZlQswq_mqAw?hl=pt-BR&amp;gl=BR&amp;ceid=BR%3Apt-419\" target=\"_blank\" rel=\"noreferrer noopener\"><em>\u00a0siga o Canal Rural no Google News!<\/em><\/a><\/p>\n<p>No Sudeste, o avan\u00e7o de um cavado meteorol\u00f3gico em n\u00edveis m\u00e9dios da atmosfera deve favorecer o retorno das pancadas de chuva sobre o estado de S\u00e3o Paulo, oeste e sul de Minas Gerais, al\u00e9m de parte do Rio de Janeiro. A chuva come\u00e7a ainda pela manh\u00e3 em algumas \u00e1reas isoladas do estado paulista, ganha for\u00e7a e avan\u00e7a a partir do per\u00edodo da tarde sobre o estado mineiro e no Sul Fluminense, caindo em forma de pancadas. H\u00e1 risco de chuva forte acompanhada por raios e rajadas de vento em boa parte do interior paulista, centro-sul e oeste mineiro. <\/p>\n<p>Entre a Regi\u00e3o Metropolitana de S\u00e3o Paulo, regi\u00e3o de Campinas, Vale do Para\u00edba, Litoral Norte de SP, Sul de Minas e Zona da Mata, al\u00e9m de \u00e1reas do Centro e Sul Fluminense, o cen\u00e1rio \u00e9 de alerta para temporais com raios, ventos e at\u00e9 mesmo eventual queda de granizo.<\/p>\n<p>Em S\u00e3o Paulo, o dia j\u00e1 pode amanhecer debaixo de chuva, que persiste e pode vir forte no decorrer das horas. Pode chover tamb\u00e9m de maneira isolada e com fraca a moderada intensidade em algumas cidades do sul do Esp\u00edrito Santo. Na metade norte capixaba e mineira, o predom\u00ednio segue sendo de tempo firme, marcado pela presen\u00e7a do sol entre algumas nuvens no c\u00e9u. Na parte da tarde, calor e baixa umidade do ar seguem marcando presen\u00e7a.<\/p>\n<\/div>\n<div>\n<p>Enquanto no Centro-Oeste, a atua\u00e7\u00e3o do mesmo cavado meteorol\u00f3gico que tamb\u00e9m influencia nas condi\u00e7\u00f5es de tempo inst\u00e1vel no sudeste do pa\u00eds deve contribuir para que se tenha condi\u00e7\u00f5es para algumas pancadas isoladas de chuva na regi\u00e3o central, leste e nordeste de Mato Grosso do Sul, sobretudo entre o fim da manh\u00e3 e a segunda metade da tarde. Ainda assim, n\u00e3o s\u00e3o esperados acumulados significativos, e apenas algumas \u00e1reas do extremo nordeste do estado podem contar com a ocorr\u00eancia de chuva forte. <\/p>\n<p>Algumas \u00e1reas do extremo sul de Goi\u00e1s tamb\u00e9m podem contar com a ocorr\u00eancia de chuva forte com raios no per\u00edodo da tarde. Nas demais regi\u00f5es, o predom\u00ednio continua sendo de tempo firme, com sol e algumas nuvens marcando presen\u00e7a no c\u00e9u. Entre a metade norte de Goi\u00e1s, Mato Grosso e o Distrito Federal, o destaque continua sendo a condi\u00e7\u00e3o de tempo firme, calor intenso e umidade relativa do ar em n\u00edveis cr\u00edticos.<\/p>\n<p>J\u00e1 no Nordeste, a circula\u00e7\u00e3o de ventos que sopram do oceano, trazendo umidade para o continente, deve realizar a manuten\u00e7\u00e3o da chuva sobre parte da costa leste. Ao longo do dia, haver\u00e1 condi\u00e7\u00f5es para pancadas de chuva com fraca a moderada intensidade, e risco de chuva forte na regi\u00e3o do rec\u00f4ncavo baiano, entre Macei\u00f3 e Jo\u00e3o Pessoa. Por outro lado, o interior segue mais seco e quente, ainda sob atua\u00e7\u00e3o de um sistema de alta press\u00e3o em n\u00edveis m\u00e9dios da atmosfera, que impede a forma\u00e7\u00e3o de nebulosidade e instabilidades.<\/p>\n<p>Diversas cidades devem seguir registrando \u00edndices de umidade relativa do ar cr\u00edticos durante as horas mais quentes. Al\u00e9m disso, os ventos continuam soprando no decorrer do dia, com rajadas moderadas que variam entre 40 e 50 km\/h em boa parte da regi\u00e3o.<\/p>\n<p>E no Norte, boa parte dos estados tamb\u00e9m deve seguir sob influ\u00eancia da \u00e1rea de alta press\u00e3o em n\u00edveis m\u00e9dios da atmosfera, e a chuva segue concentrada apenas sobre algumas \u00e1reas do estado do Amazonas e em Roraima. Ainda assim, n\u00e3o s\u00e3o esperados epis\u00f3dios de chuva forte generalizada ou at\u00e9 mesmo temporais, apenas pancadas de chuva mais localizadas. Pode chover de maneira isolada tamb\u00e9m no litoral do Par\u00e1. Nas demais regi\u00f5es, o predom\u00ednio segue sendo de tempo firme, com sol entre algumas nuvens e calor marcando presen\u00e7a ao longo do dia. Entre Rond\u00f4nia, Tocantins e sul do Par\u00e1, as m\u00e1ximas podem chegar na faixa dos 40\u00baC \u00e0 tarde.<\/p>\n<div data-icp-cta=\"1\" id=\"icp-cta-unique\">Voc\u00ea quer entender como usar o clima a seu favor?<b> <\/b><a href=\"https:\/\/climacampo.canalrural.com.br\/climacampo_-01\">Preparamos um e-book exclusivo<\/a> para ajudar produtores rurais a se antecipar \u00e0s mudan\u00e7as do tempo e planejar melhor suas a\u00e7\u00f5es. Com base em previs\u00f5es meteorol\u00f3gicas confi\u00e1veis, ele oferece orienta\u00e7\u00f5es pr\u00e1ticas para proteger sua lavoura e otimizar seus resultados.<\/div>\n<\/div>\n<p><br \/>\n<br \/><a href=\"https:\/\/www.canalrural.com.br\/tempo\/sexta-feira-deve-ter-chuva-em-varias-partes-do-pais-veja-a-previsao-do-tempo\/\">Source link <\/a><\/p>\n","protected":false},"excerpt":{"rendered":"<p>A circula\u00e7\u00e3o de ventos trazendo umidade do oceano deve favorecer a ocorr\u00eancia de chuva fraca sobre o leste e litoral<\/p>\n","protected":false},"author":1,"featured_media":13461,"comment_status":"open","ping_status":"open","sticky":false,"template":"","format":"standard","meta":{"_monsterinsights_skip_tracking":false,"_monsterinsights_sitenote_active":false,"_monsterinsights_sitenote_note":"","_monsterinsights_sitenote_category":0,"_uf_show_specific_survey":0,"_uf_disable_surveys":false,"footnotes":""},"categories":[1],"tags":[],"class_list":["post-19369","post","type-post","status-publish","format-standard","has-post-thumbnail","hentry","category-news"],"_links":{"self":[{"href":"https:\/\/agromt.news\/index.php?rest_route=\/wp\/v2\/posts\/19369"}],"collection":[{"href":"https:\/\/agromt.news\/index.php?rest_route=\/wp\/v2\/posts"}],"about":[{"href":"https:\/\/agromt.news\/index.php?rest_route=\/wp\/v2\/types\/post"}],"author":[{"embeddable":true,"href":"https:\/\/agromt.news\/index.php?rest_route=\/wp\/v2\/users\/1"}],"replies":[{"embeddable":true,"href":"https:\/\/agromt.news\/index.php?rest_route=%2Fwp%2Fv2%2Fcomments&post=19369"}],"version-history":[{"count":0,"href":"https:\/\/agromt.news\/index.php?rest_route=\/wp\/v2\/posts\/19369\/revisions"}],"wp:featuredmedia":[{"embeddable":true,"href":"https:\/\/agromt.news\/index.php?rest_route=\/wp\/v2\/media\/13461"}],"wp:attachment":[{"href":"https:\/\/agromt.news\/index.php?rest_route=%2Fwp%2Fv2%2Fmedia&parent=19369"}],"wp:term":[{"taxonomy":"category","embeddable":true,"href":"https:\/\/agromt.news\/index.php?rest_route=%2Fwp%2Fv2%2Fcategories&post=19369"},{"taxonomy":"post_tag","embeddable":true,"href":"https:\/\/agromt.news\/index.php?rest_route=%2Fwp%2Fv2%2Ftags&post=19369"}],"curies":[{"name":"wp","href":"https:\/\/api.w.org\/{rel}","templated":true}]}}