{"id":19368,"date":"2025-08-29T07:30:52","date_gmt":"2025-08-29T11:30:52","guid":{"rendered":"https:\/\/agromt.news\/?p=19368"},"modified":"2025-08-29T07:30:52","modified_gmt":"2025-08-29T11:30:52","slug":"deputado-quer-proibir-financiamento-publico-ao-mst","status":"publish","type":"post","link":"https:\/\/agromt.news\/?p=19368","title":{"rendered":"Deputado quer proibir financiamento p\u00fablico ao MST"},"content":{"rendered":"<p> <br \/>\n<\/p>\n<div>\n<div class=\"row\">\n<div class=\"col-lg col-infos mt-0 mt-lg-0\">\n<div class=\"section-sub-title\">\n<p itemprop=\"description\">&#13;<br \/>\n                                A medida visa garantir o respeito ao direito de propriedade&#13;\n                            <\/p>\n<\/p><\/div>\n<div class=\"container\">\n<div class=\"row\">\n<div class=\"col-lg p-0\">\n<div>\n<div class=\"block-news-main-infos mt-3 text-start\">\n<p>                                            <strong class=\"fn\" itemprop=\"author\" style=\"color: rgb(112, 112, 112); \">&#13;<br \/>\n                                                <a href=\"https:\/\/www.agrolink.com.br\/noticias\/javascript:;\" class=\"text-uppercase\" target=\"_blank\" style=\"color: rgb(112, 112, 112); \" rel=\"noopener\">Agrolink<\/a>&#13;<br \/>\n&#13;<br \/>\n                                                    &#8211; Leonardo Gottems&#13;<br \/>\n&#13;<br \/>\n                                            <\/strong><br \/>\n                                        <\/p>\n<p>                                            <abbr><time datetime=\"2025-08-28T10:43\" itemprop=\"datePublished dateModified\">Publicado em 28\/08\/2025 \u00e0s 10:43h.<\/time><\/abbr><br \/>\n                                            <\/p><\/div>\n<\/p><\/div>\n<\/p><\/div>\n<div class=\"col-lg p-0 text-lg-end\">\n<div>\n<div id=\"mdEnviarPagina\" class=\"modal fade\" role=\"dialog\">\n<div class=\"modal-dialog\">\n<div class=\"modal-content\">\n<div class=\"modal-body\">\n<p><strong>Estimado usu\u00e1rio.<\/strong><br \/>Preencha o formul\u00e1rio abaixo para remeter a p\u00e1gina.<\/p>\n<\/p><\/div>\n<\/p><\/div>\n<\/p><\/div>\n<\/div><\/div>\n<\/p><\/div>\n<\/p><\/div>\n<\/p><\/div>\n<\/p><\/div>\n<\/p><\/div>\n<div class=\"row justify-content-md-center mt-3\">\n<div class=\"col-lg-auto col-image block-news-main-image\">\n<p>                                <img decoding=\"async\" src=\"https:\/\/www.agrolink.com.br\/upload\/imagens-resizes\/fe224adefde44950adff3d4bc1a2c04f_858x483.jpg\" class=\"lazyload img-fluid\" alt=\"A medida visa garantir o respeito ao direito de propriedade\"\/><br \/>\n                                                <span class=\"d-block mt-1\">A medida visa garantir o respeito ao direito de propriedade &#8211; Foto: Agencia Brasil<\/span><\/p><\/div>\n<\/p><\/div>\n<div class=\"section-description section-description-noticias mt-3\">\n<p>Deputado quer proibir financiamento p\u00fablico ao MSTO deputado Rodolfo Nogueira (PL-MS), presidente da Comiss\u00e3o de Agricultura e Pecu\u00e1ria da C\u00e2mara e coordenador da Comiss\u00e3o de Seguro Rural da Frente Parlamentar da Agropecu\u00e1ria (FPA), apresentou emenda \u00e0 LDO 2026 para proibir o uso de recursos p\u00fablicos em movimentos, entidades ou programas que incentivem invas\u00f5es de propriedades, pr\u00e1tica associada, segundo a FPA, ao MST. A proposta determina que nenhuma verba da Uni\u00e3o poder\u00e1 ser destinada, direta ou indiretamente, a iniciativas que promovam ocupa\u00e7\u00f5es irregulares de terra.<span style=\"display:none\">\u00a0<\/span>&#13;\n<\/p>\n<p>A medida visa garantir o respeito ao direito de propriedade, previsto na Constitui\u00e7\u00e3o, al\u00e9m de assegurar seguran\u00e7a jur\u00eddica no campo e nas cidades. Segundo o deputado, a\u00a0emenda protege produtores rurais que cumprem a lei e refor\u00e7a a responsabilidade na aplica\u00e7\u00e3o do or\u00e7amento da Uni\u00e3o. \u201cN\u00e3o \u00e9 aceit\u00e1vel que o dinheiro p\u00fablico seja usado para sustentar organiza\u00e7\u00f5es que atuam \u00e0 margem da lei e promovem invas\u00f5es de propriedades. Essa emenda \u00e9 um passo fundamental para proteger o produtor rural que cumpre a lei, gerar justi\u00e7a social dentro da ordem constitucional e fortalecer a responsabilidade na aplica\u00e7\u00e3o do or\u00e7amento da Uni\u00e3o\u201d, afirmou Nogueira.<span style=\"display:none\">\u00a0<\/span>&#13;\n<\/p>\n<p>O texto tamb\u00e9m ressalta a relev\u00e2ncia do setor agropecu\u00e1rio, respons\u00e1vel por grande parte da economia brasileira, gera\u00e7\u00e3o de empregos e seguran\u00e7a alimentar. Permitir que recursos p\u00fablicos cheguem a entidades ligadas a invas\u00f5es de terra \u00e9, segundo o texto,\u00a0considerado um desvio de finalidade e afronta ao interesse coletivo. A emenda foi aprovada na Comiss\u00e3o de Agricultura e Pecu\u00e1ria e seguir\u00e1 agora para an\u00e1lise da Comiss\u00e3o Mista de Or\u00e7amento.&#13;\n<\/p>\n<p><span style=\"display:none\">\u00a0<\/span>\u00a0<\/p>\n<\/p><\/div>\n<\/p><\/div>\n<p><script data-cfasync=\"false\">\n    !function (f, b, e, v, n, t, s) {\n        if (f.fbq) return; n = f.fbq = function () {\n            n.callMethod ?\n                n.callMethod.apply(n, arguments) : n.queue.push(arguments)\n        };\n        if (!f._fbq) f._fbq = n; n.push = n; n.loaded = !0; n.version = '2.0';\n        n.queue = []; t = b.createElement(e); t.async = !0;\n        t.src = v; s = b.getElementsByTagName(e)[0];\n        s.parentNode.insertBefore(t, s)\n    }(window, document, 'script',\n        'https:\/\/connect.facebook.net\/en_US\/fbevents.js');\n    fbq('init', '522546078623747');\n    fbq('track', 'PageView');\n<\/script><br \/>\n<br \/><br \/>\n<br \/><a href=\"https:\/\/www.agrolink.com.br\/noticias\/deputado-quer-proibir-financiamento-publico-ao-mst_505401.html\">Source link <\/a><\/p>\n","protected":false},"excerpt":{"rendered":"<p>&#13; A medida visa garantir o respeito ao direito de propriedade&#13; &#13; Agrolink&#13; &#13; &#8211; Leonardo Gottems&#13; &#13; Publicado em<\/p>\n","protected":false},"author":1,"featured_media":1505,"comment_status":"open","ping_status":"open","sticky":false,"template":"","format":"standard","meta":{"_monsterinsights_skip_tracking":false,"_monsterinsights_sitenote_active":false,"_monsterinsights_sitenote_note":"","_monsterinsights_sitenote_category":0,"_uf_show_specific_survey":0,"_uf_disable_surveys":false,"footnotes":""},"categories":[8,1,14],"tags":[],"class_list":["post-19368","post","type-post","status-publish","format-standard","has-post-thumbnail","hentry","category-agro","category-news","category-politica-agro"],"_links":{"self":[{"href":"https:\/\/agromt.news\/index.php?rest_route=\/wp\/v2\/posts\/19368"}],"collection":[{"href":"https:\/\/agromt.news\/index.php?rest_route=\/wp\/v2\/posts"}],"about":[{"href":"https:\/\/agromt.news\/index.php?rest_route=\/wp\/v2\/types\/post"}],"author":[{"embeddable":true,"href":"https:\/\/agromt.news\/index.php?rest_route=\/wp\/v2\/users\/1"}],"replies":[{"embeddable":true,"href":"https:\/\/agromt.news\/index.php?rest_route=%2Fwp%2Fv2%2Fcomments&post=19368"}],"version-history":[{"count":0,"href":"https:\/\/agromt.news\/index.php?rest_route=\/wp\/v2\/posts\/19368\/revisions"}],"wp:featuredmedia":[{"embeddable":true,"href":"https:\/\/agromt.news\/index.php?rest_route=\/wp\/v2\/media\/1505"}],"wp:attachment":[{"href":"https:\/\/agromt.news\/index.php?rest_route=%2Fwp%2Fv2%2Fmedia&parent=19368"}],"wp:term":[{"taxonomy":"category","embeddable":true,"href":"https:\/\/agromt.news\/index.php?rest_route=%2Fwp%2Fv2%2Fcategories&post=19368"},{"taxonomy":"post_tag","embeddable":true,"href":"https:\/\/agromt.news\/index.php?rest_route=%2Fwp%2Fv2%2Ftags&post=19368"}],"curies":[{"name":"wp","href":"https:\/\/api.w.org\/{rel}","templated":true}]}}