{"id":19366,"date":"2025-08-29T05:32:41","date_gmt":"2025-08-29T09:32:41","guid":{"rendered":"https:\/\/agromt.news\/?p=19366"},"modified":"2025-08-29T05:32:41","modified_gmt":"2025-08-29T09:32:41","slug":"tomate-em-portugal-producao-sob-pressao","status":"publish","type":"post","link":"https:\/\/agromt.news\/?p=19366","title":{"rendered":"Tomate em Portugal: produ\u00e7\u00e3o sob press\u00e3o"},"content":{"rendered":"<p> <br \/>\n<\/p>\n<div>\n<div class=\"row\">\n<div class=\"col-lg col-infos mt-0 mt-lg-0\">\n<div class=\"section-sub-title\">\n<p itemprop=\"description\">&#13;<br \/>\n                                Para 2025, as perspetivas n\u00e3o s\u00e3o animadoras&#13;\n                            <\/p>\n<\/p><\/div>\n<div class=\"container\">\n<div class=\"row\">\n<div class=\"col-lg p-0\">\n<div>\n<div class=\"block-news-main-infos mt-3 text-start\">\n<p>                                            <strong class=\"fn\" itemprop=\"author\" style=\"color: rgb(112, 112, 112); \">&#13;<br \/>\n                                                <a href=\"https:\/\/www.agrolink.com.br\/noticias\/javascript:;\" class=\"text-uppercase\" target=\"_blank\" style=\"color: rgb(112, 112, 112); \" rel=\"noopener\">Agrolink<\/a>&#13;<br \/>\n&#13;<br \/>\n                                                    &#8211; Leonardo Gottems&#13;<br \/>\n&#13;<br \/>\n                                            <\/strong><br \/>\n                                        <\/p>\n<p>                                            <abbr><time datetime=\"2025-08-28T10:48\" itemprop=\"datePublished dateModified\">Publicado em 28\/08\/2025 \u00e0s 10:48h.<\/time><\/abbr><br \/>\n                                            <\/p><\/div>\n<\/p><\/div>\n<\/p><\/div>\n<div class=\"col-lg p-0 text-lg-end\">\n<div>\n<div id=\"mdEnviarPagina\" class=\"modal fade\" role=\"dialog\">\n<div class=\"modal-dialog\">\n<div class=\"modal-content\">\n<div class=\"modal-body\">\n<p><strong>Estimado usu\u00e1rio.<\/strong><br \/>Preencha o formul\u00e1rio abaixo para remeter a p\u00e1gina.<\/p>\n<\/p><\/div>\n<\/p><\/div>\n<\/p><\/div>\n<\/div><\/div>\n<\/p><\/div>\n<\/p><\/div>\n<\/p><\/div>\n<\/p><\/div>\n<\/p><\/div>\n<div class=\"row justify-content-md-center mt-3\">\n<div class=\"col-lg-auto col-image block-news-main-image\">\n<p>                                <img decoding=\"async\" src=\"https:\/\/www.agrolink.com.br\/upload\/imagens-resizes\/aebeb5ebea304c0fbca3777195947de0_858x483.jpg\" class=\"lazyload img-fluid\" alt=\"Para 2025, as perspetivas n\u00e3o s\u00e3o animadoras\"\/><br \/>\n                                                <span class=\"d-block mt-1\">Para 2025, as perspetivas n\u00e3o s\u00e3o animadoras &#8211; Foto: Canva<\/span><\/p><\/div>\n<\/p><\/div>\n<div class=\"section-description section-description-noticias mt-3\">\n<p>A cultura do <a href=\"https:\/\/www.agrolink.com.br\/culturas\/tomate?utm_source=agrolink-detalhe-noticia&amp;utm_medium=detalhe-noticia&amp;utm_campaign=links-internos\" target=\"_blank\" rel=\"noopener\">tomate<\/a> em Portugal atravessa um momento decisivo e desafiador. Segundo Pedro Pereira Dias, Diretor da A Sementeira, o pa\u00eds consolidou-se em 2023 como o 3.\u00ba maior produtor de <a href=\"https:\/\/www.agrolink.com.br\/culturas\/tomate?utm_source=agrolink-detalhe-noticia&amp;utm_medium=detalhe-noticia&amp;utm_campaign=links-internos\" target=\"_blank\" rel=\"noopener\">tomate<\/a> da Uni\u00e3o Europeia, posi\u00e7\u00e3o que reflete a for\u00e7a e a relev\u00e2ncia desta fileira para a agricultura nacional e para as exporta\u00e7\u00f5es. No entanto, os n\u00fameros tamb\u00e9m trazem um sinal de alerta: Portugal perdeu cerca de 10% da sua quota de produ\u00e7\u00e3o em rela\u00e7\u00e3o aos restantes pa\u00edses europeus, o que evidencia uma perda de competitividade em um mercado cada vez mais exigente.&#13;\n<\/p>\n<p>Para 2025, as perspetivas n\u00e3o s\u00e3o animadoras. A redu\u00e7\u00e3o da \u00e1rea instalada e o atraso no desenvolvimento das culturas apontam para uma manuten\u00e7\u00e3o dos n\u00edveis de produ\u00e7\u00e3o, sem ganhos relevantes em termos de volume. Essa situa\u00e7\u00e3o coloca em risco n\u00e3o apenas a presen\u00e7a de Portugal no mercado europeu, mas tamb\u00e9m a capacidade de manter o prest\u00edgio internacional constru\u00eddo ao longo dos anos, baseado na qualidade e no elevado padr\u00e3o do tomate portugu\u00eas, amplamente reconhecido pela ind\u00fastria transformadora.&#13;\n<\/p>\n<p>O tomate \u00e9 um dos pilares da fileira agroalimentar portuguesa, setor fortemente orientado para a exporta\u00e7\u00e3o e fundamental para a economia agr\u00edcola do pa\u00eds. Por\u00e9m, para preservar esta relev\u00e2ncia, \u00e9 preciso enfrentar desafios estruturais, que v\u00e3o desde a adapta\u00e7\u00e3o \u00e0s condi\u00e7\u00f5es clim\u00e1ticas at\u00e9 \u00e0 mitiga\u00e7\u00e3o das oscila\u00e7\u00f5es de mercado. A resposta passa pela uni\u00e3o de toda a cadeia: ind\u00fastria de sementes, produtores, ind\u00fastria transformadora e decisores pol\u00edticos. Somente com uma vis\u00e3o estrat\u00e9gica comum ser\u00e1 poss\u00edvel refor\u00e7ar a competitividade, garantir a sustentabilidade do setor e assegurar que Portugal continue a ser um dos protagonistas do tomate na Europa e no mundo.<br \/>&#13;<br \/>\n\u00a0&#13;\n<\/p>\n<\/p><\/div>\n<\/p><\/div>\n<p><script data-cfasync=\"false\">\n    !function (f, b, e, v, n, t, s) {\n        if (f.fbq) return; n = f.fbq = function () {\n            n.callMethod ?\n                n.callMethod.apply(n, arguments) : n.queue.push(arguments)\n        };\n        if (!f._fbq) f._fbq = n; n.push = n; n.loaded = !0; n.version = '2.0';\n        n.queue = []; t = b.createElement(e); t.async = !0;\n        t.src = v; s = b.getElementsByTagName(e)[0];\n        s.parentNode.insertBefore(t, s)\n    }(window, document, 'script',\n        'https:\/\/connect.facebook.net\/en_US\/fbevents.js');\n    fbq('init', '522546078623747');\n    fbq('track', 'PageView');\n<\/script><br \/>\n<br \/><br \/>\n<br \/><a href=\"https:\/\/www.agrolink.com.br\/noticias\/tomate-em-portugal--producao-sob-pressao_505402.html\">Source link <\/a><\/p>\n","protected":false},"excerpt":{"rendered":"<p>&#13; Para 2025, as perspetivas n\u00e3o s\u00e3o animadoras&#13; &#13; Agrolink&#13; &#13; &#8211; Leonardo Gottems&#13; &#13; Publicado em 28\/08\/2025 \u00e0s 10:48h.<\/p>\n","protected":false},"author":1,"featured_media":19367,"comment_status":"open","ping_status":"open","sticky":false,"template":"","format":"standard","meta":{"_monsterinsights_skip_tracking":false,"_monsterinsights_sitenote_active":false,"_monsterinsights_sitenote_note":"","_monsterinsights_sitenote_category":0,"_uf_show_specific_survey":0,"_uf_disable_surveys":false,"footnotes":""},"categories":[8,1,14],"tags":[],"class_list":["post-19366","post","type-post","status-publish","format-standard","has-post-thumbnail","hentry","category-agro","category-news","category-politica-agro"],"_links":{"self":[{"href":"https:\/\/agromt.news\/index.php?rest_route=\/wp\/v2\/posts\/19366"}],"collection":[{"href":"https:\/\/agromt.news\/index.php?rest_route=\/wp\/v2\/posts"}],"about":[{"href":"https:\/\/agromt.news\/index.php?rest_route=\/wp\/v2\/types\/post"}],"author":[{"embeddable":true,"href":"https:\/\/agromt.news\/index.php?rest_route=\/wp\/v2\/users\/1"}],"replies":[{"embeddable":true,"href":"https:\/\/agromt.news\/index.php?rest_route=%2Fwp%2Fv2%2Fcomments&post=19366"}],"version-history":[{"count":0,"href":"https:\/\/agromt.news\/index.php?rest_route=\/wp\/v2\/posts\/19366\/revisions"}],"wp:featuredmedia":[{"embeddable":true,"href":"https:\/\/agromt.news\/index.php?rest_route=\/wp\/v2\/media\/19367"}],"wp:attachment":[{"href":"https:\/\/agromt.news\/index.php?rest_route=%2Fwp%2Fv2%2Fmedia&parent=19366"}],"wp:term":[{"taxonomy":"category","embeddable":true,"href":"https:\/\/agromt.news\/index.php?rest_route=%2Fwp%2Fv2%2Fcategories&post=19366"},{"taxonomy":"post_tag","embeddable":true,"href":"https:\/\/agromt.news\/index.php?rest_route=%2Fwp%2Fv2%2Ftags&post=19366"}],"curies":[{"name":"wp","href":"https:\/\/api.w.org\/{rel}","templated":true}]}}