{"id":19365,"date":"2025-08-29T03:35:18","date_gmt":"2025-08-29T07:35:18","guid":{"rendered":"https:\/\/agromt.news\/?p=19365"},"modified":"2025-08-29T03:35:18","modified_gmt":"2025-08-29T07:35:18","slug":"preco-do-algodao-registra-queda-com-oferta-elevada","status":"publish","type":"post","link":"https:\/\/agromt.news\/?p=19365","title":{"rendered":"Pre\u00e7o do algod\u00e3o registra queda com oferta elevada"},"content":{"rendered":"<p> <br \/>\n<\/p>\n<div>\n<div class=\"row\">\n<div class=\"col-lg col-infos mt-0 mt-lg-0\">\n<div class=\"section-sub-title\">\n<p itemprop=\"description\">&#13;<br \/>\n                                Pre\u00e7os do algod\u00e3o em pluma seguem em queda&#13;\n                            <\/p>\n<\/p><\/div>\n<div class=\"container\">\n<div class=\"row\">\n<div class=\"col-lg p-0 text-lg-end\">\n<div>\n<div id=\"mdEnviarPagina\" class=\"modal fade\" role=\"dialog\">\n<div class=\"modal-dialog\">\n<div class=\"modal-content\">\n<div class=\"modal-body\">\n<p><strong>Estimado usu\u00e1rio.<\/strong><br \/>Preencha o formul\u00e1rio abaixo para remeter a p\u00e1gina.<\/p>\n<\/p><\/div>\n<\/p><\/div>\n<\/p><\/div>\n<\/div><\/div>\n<\/p><\/div>\n<\/p><\/div>\n<\/p><\/div>\n<\/p><\/div>\n<\/p><\/div>\n<div class=\"row justify-content-md-center mt-3\">\n<div class=\"col-lg-auto col-image block-news-main-image\">\n<p>                                <img decoding=\"async\" src=\"https:\/\/www.agrolink.com.br\/upload\/imagens-resizes\/99a806fdcc92426999e247f4886c3a9c_858x483.jpg\" class=\"lazyload img-fluid\"\/><br \/>\n                                                <span class=\"publicity-photo d-block mt-1\">Foto: USDA<\/span><\/p><\/div>\n<\/p><\/div>\n<div class=\"section-description section-description-noticias mt-3\">\n<p style=\"text-align:justify\">Levantamentos do Cepea mostram que os pre\u00e7os do <a href=\"https:\/\/www.agrolink.com.br\/culturas\/algodao\/\" target=\"_blank\" rel=\"noopener\">algod\u00e3o<\/a> em pluma seguem em queda no mercado brasileiro e j\u00e1 operam nos menores patamares desde o final de novembro\/24. Segundo o Centro de Pesquisas, o movimento de baixa est\u00e1 relacionado \u00e0 maior disponibilidade e \u00e0 press\u00e3o exercida por compradores, que ofertam valores menores.&#13;\n<\/p>\n<p style=\"text-align:justify\">Ressalta-se que esses demandantes tamb\u00e9m reduziram o ritmo das aquisi\u00e7\u00f5es, diante de incertezas com o cen\u00e1rio interno e, inclusive, de alguns casos para exporta\u00e7\u00f5es. Quanto \u00e0 produ\u00e7\u00e3o nacional de pluma da safra 2024\/25, dados da Conab indicam 3,94 milh\u00f5es de toneladas, 6,3% a mais que na temporada 2023\/24, resultado do crescimento de 7,3% na \u00e1rea cultivada, para 2,09 milh\u00f5es de hectares; a produtividade nacional \u00e9 prevista em 1.887 kg\/ha, queda de 0,9%.\u00a0&#13;\n<\/p>\n<\/p><\/div>\n<\/p><\/div>\n<p><script data-cfasync=\"false\">\n    !function (f, b, e, v, n, t, s) {\n        if (f.fbq) return; n = f.fbq = function () {\n            n.callMethod ?\n                n.callMethod.apply(n, arguments) : n.queue.push(arguments)\n        };\n        if (!f._fbq) f._fbq = n; n.push = n; n.loaded = !0; n.version = '2.0';\n        n.queue = []; t = b.createElement(e); t.async = !0;\n        t.src = v; s = b.getElementsByTagName(e)[0];\n        s.parentNode.insertBefore(t, s)\n    }(window, document, 'script',\n        'https:\/\/connect.facebook.net\/en_US\/fbevents.js');\n    fbq('init', '522546078623747');\n    fbq('track', 'PageView');\n<\/script><br \/>\n<br \/><br \/>\n<br \/><a href=\"https:\/\/www.agrolink.com.br\/noticias\/algodao-cepea--com-maior-oferta-e-pressao-compradora--cotacoes-seguem-em-queda_505396.html\">Source link <\/a><\/p>\n","protected":false},"excerpt":{"rendered":"<p>&#13; Pre\u00e7os do algod\u00e3o em pluma seguem em queda&#13; Estimado usu\u00e1rio.Preencha o formul\u00e1rio abaixo para remeter a p\u00e1gina. Foto: USDA<\/p>\n","protected":false},"author":1,"featured_media":5328,"comment_status":"open","ping_status":"open","sticky":false,"template":"","format":"standard","meta":{"_monsterinsights_skip_tracking":false,"_monsterinsights_sitenote_active":false,"_monsterinsights_sitenote_note":"","_monsterinsights_sitenote_category":0,"_uf_show_specific_survey":0,"_uf_disable_surveys":false,"footnotes":""},"categories":[8,1,14],"tags":[],"class_list":["post-19365","post","type-post","status-publish","format-standard","has-post-thumbnail","hentry","category-agro","category-news","category-politica-agro"],"_links":{"self":[{"href":"https:\/\/agromt.news\/index.php?rest_route=\/wp\/v2\/posts\/19365"}],"collection":[{"href":"https:\/\/agromt.news\/index.php?rest_route=\/wp\/v2\/posts"}],"about":[{"href":"https:\/\/agromt.news\/index.php?rest_route=\/wp\/v2\/types\/post"}],"author":[{"embeddable":true,"href":"https:\/\/agromt.news\/index.php?rest_route=\/wp\/v2\/users\/1"}],"replies":[{"embeddable":true,"href":"https:\/\/agromt.news\/index.php?rest_route=%2Fwp%2Fv2%2Fcomments&post=19365"}],"version-history":[{"count":0,"href":"https:\/\/agromt.news\/index.php?rest_route=\/wp\/v2\/posts\/19365\/revisions"}],"wp:featuredmedia":[{"embeddable":true,"href":"https:\/\/agromt.news\/index.php?rest_route=\/wp\/v2\/media\/5328"}],"wp:attachment":[{"href":"https:\/\/agromt.news\/index.php?rest_route=%2Fwp%2Fv2%2Fmedia&parent=19365"}],"wp:term":[{"taxonomy":"category","embeddable":true,"href":"https:\/\/agromt.news\/index.php?rest_route=%2Fwp%2Fv2%2Fcategories&post=19365"},{"taxonomy":"post_tag","embeddable":true,"href":"https:\/\/agromt.news\/index.php?rest_route=%2Fwp%2Fv2%2Ftags&post=19365"}],"curies":[{"name":"wp","href":"https:\/\/api.w.org\/{rel}","templated":true}]}}