{"id":19364,"date":"2025-08-29T01:39:05","date_gmt":"2025-08-29T05:39:05","guid":{"rendered":"https:\/\/agromt.news\/?p=19364"},"modified":"2025-08-29T01:39:05","modified_gmt":"2025-08-29T05:39:05","slug":"ippa-cai-32-em-julho-no-ano-alta-e-de-164","status":"publish","type":"post","link":"https:\/\/agromt.news\/?p=19364","title":{"rendered":"IPPA cai 3,2% em julho; no ano, alta \u00e9 de 16,4%"},"content":{"rendered":"<p> <br \/>\n<\/p>\n<div>\n<p style=\"text-align:justify\">Em julho, o \u00cdndice de Pre\u00e7os ao Produtor de Grupos de Produtos Agropecu\u00e1rios (IPPA\/CEPEA) apresentou queda nominal de 3,2% em rela\u00e7\u00e3o ao m\u00eas anterior, apontam levantamentos do Cepea. Segundo o Centro de Pesquisas, esse desempenho refletiu as baixas no IPPA-Gr\u00e3os, de 1,4%, no IPPA-Pecu\u00e1ria, de 3%, e no IPPA-Cana-Caf\u00e9, de 9,1%. Na contram\u00e3o, o IPPA Hortifrut\u00edcolas avan\u00e7ou 3,4%.&#13;\n<\/p>\n<p style=\"text-align:justify\">No mesmo per\u00edodo, o \u00cdndice de Pre\u00e7os por Atacado de Produtos Industriais (IPA-OG-DI), calculado pela FGV, subiu 0,8%, indicando que, de junho para julho, os pre\u00e7os agropecu\u00e1rios se desvalorizaram em rela\u00e7\u00e3o aos industriais na economia brasileira. No cen\u00e1rio internacional, os pre\u00e7os dos alimentos convertidos em Reais recuaram 2,3%, reflexo da combina\u00e7\u00e3o de queda do d\u00f3lar frente ao Real (-0,3%) e de retra\u00e7\u00e3o dos valores internacionais dos alimentos (-1,9%).&#13;\n<\/p>\n<p style=\"text-align:justify\">Comparando-se os sete primeiros meses deste ano com igual intervalo de 2024, levantamentos do Cepea mostram que o IPPA registrou expressivo avan\u00e7o de 16,4%, impulsionado pelas significativas altas nos grupos IPPA-Gr\u00e3os (7,4%), IPPA-Pecu\u00e1ria (25,8%) e IPPA-Cana-Caf\u00e9 (27,7%). Em sentido oposto, o IPPA-Hortifrut\u00edcolas caiu 13,4%. No per\u00edodo, o IPA-OG-DI teve aumento de 5%, enquanto os pre\u00e7os internacionais dos alimentos convertidos em Reais subiram 11%, resultado da valoriza\u00e7\u00e3o de 11,1% do d\u00f3lar, mesmo perante o ligeiro recuo de 0,2% nos pre\u00e7os internacionais dos alimentos.\u00a0&#13;\n<\/p>\n<\/p><\/div>\n<p><script data-cfasync=\"false\">\n    !function (f, b, e, v, n, t, s) {\n        if (f.fbq) return; n = f.fbq = function () {\n            n.callMethod ?\n                n.callMethod.apply(n, arguments) : n.queue.push(arguments)\n        };\n        if (!f._fbq) f._fbq = n; n.push = n; n.loaded = !0; n.version = '2.0';\n        n.queue = []; t = b.createElement(e); t.async = !0;\n        t.src = v; s = b.getElementsByTagName(e)[0];\n        s.parentNode.insertBefore(t, s)\n    }(window, document, 'script',\n        'https:\/\/connect.facebook.net\/en_US\/fbevents.js');\n    fbq('init', '522546078623747');\n    fbq('track', 'PageView');\n<\/script><br \/>\n<br \/><br \/>\n<br \/><a href=\"https:\/\/www.agrolink.com.br\/noticias\/ippa-cepea--ippa-cai-3-2--em-julho--no-ano--alta-e-de-16-4-_505397.html\">Source link <\/a><\/p>\n","protected":false},"excerpt":{"rendered":"<p>Em julho, o \u00cdndice de Pre\u00e7os ao Produtor de Grupos de Produtos Agropecu\u00e1rios (IPPA\/CEPEA) apresentou queda nominal de 3,2% em<\/p>\n","protected":false},"author":1,"featured_media":1304,"comment_status":"open","ping_status":"open","sticky":false,"template":"","format":"standard","meta":{"_monsterinsights_skip_tracking":false,"_monsterinsights_sitenote_active":false,"_monsterinsights_sitenote_note":"","_monsterinsights_sitenote_category":0,"_uf_show_specific_survey":0,"_uf_disable_surveys":false,"footnotes":""},"categories":[8,1,14],"tags":[],"class_list":["post-19364","post","type-post","status-publish","format-standard","has-post-thumbnail","hentry","category-agro","category-news","category-politica-agro"],"_links":{"self":[{"href":"https:\/\/agromt.news\/index.php?rest_route=\/wp\/v2\/posts\/19364"}],"collection":[{"href":"https:\/\/agromt.news\/index.php?rest_route=\/wp\/v2\/posts"}],"about":[{"href":"https:\/\/agromt.news\/index.php?rest_route=\/wp\/v2\/types\/post"}],"author":[{"embeddable":true,"href":"https:\/\/agromt.news\/index.php?rest_route=\/wp\/v2\/users\/1"}],"replies":[{"embeddable":true,"href":"https:\/\/agromt.news\/index.php?rest_route=%2Fwp%2Fv2%2Fcomments&post=19364"}],"version-history":[{"count":0,"href":"https:\/\/agromt.news\/index.php?rest_route=\/wp\/v2\/posts\/19364\/revisions"}],"wp:featuredmedia":[{"embeddable":true,"href":"https:\/\/agromt.news\/index.php?rest_route=\/wp\/v2\/media\/1304"}],"wp:attachment":[{"href":"https:\/\/agromt.news\/index.php?rest_route=%2Fwp%2Fv2%2Fmedia&parent=19364"}],"wp:term":[{"taxonomy":"category","embeddable":true,"href":"https:\/\/agromt.news\/index.php?rest_route=%2Fwp%2Fv2%2Fcategories&post=19364"},{"taxonomy":"post_tag","embeddable":true,"href":"https:\/\/agromt.news\/index.php?rest_route=%2Fwp%2Fv2%2Ftags&post=19364"}],"curies":[{"name":"wp","href":"https:\/\/api.w.org\/{rel}","templated":true}]}}