{"id":19359,"date":"2025-08-28T21:01:22","date_gmt":"2025-08-29T01:01:22","guid":{"rendered":"https:\/\/agromt.news\/?p=19359"},"modified":"2025-08-28T21:01:22","modified_gmt":"2025-08-29T01:01:22","slug":"acordos-entre-brasil-e-mexico-envolvem-de-pessegos-e-aspargos-a-avioes-e-farinha","status":"publish","type":"post","link":"https:\/\/agromt.news\/?p=19359","title":{"rendered":"Acordos entre Brasil e M\u00e9xico envolvem de p\u00eassegos e aspargos a avi\u00f5es e farinha"},"content":{"rendered":"<p> <br \/>\n<br \/><img decoding=\"async\" src=\"https:\/\/agromt.news\/wp-content\/uploads\/2025\/08\/Acordos-entre-Brasil-e-Mexico-envolvem-de-pessegos-e-aspargos.jpg\" \/><\/p>\n<div>\n<p>O vice-presidente Geraldo Alckmin, que \u00e9 ministro do Desenvolvimento, Ind\u00fastria, Com\u00e9rcio e Servi\u00e7os, avaliou como positiva a visita oficial ao M\u00e9xico, encerrada nesta quinta-feira (28), na Cidade do M\u00e9xico, a capital do pa\u00eds. <\/p>\n<p>O \u00faltimo compromisso e ponto alto da viagem foi uma audi\u00eancia com a presidenta mexicana, Claudia Sheinbaum, no Pal\u00e1cio Nacional.<\/p>\n<p>\u201cConvidei a presidenta Claudia para a <strong><a href=\"https:\/\/www.canalrural.com.br\/tag\/cop30\/\">COP30<\/a><\/strong>, em Bel\u00e9m, no m\u00eas de novembro. Falamos de multilateralismo, fortalecimento da democracia, inclus\u00e3o e combate \u00e0 fome. Ent\u00e3o, foi uma conversa muito proveitosa\u201d, destacou Alckmin em uma entrevista coletiva pouco antes de embarcar de volta a Bras\u00edlia.<\/p>\n<p>Brasil e M\u00e9xico s\u00e3o as duas maiores economias da Am\u00e9rica Latina e possuem uma corrente de com\u00e9rcio que soma <strong>US$ 13,6 bilh\u00f5es<\/strong> em 2024. Um dos objetivos da viagem foi tentar ampliar negocia\u00e7\u00f5es comerciais em setores estrat\u00e9gicos, como agroneg\u00f3cio e ind\u00fastria.<\/p>\n<p>Acompanhado por empres\u00e1rios, pelo ministro da Agricultura, Carlos F\u00e1varo, e pela ministra do Planejamento, Simone Tebet, o vice-presidente anunciou a assinatura acordos para abertura de novos mercados entre os pa\u00edses.<\/p>\n<p>\u201cS\u00e3o tr\u00eas produtos que o Brasil abrir\u00e1 o com\u00e9rcio: aspargos, p\u00eassego e derivados de atum. E eles abrem o mercado para a farinha de ra\u00e7\u00e3o animal para bovinos e su\u00ednos\u201d, destacou.<\/p>\n<\/div>\n<div>\n<h2 class=\"wp-block-heading\" id=\"h-pacote-contra-a-inflacao\">Pacote contra a infla\u00e7\u00e3o<\/h2>\n<p>O governo brasileiro tamb\u00e9m solicitou ao M\u00e9xico a continuidade dos incentivos do Pacote contra a Infla\u00e7\u00e3o e a Escassez, conhecido como Pacic, na sigla em espanhol, que facilita a compra de alimentos pelo Brasil.<\/p>\n<p>\u201cO M\u00e9xico \u00e9 o segundo destino da carne bovina brasileira. Solicitamos a continuidade do Pacic, e ele complementa a agropecu\u00e1ria mexicana. Eles t\u00eam uma exig\u00eancia de que haja uma rastreabilidade individual [da carne]. Vamos cumprir, mas queremos que n\u00e3o se interrompa essa venda enquanto o Brasil caminha na rastreabilidade. O Brasil cumprir\u00e1 na rastreabilidade, temos um cronograma\u201d, observou.<\/p>\n<p>O vice-presidente comentou o avan\u00e7o em conversas para a atualiza\u00e7\u00e3o do Acordo de Complementa\u00e7\u00e3o Econ\u00f4mica n\u00ba 53 (ACE 53) assinado com o M\u00e9xico em 2002 e que trata da elimina\u00e7\u00e3o ou redu\u00e7\u00e3o de tarifas de importa\u00e7\u00e3o para um universo de aproximadamente 800 posi\u00e7\u00f5es tarif\u00e1rias.<\/p>\n<p>Tamb\u00e9m foram assinados acordos nas \u00e1reas de vigil\u00e2ncia sanit\u00e1ria para a aprova\u00e7\u00e3o de novos f\u00e1rmacos e na \u00e1rea de pesquisa sobre arboviroses, que incluem troca de experi\u00eancias no desenvolvimento de vacinas, como a da dengue, em que o Brasil est\u00e1 em est\u00e1gio avan\u00e7ado.<\/p>\n<h2 class=\"wp-block-heading\" id=\"h-venda-do-kc-390\">Venda do KC-390<\/h2>\n<p>Outro destaque da agenda, segundo o vice-presidente, foi o avan\u00e7o dos neg\u00f3cios da Embraer no M\u00e9xico. A empresa brasileira fechou a venda de 20 aeronaves das fam\u00edlias de jatos E190 e E195 para a companhia estatal Mexicana de Aviaci\u00f3n, a maior do pa\u00eds.<\/p>\n<p>Segundo o vice-presidente, o governo tamb\u00e9m ofereceu a possibilidade de abrir neg\u00f3cios no setor militar, com a venda do cargueiro KC-390, tamb\u00e9m fabricado pela Embraer, uma aeronave multimiss\u00e3o com capacidade para transportar at\u00e9 26 toneladas, realizar reabastecimento a\u00e9reo e atuar em miss\u00f5es como busca e salvamento e ajuda humanit\u00e1ria.<\/p>\n<p>\u201cA Embraer est\u00e1 presente no M\u00e9xico, tem aqui f\u00e1brica de componentes com mais de mil colaboradores\u201d, destacou Alckmin. \u201cColocamos a pretens\u00e3o de oferecer o cargueiro KC-390. N\u00e3o foi resolvido, mas ficou o pleito brasileiro com todos os argumentos favor\u00e1veis\u201d, finalizou.<\/p>\n<\/p><\/div>\n<p><br \/>\n<br \/><a href=\"https:\/\/www.canalrural.com.br\/agricultura\/acordos-entre-brasil-e-mexico-envolvem-de-pessegos-e-aspargos-a-avioes-e-farinha\/\">Source link <\/a><\/p>\n","protected":false},"excerpt":{"rendered":"<p>O vice-presidente Geraldo Alckmin, que \u00e9 ministro do Desenvolvimento, Ind\u00fastria, Com\u00e9rcio e Servi\u00e7os, avaliou como positiva a visita oficial ao<\/p>\n","protected":false},"author":1,"featured_media":19360,"comment_status":"open","ping_status":"open","sticky":false,"template":"","format":"standard","meta":{"_monsterinsights_skip_tracking":false,"_monsterinsights_sitenote_active":false,"_monsterinsights_sitenote_note":"","_monsterinsights_sitenote_category":0,"_uf_show_specific_survey":0,"_uf_disable_surveys":false,"footnotes":""},"categories":[1],"tags":[],"class_list":["post-19359","post","type-post","status-publish","format-standard","has-post-thumbnail","hentry","category-news"],"_links":{"self":[{"href":"https:\/\/agromt.news\/index.php?rest_route=\/wp\/v2\/posts\/19359"}],"collection":[{"href":"https:\/\/agromt.news\/index.php?rest_route=\/wp\/v2\/posts"}],"about":[{"href":"https:\/\/agromt.news\/index.php?rest_route=\/wp\/v2\/types\/post"}],"author":[{"embeddable":true,"href":"https:\/\/agromt.news\/index.php?rest_route=\/wp\/v2\/users\/1"}],"replies":[{"embeddable":true,"href":"https:\/\/agromt.news\/index.php?rest_route=%2Fwp%2Fv2%2Fcomments&post=19359"}],"version-history":[{"count":0,"href":"https:\/\/agromt.news\/index.php?rest_route=\/wp\/v2\/posts\/19359\/revisions"}],"wp:featuredmedia":[{"embeddable":true,"href":"https:\/\/agromt.news\/index.php?rest_route=\/wp\/v2\/media\/19360"}],"wp:attachment":[{"href":"https:\/\/agromt.news\/index.php?rest_route=%2Fwp%2Fv2%2Fmedia&parent=19359"}],"wp:term":[{"taxonomy":"category","embeddable":true,"href":"https:\/\/agromt.news\/index.php?rest_route=%2Fwp%2Fv2%2Fcategories&post=19359"},{"taxonomy":"post_tag","embeddable":true,"href":"https:\/\/agromt.news\/index.php?rest_route=%2Fwp%2Fv2%2Ftags&post=19359"}],"curies":[{"name":"wp","href":"https:\/\/api.w.org\/{rel}","templated":true}]}}