{"id":19357,"date":"2025-08-28T20:18:31","date_gmt":"2025-08-29T00:18:31","guid":{"rendered":"https:\/\/agromt.news\/?p=19357"},"modified":"2025-08-28T20:18:31","modified_gmt":"2025-08-29T00:18:31","slug":"queimas-controladas-sao-suspensas-por-30-dias-em-sp-durante-estiagem","status":"publish","type":"post","link":"https:\/\/agromt.news\/?p=19357","title":{"rendered":"Queimas controladas s\u00e3o suspensas por 30 dias em SP durante estiagem"},"content":{"rendered":"<p> <br \/>\n<br \/><img decoding=\"async\" src=\"https:\/\/agromt.news\/wp-content\/uploads\/2025\/08\/Queimas-controladas-sao-suspensas-por-30-dias-em-SP-durante.jpg\" \/><\/p>\n<div>\n<p>O governo de S\u00e3o Paulo suspendeu por 30 dias a partir desta quinta-feira (28), todas as autoriza\u00e7\u00f5es de queima controlada no estado. A medida da Companhia Ambiental do Estado de S\u00e3o Paulo (Cetesb) inclui a palha da cana-de-a\u00e7\u00facar, al\u00e9m das queimas agr\u00edcolas e para controle de pragas.<\/p>\n<p>Durante esse per\u00edodo, n\u00e3o ser\u00e3o aceitos novos pedidos. O prazo poder\u00e1 ser estendido caso a estiagem continue. As chamadas queimas prescritas, usadas no combate a inc\u00eandios florestais ou mediante solicita\u00e7\u00e3o da Secretaria da Agricultura, continuam autorizadas.<\/p>\n<p>\u201cMais uma vez adotamos a suspens\u00e3o como medida preventiva para atravessar o per\u00edodo cr\u00edtico de estiagem. Nosso objetivo \u00e9 reduzir os riscos de inc\u00eandios florestais e preservar a qualidade do ar, em linha com o hist\u00f3rico recente e a experi\u00eancia de anos anteriores\u201d, afirmou o diretor de Controle e Licenciamento da Cetesb, Adriano Queiroz.<\/p>\n<\/div>\n<div>\n<p>No ano passado, S\u00e3o Paulo enfrentou um inverno de tempo seco, altas temperaturas e aumento das queimadas em diversas regi\u00f5es. O hist\u00f3rico de 2024 levou os \u00f3rg\u00e3os ambientais a refor\u00e7arem as a\u00e7\u00f5es neste ano.<\/p>\n<h2 class=\"wp-block-heading\" id=\"h-queima-da-palha-da-cana-ja-tinha-restricoes\">Queima da palha da cana j\u00e1 tinha restri\u00e7\u00f5es<\/h2>\n<p>Desde julho, a queima da palha da cana j\u00e1 estava limitada: s\u00f3 podia ser autorizada em dias com umidade relativa do ar acima de 40% e fora do per\u00edodo entre 11 e 15 horas, quando o risco de propaga\u00e7\u00e3o do fogo \u00e9 maior. Agora, at\u00e9 mesmo essas libera\u00e7\u00f5es ficam suspensas.<\/p>\n<p>Apesar de ainda permitida em situa\u00e7\u00f5es espec\u00edficas no estado, a pr\u00e1tica est\u00e1 em queda acelerada. Desde 2007, o uso do fogo na colheita da cana j\u00e1 foi reduzido em 99%, segundo dados da Cetesb.<\/p>\n<\/p><\/div>\n<p><br \/>\n<br \/><a href=\"https:\/\/www.canalrural.com.br\/agricultura\/queimas-controladas-sao-suspensas-por-30-dias-em-sp-durante-estiagem\/\">Source link <\/a><\/p>\n","protected":false},"excerpt":{"rendered":"<p>O governo de S\u00e3o Paulo suspendeu por 30 dias a partir desta quinta-feira (28), todas as autoriza\u00e7\u00f5es de queima controlada<\/p>\n","protected":false},"author":1,"featured_media":19358,"comment_status":"open","ping_status":"open","sticky":false,"template":"","format":"standard","meta":{"_monsterinsights_skip_tracking":false,"_monsterinsights_sitenote_active":false,"_monsterinsights_sitenote_note":"","_monsterinsights_sitenote_category":0,"_uf_show_specific_survey":0,"_uf_disable_surveys":false,"footnotes":""},"categories":[1],"tags":[],"class_list":["post-19357","post","type-post","status-publish","format-standard","has-post-thumbnail","hentry","category-news"],"_links":{"self":[{"href":"https:\/\/agromt.news\/index.php?rest_route=\/wp\/v2\/posts\/19357"}],"collection":[{"href":"https:\/\/agromt.news\/index.php?rest_route=\/wp\/v2\/posts"}],"about":[{"href":"https:\/\/agromt.news\/index.php?rest_route=\/wp\/v2\/types\/post"}],"author":[{"embeddable":true,"href":"https:\/\/agromt.news\/index.php?rest_route=\/wp\/v2\/users\/1"}],"replies":[{"embeddable":true,"href":"https:\/\/agromt.news\/index.php?rest_route=%2Fwp%2Fv2%2Fcomments&post=19357"}],"version-history":[{"count":0,"href":"https:\/\/agromt.news\/index.php?rest_route=\/wp\/v2\/posts\/19357\/revisions"}],"wp:featuredmedia":[{"embeddable":true,"href":"https:\/\/agromt.news\/index.php?rest_route=\/wp\/v2\/media\/19358"}],"wp:attachment":[{"href":"https:\/\/agromt.news\/index.php?rest_route=%2Fwp%2Fv2%2Fmedia&parent=19357"}],"wp:term":[{"taxonomy":"category","embeddable":true,"href":"https:\/\/agromt.news\/index.php?rest_route=%2Fwp%2Fv2%2Fcategories&post=19357"},{"taxonomy":"post_tag","embeddable":true,"href":"https:\/\/agromt.news\/index.php?rest_route=%2Fwp%2Fv2%2Ftags&post=19357"}],"curies":[{"name":"wp","href":"https:\/\/api.w.org\/{rel}","templated":true}]}}