{"id":19354,"date":"2025-08-28T19:50:53","date_gmt":"2025-08-28T23:50:53","guid":{"rendered":"https:\/\/agromt.news\/?p=19354"},"modified":"2025-08-28T19:50:53","modified_gmt":"2025-08-28T23:50:53","slug":"calor-chuva-forte-e-queda-de-temperatura","status":"publish","type":"post","link":"https:\/\/agromt.news\/?p=19354","title":{"rendered":"calor, chuva forte e queda de temperatura"},"content":{"rendered":"<p> <br \/>\n<\/p>\n<div>\n<p style=\"text-align:justify\">A Expointer 2025 come\u00e7a com tempo firme e calor no primeiro fim de semana (30 e 31\/08), mas uma frente fria prevista para ter\u00e7a-feira (02\/09) muda o cen\u00e1rio: chuvas, queda nas temperaturas e sensa\u00e7\u00e3o t\u00e9rmica mais baixa devem marcar os dias seguintes. O p\u00fablico que visitar a Expointer 2025 nos dias 30 e 31 de agosto encontrar\u00e1 tempo seco e calor, com temperaturas m\u00e1ximas entre 25\u00a0\u00b0C e 27\u00a0\u00b0C. O cen\u00e1rio, no entanto, deve mudar drasticamente a partir de ter\u00e7a-feira (02\/09), com a chegada de uma frente fria.&#13;\n<\/p>\n<p style=\"text-align:justify\">\u201cO aquecimento pr\u00e9-frontal deste fim de semana prepara o terreno para a mudan\u00e7a brusca que vem na sequ\u00eancia\u201d, alerta o meteorologista Gabriel Rodrigues, do Portal Agrolink. Segundo ele, os acumulados de chuva podem superar os 10 mm, com maior instabilidade nas regi\u00f5es centrais e sul do Rio Grande do Sul.&#13;\n<\/p>\n<p style=\"text-align:justify\"><strong>Frente fria traz instabilidade e sensa\u00e7\u00e3o t\u00e9rmica mais baixa<\/strong><\/p>\n<p style=\"text-align:justify\">Na quarta-feira (03\/09), as chuvas se deslocam para Santa Catarina, mas o Rio Grande do Sul ainda ter\u00e1 reflexos da instabilidade no per\u00edodo da manh\u00e3. A chegada de uma massa de ar frio pelo sul do estado derruba as temperaturas e muda a sensa\u00e7\u00e3o t\u00e9rmica no parque.&#13;\n<\/p>\n<p style=\"text-align:justify\">\u201cO contraste entre o calor do fim de semana e o frio no meio da semana ser\u00e1 significativo\u201d, destaca Rodrigues.<\/p>\n<p style=\"text-align:justify\">A quinta-feira (04\/09) tende a ser mais est\u00e1vel, com c\u00e9u encoberto e temperaturas amenas. H\u00e1 pouca chance de chuva, o que deve favorecer o deslocamento dos visitantes pela Expointer.<\/p>\n<p style=\"text-align:justify\"><strong>Previs\u00e3o para o segundo fim de semana da Expointer<\/strong><\/p>\n<p style=\"text-align:justify\">No s\u00e1bado e domingo (06 e 07\/09), novas \u00e1reas de instabilidade devem avan\u00e7ar sobre o Rio Grande do Sul. A previs\u00e3o \u00e9 de pancadas de chuva isoladas, quebrando o padr\u00e3o de tempo firme observado nos primeiros dias do evento.<\/p>\n<p style=\"text-align:justify\"><strong>Alerta para visitantes: como se preparar para a virada no tempo<\/strong><\/p>\n<p style=\"text-align:justify\">A combina\u00e7\u00e3o entre calor, chuvas e queda de temperatura exige aten\u00e7\u00e3o dos expositores e visitantes. O uso de roupas leves nos primeiros dias e vestimentas mais quentes e imperme\u00e1veis a partir de ter\u00e7a-feira pode garantir maior conforto e seguran\u00e7a.<\/p>\n<\/p><\/div>\n<p><script data-cfasync=\"false\">\n    !function (f, b, e, v, n, t, s) {\n        if (f.fbq) return; n = f.fbq = function () {\n            n.callMethod ?\n                n.callMethod.apply(n, arguments) : n.queue.push(arguments)\n        };\n        if (!f._fbq) f._fbq = n; n.push = n; n.loaded = !0; n.version = '2.0';\n        n.queue = []; t = b.createElement(e); t.async = !0;\n        t.src = v; s = b.getElementsByTagName(e)[0];\n        s.parentNode.insertBefore(t, s)\n    }(window, document, 'script',\n        'https:\/\/connect.facebook.net\/en_US\/fbevents.js');\n    fbq('init', '522546078623747');\n    fbq('track', 'PageView');\n<\/script><br \/>\n<br \/><br \/>\n<br \/><a href=\"https:\/\/www.agrolink.com.br\/noticias\/expointer-2025-tera-semana-com-extremos--calor--chuva-forte-e-queda-de-temperatura_505406.html\">Source link <\/a><\/p>\n","protected":false},"excerpt":{"rendered":"<p>A Expointer 2025 come\u00e7a com tempo firme e calor no primeiro fim de semana (30 e 31\/08), mas uma frente<\/p>\n","protected":false},"author":1,"featured_media":934,"comment_status":"open","ping_status":"open","sticky":false,"template":"","format":"standard","meta":{"_monsterinsights_skip_tracking":false,"_monsterinsights_sitenote_active":false,"_monsterinsights_sitenote_note":"","_monsterinsights_sitenote_category":0,"_uf_show_specific_survey":0,"_uf_disable_surveys":false,"footnotes":""},"categories":[8,1,14],"tags":[],"class_list":["post-19354","post","type-post","status-publish","format-standard","has-post-thumbnail","hentry","category-agro","category-news","category-politica-agro"],"_links":{"self":[{"href":"https:\/\/agromt.news\/index.php?rest_route=\/wp\/v2\/posts\/19354"}],"collection":[{"href":"https:\/\/agromt.news\/index.php?rest_route=\/wp\/v2\/posts"}],"about":[{"href":"https:\/\/agromt.news\/index.php?rest_route=\/wp\/v2\/types\/post"}],"author":[{"embeddable":true,"href":"https:\/\/agromt.news\/index.php?rest_route=\/wp\/v2\/users\/1"}],"replies":[{"embeddable":true,"href":"https:\/\/agromt.news\/index.php?rest_route=%2Fwp%2Fv2%2Fcomments&post=19354"}],"version-history":[{"count":0,"href":"https:\/\/agromt.news\/index.php?rest_route=\/wp\/v2\/posts\/19354\/revisions"}],"wp:featuredmedia":[{"embeddable":true,"href":"https:\/\/agromt.news\/index.php?rest_route=\/wp\/v2\/media\/934"}],"wp:attachment":[{"href":"https:\/\/agromt.news\/index.php?rest_route=%2Fwp%2Fv2%2Fmedia&parent=19354"}],"wp:term":[{"taxonomy":"category","embeddable":true,"href":"https:\/\/agromt.news\/index.php?rest_route=%2Fwp%2Fv2%2Fcategories&post=19354"},{"taxonomy":"post_tag","embeddable":true,"href":"https:\/\/agromt.news\/index.php?rest_route=%2Fwp%2Fv2%2Ftags&post=19354"}],"curies":[{"name":"wp","href":"https:\/\/api.w.org\/{rel}","templated":true}]}}