{"id":19352,"date":"2025-08-28T19:49:36","date_gmt":"2025-08-28T23:49:36","guid":{"rendered":"https:\/\/agromt.news\/?p=19352"},"modified":"2025-08-28T19:49:36","modified_gmt":"2025-08-28T23:49:36","slug":"bndes-estuda-suspensao-temporaria-de-dividas-de-afetados-por-tarifaco","status":"publish","type":"post","link":"https:\/\/agromt.news\/?p=19352","title":{"rendered":"BNDES estuda suspens\u00e3o tempor\u00e1ria de d\u00edvidas de afetados por tarifa\u00e7o"},"content":{"rendered":"<p> <br \/>\n<br \/><img decoding=\"async\" src=\"https:\/\/agromt.news\/wp-content\/uploads\/2025\/08\/BNDES-estuda-suspensao-temporaria-de-dividas-de-afetados-por-tarifaco.jpg\" \/><\/p>\n<div>\n<p>O presidente do Banco Nacional de Desenvolvimento Econ\u00f4mico e Social (BNDES), Aloizio Mercadante, disse nesta quinta-feira (28) que estuda a possibilidade de suspender temporariamente o pagamento de d\u00edvidas de algumas empresas afetadas pelas sobretaxas dos Estados Unidos.<\/p>\n<p>A medida, conhecida pelo termo<em> stand-still<\/em>, priorizaria empresas que trabalham com produtos perec\u00edveis. A estrat\u00e9gia j\u00e1 foi aplicada para ajudar empresas afetadas pelas enchentes de 2024 no <strong><a href=\"https:\/\/www.canalrural.com.br\/nacional\/rio-grande-do-sul\/\">Rio Grande do Sul<\/a><\/strong>.<\/p>\n<p>\u201cN\u00f3s vamos ter que estudar junto com a Fazenda, com os bancos. Mas, em alguns complexos regionais, especialmente de produtos perec\u00edveis, enquanto as compras p\u00fablicas n\u00e3o estiverem implantadas, talvez tenhamos que tomar essa medida. Ela surgiu da nossa pauta de conversas e vou levar para o governo, para tentar desenhar uma estrat\u00e9gia\u201d, disse Mercadante.<\/p>\n<p>O presidente do BNDES recebeu prefeitos de 15 cidades do pa\u00eds na sede do banco, no Rio de Janeiro, para detalhar <strong><a href=\"https:\/\/www.canalrural.com.br\/economia\/plano-brasil-soberano-tera-ao-todo-4-linhas-de-credito-detalha-diretor-do-bndes\/\">medidas do Plano Brasil Soberano<\/a><\/strong>. O programa foi criado pelo governo federal para ajudar exportadores e trabalhadores afetados pelas sobretaxas dos EUA.<\/p>\n<p>\u201cA equipe vai percorrer os munic\u00edpios mais afetados e fazer uma audi\u00eancia p\u00fablica com os empres\u00e1rios para detalhar as linhas de cr\u00e9dito. Isso para que o processo possa fluir o mais r\u00e1pido poss\u00edvel, porque o tempo \u00e9 fundamental na economia. Quanto mais a gente atrasa, maior \u00e9 o preju\u00edzo. Se a gente se antecipa, e todo mundo consegue manter as suas atividades, a economia segue crescendo\u201d, disse Mercadante.<\/p>\n<h2 class=\"wp-block-heading\" id=\"h-linhas-de-credito\">Linhas de cr\u00e9dito<\/h2>\n<p>Na semana passada, o BNDES detalhou como vai socorrer as empresas brasileiras exportadoras. Aquelas que perderam mais de 5% do faturamento bruto total ter\u00e3o prioridade para acessar as linhas de cr\u00e9dito.<\/p>\n<p>Ser\u00e3o disponibilizados R$ 40 bilh\u00f5es em quatro linhas de cr\u00e9dito. Desse total, R$ 30 bilh\u00f5es ser\u00e3o do Fundo Garantidor de Exporta\u00e7\u00f5es (FGE) e R$ 10 bilh\u00f5es de recursos do pr\u00f3prio banco.<\/p>\n<\/div>\n<div>\n<p>As linhas s\u00e3o divididas em Capital de Giro (financiamento de gastos operacionais); Giro Diversifica\u00e7\u00e3o (busca de novos mercados); Bens de Capital (aquisi\u00e7\u00e3o de m\u00e1quinas e equipamentos); e Investimento (inova\u00e7\u00e3o tecnol\u00f3gica, adapta\u00e7\u00e3o da atividade produtiva, de produtos, de servi\u00e7os e de processos, e adensamento da cadeia produtiva).<\/p>\n<h2 class=\"wp-block-heading\" id=\"h-municipios-afetados\">Munic\u00edpios afetados<\/h2>\n<p>O prefeito Sim\u00e3o Durando (Uni\u00e3o Brasil) de Petrolina, Pernambuco, foi ao encontro no BNDES e disse representar os munic\u00edpios de todo o Vale do S\u00e3o Francisco, regi\u00e3o com volume grande de exporta\u00e7\u00e3o de frutas tropicais, especialmente manga e uva.<\/p>\n<p>Segundo Durando, o tarifa\u00e7o promovido pelo presidente Donald Trump deixou todos de \u201cm\u00e3os atadas\u201d. Ele explicou que h\u00e1 uma janela limite entre agosto e outubro para exportar 2.500 cont\u00eaineres de manga e 700 cont\u00eaineres de uva para os Estados Unidos.<\/p>\n<p>\u201cViemos junto ao BNDES pedir dilata\u00e7\u00e3o de prazos, como tamb\u00e9m o acesso ao cr\u00e9dito para pequenos, m\u00e9dios e grandes exportadores do Vale do S\u00e3o Francisco\u201d, disse o prefeito de Petrolina.<\/p>\n<p>\u201cUm ter\u00e7o da popula\u00e7\u00e3o de Petrolina vive diretamente da fruticultura irrigada. No Vale de S\u00e3o Francisco, mais de 1 milh\u00e3o de pessoas dependem da fruticultura irrigada da exporta\u00e7\u00e3o de manga e uva para os Estados Unidos, Am\u00e9rica do Norte e Europa. A gente sai daqui satisfeito, com as propostas financeiras que v\u00e3o ser implementadas\u201d, complementou.<\/p>\n<p>O prefeito Alexandre Augusto Ferreira (MDB), de Franca, no interior de S\u00e3o Paulo, destacou o impacto das tarifas norte-americanas em munic\u00edpios como os de Piracicaba, Campinas e S\u00e3o Jos\u00e9 dos Campos. S\u00e3o locais que trabalham com produtos manufaturados e ind\u00fastrias de bens de consumo dur\u00e1veis.<\/p>\n<p>No caso de Franca, as sobretaxas afetam principalmente o setor de cal\u00e7ados, que emprega entre 12 mil e 14 mil pessoas diretamente. Algumas empresas chegam a vender 100% da produ\u00e7\u00e3o para os EUA.<\/p>\n<p>\u201cHoje, n\u00f3s temos em torno de 1 milh\u00e3o de pares de sapatos que v\u00e3o ser brecados no embarque. N\u00f3s temos algumas especificidades \u2500 o modelo e a forma do cal\u00e7ado vendido para os norte-americanos s\u00e3o diferentes do resto do mundo e diferentes do mercado interno brasileiro. [S\u00e3o] Contratos que foram feitos no ano passado, com previs\u00e3o de entrega agora. N\u00e3o conseguiremos colocar os produtos em outro mercado\u201d, disse Ferreira.<\/p>\n<\/p><\/div>\n<p><br \/>\n<br \/><a href=\"https:\/\/www.canalrural.com.br\/economia\/bndes-estuda-suspensao-temporaria-de-dividas-de-afetados-por-tarifaco\/\">Source link <\/a><\/p>\n","protected":false},"excerpt":{"rendered":"<p>O presidente do Banco Nacional de Desenvolvimento Econ\u00f4mico e Social (BNDES), Aloizio Mercadante, disse nesta quinta-feira (28) que estuda a<\/p>\n","protected":false},"author":1,"featured_media":19353,"comment_status":"open","ping_status":"open","sticky":false,"template":"","format":"standard","meta":{"_monsterinsights_skip_tracking":false,"_monsterinsights_sitenote_active":false,"_monsterinsights_sitenote_note":"","_monsterinsights_sitenote_category":0,"_uf_show_specific_survey":0,"_uf_disable_surveys":false,"footnotes":""},"categories":[1],"tags":[],"class_list":["post-19352","post","type-post","status-publish","format-standard","has-post-thumbnail","hentry","category-news"],"_links":{"self":[{"href":"https:\/\/agromt.news\/index.php?rest_route=\/wp\/v2\/posts\/19352"}],"collection":[{"href":"https:\/\/agromt.news\/index.php?rest_route=\/wp\/v2\/posts"}],"about":[{"href":"https:\/\/agromt.news\/index.php?rest_route=\/wp\/v2\/types\/post"}],"author":[{"embeddable":true,"href":"https:\/\/agromt.news\/index.php?rest_route=\/wp\/v2\/users\/1"}],"replies":[{"embeddable":true,"href":"https:\/\/agromt.news\/index.php?rest_route=%2Fwp%2Fv2%2Fcomments&post=19352"}],"version-history":[{"count":0,"href":"https:\/\/agromt.news\/index.php?rest_route=\/wp\/v2\/posts\/19352\/revisions"}],"wp:featuredmedia":[{"embeddable":true,"href":"https:\/\/agromt.news\/index.php?rest_route=\/wp\/v2\/media\/19353"}],"wp:attachment":[{"href":"https:\/\/agromt.news\/index.php?rest_route=%2Fwp%2Fv2%2Fmedia&parent=19352"}],"wp:term":[{"taxonomy":"category","embeddable":true,"href":"https:\/\/agromt.news\/index.php?rest_route=%2Fwp%2Fv2%2Fcategories&post=19352"},{"taxonomy":"post_tag","embeddable":true,"href":"https:\/\/agromt.news\/index.php?rest_route=%2Fwp%2Fv2%2Ftags&post=19352"}],"curies":[{"name":"wp","href":"https:\/\/api.w.org\/{rel}","templated":true}]}}