{"id":19348,"date":"2025-08-28T19:07:38","date_gmt":"2025-08-28T23:07:38","guid":{"rendered":"https:\/\/agromt.news\/?p=19348"},"modified":"2025-08-28T19:07:38","modified_gmt":"2025-08-28T23:07:38","slug":"precos-de-soja-subiram-ou-cairam-no-brasil","status":"publish","type":"post","link":"https:\/\/agromt.news\/?p=19348","title":{"rendered":"pre\u00e7os de soja subiram ou ca\u00edram no Brasil?"},"content":{"rendered":"<p> <br \/>\n<br \/><img decoding=\"async\" src=\"https:\/\/agromt.news\/wp-content\/uploads\/2024\/10\/real_moeda_020120a84t47665209.jpg\" \/><\/p>\n<div>\n<p>O <a href=\"https:\/\/www.canalrural.com.br\/?s=mercado+de+soja\">mercado <\/a>brasileiro de soja teve mais um dia travado, com poucas ofertas e movimenta\u00e7\u00e3o limitada. De acordo com o analista da <a href=\"https:\/\/safras.com.br\/\">Safras &amp; Mercado<\/a>, Rafael Silveira, o produtor segue de lado, e a demanda continua fraca tanto da ind\u00fastria quanto da exporta\u00e7\u00e3o. \u201cO ritmo \u00e9 lento mesmo com soja dispon\u00edvel. Na safra nova tamb\u00e9m quase nada de indica\u00e7\u00e3o, ningu\u00e9m querendo se expor\u201d, relatou.<\/p>\n<ul class=\"wp-block-list\">\n<li><strong><em>Fique por dentro das novidades e not\u00edcias recentes sobre a soja! Participe da nossa comunidade atrav\u00e9s do\u00a0<a href=\"https:\/\/chat.whatsapp.com\/BmMRwA0TZ2DHGyhzoaVEWu\">link<\/a>! \ud83c\udf31<\/em><\/strong><\/li>\n<\/ul>\n<p>No geral, nesta quinta-feira (28), os pre\u00e7os ficaram est\u00e1veis a um pouco mais fracos, mas a diferen\u00e7a entre comprador e vendedor continua grande. Na Bolsa de Mercadorias de Chicago (CBOT), pouca oscila\u00e7\u00e3o, o mercado operou vol\u00e1til, acompanhando a safra americana e os movimentos da China.<\/p>\n<h3 class=\"wp-block-heading\" id=\"h-precos-do-dia\">Pre\u00e7os do dia <\/h3>\n<ul class=\"wp-block-list\">\n<li><strong>Passo Fundo (RS)<\/strong>: caiu de 134,00 para 133,00<\/li>\n<li><strong>Santa Rosa (RS)<\/strong>: caiu de 135,00 para 134,00<\/li>\n<li><strong>Rio Grande (RS)<\/strong>: manteve em 139,00<\/li>\n<li><strong>Cascavel (PR)<\/strong>: caiu de 135,00 para 134,00<\/li>\n<li><strong>Paranagu\u00e1 (PR)<\/strong>: manteve em 139,00<\/li>\n<li><strong>Rondon\u00f3polis (MT)<\/strong>: manteve em 127,00<\/li>\n<li><strong>Dourados (MS)<\/strong>: manteve em 127,00<\/li>\n<li><strong>Rio Verde (GO)<\/strong>: manteve em 124,00<\/li>\n<\/ul>\n<h3 class=\"wp-block-heading\" id=\"h-soja-em-chicago\">Soja em Chicago <\/h3>\n<p>Os contratos futuros da soja na CBOT fecharam a quinta-feira com pre\u00e7os pr\u00f3ximos da estabilidade. O mercado iniciou o dia pressionado pelo bom desenvolvimento das lavouras americanas, mas not\u00edcias positivas sobre negocia\u00e7\u00f5es comerciais entre China e EUA reduziram as perdas. Um importante negociador chin\u00eas deve se reunir em breve com autoridades americanas, com aumento expectativas de acordo.<\/p>\n<\/div>\n<div>\n<p>As exporta\u00e7\u00f5es l\u00edquidas de soja dos EUA, para a temporada 2024\/25, ficaram negativas em 189.200 toneladas na semana encerrada em 21 de agosto, com a Espanha liderando as compras, 71.500 toneladas. Para a temporada 2025\/26, as exporta\u00e7\u00f5es foram de 1.372.600 toneladas, acima da expectativa de 400 mil a 1 milh\u00e3o toneladas, somando-se as duas temporadas.<\/p>\n<p>O desempenho negativo do \u00f3leo se mant\u00e9m devido \u00e0s incertezas sobre a pol\u00edtica de biodiesel nos EUA, enquanto a ampla oferta de soja e palma continua pressionando os pre\u00e7os.<\/p>\n<h3 class=\"wp-block-heading\" id=\"h-contratos-futuros-de-soja\">Contratos futuros de soja <\/h3>\n<p>Os contratos da soja em gr\u00e3o com entrega em setembro fecharam com alta de 0,01 d\u00f3lar, ou 0,09%, a US$ 10,28 1\/4 por bushel. A posi\u00e7\u00e3o novembro teve cota\u00e7\u00e3o de US$ 10,48 por bushel, alta de 0,005 d\u00f3lar ou 0,04%<\/p>\n<p>Nos subprodutos, a posi\u00e7\u00e3o dezembro do farelo fechou com baixa de US$ 0,90, ou 0,31%, a US$ 287,30 por tonelada. No \u00f3leo, os contratos com vencimento em dezembro fecharam a 52,43 centavos de d\u00f3lar, com perda de 0,72 centavo ou 1,35%.<\/p>\n<h3 class=\"wp-block-heading\" id=\"h-cambio\">C\u00e2mbio <\/h3>\n<p>O d\u00f3lar comercial encerrou a sess\u00e3o em queda de 0,18%, negociado a R$ 5,4060 para venda e R$ 5,4040 para compra, oscilando entre m\u00ednima de R$ 5,3968 e m\u00e1xima de R$ 5,4318.<\/p>\n<\/p><\/div>\n<p><br \/>\n<br \/><a href=\"https:\/\/www.canalrural.com.br\/agricultura\/projeto-soja-brasil\/ultima-quinta-feira-de-agosto-precos-de-soja-subiram-ou-cairam-no-brasil\/\">Source link <\/a><\/p>\n","protected":false},"excerpt":{"rendered":"<p>O mercado brasileiro de soja teve mais um dia travado, com poucas ofertas e movimenta\u00e7\u00e3o limitada. De acordo com o<\/p>\n","protected":false},"author":1,"featured_media":3687,"comment_status":"open","ping_status":"open","sticky":false,"template":"","format":"standard","meta":{"_monsterinsights_skip_tracking":false,"_monsterinsights_sitenote_active":false,"_monsterinsights_sitenote_note":"","_monsterinsights_sitenote_category":0,"_uf_show_specific_survey":0,"_uf_disable_surveys":false,"footnotes":""},"categories":[1],"tags":[],"class_list":["post-19348","post","type-post","status-publish","format-standard","has-post-thumbnail","hentry","category-news"],"_links":{"self":[{"href":"https:\/\/agromt.news\/index.php?rest_route=\/wp\/v2\/posts\/19348"}],"collection":[{"href":"https:\/\/agromt.news\/index.php?rest_route=\/wp\/v2\/posts"}],"about":[{"href":"https:\/\/agromt.news\/index.php?rest_route=\/wp\/v2\/types\/post"}],"author":[{"embeddable":true,"href":"https:\/\/agromt.news\/index.php?rest_route=\/wp\/v2\/users\/1"}],"replies":[{"embeddable":true,"href":"https:\/\/agromt.news\/index.php?rest_route=%2Fwp%2Fv2%2Fcomments&post=19348"}],"version-history":[{"count":0,"href":"https:\/\/agromt.news\/index.php?rest_route=\/wp\/v2\/posts\/19348\/revisions"}],"wp:featuredmedia":[{"embeddable":true,"href":"https:\/\/agromt.news\/index.php?rest_route=\/wp\/v2\/media\/3687"}],"wp:attachment":[{"href":"https:\/\/agromt.news\/index.php?rest_route=%2Fwp%2Fv2%2Fmedia&parent=19348"}],"wp:term":[{"taxonomy":"category","embeddable":true,"href":"https:\/\/agromt.news\/index.php?rest_route=%2Fwp%2Fv2%2Fcategories&post=19348"},{"taxonomy":"post_tag","embeddable":true,"href":"https:\/\/agromt.news\/index.php?rest_route=%2Fwp%2Fv2%2Ftags&post=19348"}],"curies":[{"name":"wp","href":"https:\/\/api.w.org\/{rel}","templated":true}]}}