{"id":19343,"date":"2025-08-28T18:07:19","date_gmt":"2025-08-28T22:07:19","guid":{"rendered":"https:\/\/agromt.news\/?p=19343"},"modified":"2025-08-28T18:07:19","modified_gmt":"2025-08-28T22:07:19","slug":"lula-anuncia-apoio-ao-acordo-de-neutralidade-do-canal-do-panama","status":"publish","type":"post","link":"https:\/\/agromt.news\/?p=19343","title":{"rendered":"Lula anuncia apoio ao acordo de neutralidade do Canal do Panam\u00e1"},"content":{"rendered":"<p> <br \/>\n<br \/><img decoding=\"async\" src=\"https:\/\/agromt.news\/wp-content\/uploads\/2025\/08\/Lula-anuncia-apoio-ao-acordo-de-neutralidade-do-Canal-do.jpg\" \/><\/p>\n<div>\n<p>O presidente Luiz In\u00e1cio Lula da Silva anunciou, nesta quinta-feira (28), o reconhecimento direto do Brasil ao tratado sobre a neutralidade permanente e a opera\u00e7\u00e3o do Canal do Panam\u00e1. <\/p>\n<p>Lula recebeu o presidente do Panam\u00e1, Jos\u00e9 Ra\u00fal Mulino, para uma visita oficial, e, em seu discurso, fez refer\u00eancia \u00e0s amea\u00e7as do presidente dos Estados Unidos, Donald Trump, em retomar o controle da via interoce\u00e2nica.<\/p>\n<p>\u201cO Brasil apoia integralmente a soberania do Panam\u00e1 sobre o Canal, conquistada ap\u00f3s d\u00e9cadas de luta. H\u00e1 mais de 25 anos, o pa\u00eds administra o corredor mar\u00edtimo com efici\u00eancia e respeito \u00e0 neutralidade, garantindo tr\u00e2nsito seguro a navios de todas as origens\u201d, disse Lula em declara\u00e7\u00e3o \u00e0 imprensa no Pal\u00e1cio do Planalto.<\/p>\n<p>\u201cTentativas de restaurar antigas hegemonias colocam em xeque a liberdade e a autodetermina\u00e7\u00e3o de nossos povos. Amea\u00e7as de inger\u00eancia pressionam institui\u00e7\u00f5es democr\u00e1ticas e comprometem a constru\u00e7\u00e3o de um continente integrado, desenvolvido e aut\u00f4nomo. O com\u00e9rcio internacional \u00e9 utilizado como instrumento de coer\u00e7\u00e3o e chantagem\u201d, acrescentou.<\/p>\n<h2 class=\"wp-block-heading\" id=\"h-tratado-de-neutralidade\">Tratado de neutralidade<\/h2>\n<p>O tratado de neutralidade do Canal do Panam\u00e1 \u00e9 um dos atos bilaterais dos Tratados Torrijos-Carter, assinados pelos Estados Unidos e pelo Panam\u00e1, que regem o funcionamento e a neutralidade da via aqu\u00e1tica, com o Panam\u00e1 assumindo a administra\u00e7\u00e3o total do canal em 1999. <\/p>\n<p>O Brasil, como na\u00e7\u00e3o-membro da Organiza\u00e7\u00e3o dos Estados Americanos (OEA), reconhece a validade desses tratados, que visam garantir o tr\u00e2nsito seguro e n\u00e3o discriminat\u00f3rio para todas as na\u00e7\u00f5es.<\/p>\n<p>As obras do Canal do Panam\u00e1 foram iniciadas pela Fran\u00e7a em 1880 e assumidas pelos Estados Unidos em 1904. O empreendimento reduziu o tempo de viagem para se cruzar os oceanos Atl\u00e2ntico e Pac\u00edfico de navio, fundamental para o com\u00e9rcio internacional. O canal \u00e9 gerenciado e operado pela Autoridade do Canal do Panam\u00e1, uma ag\u00eancia do governo do pa\u00eds.<\/p>\n<p>\u201cN\u00e3o h\u00e1 duvida de que a quest\u00e3o do canal nos afeta muito porque \u00e9 uma luta de um s\u00e9culo, conquistada por negocia\u00e7\u00e3o e conseguimos alcan\u00e7ar a plena soberania\u201d, disse o presidente panamenho Jos\u00e9 Ra\u00fal Mulino.<\/p>\n<h2 class=\"wp-block-heading\" id=\"h-exportacoes-brasileiras\">Exporta\u00e7\u00f5es brasileiras<\/h2>\n<p>O Minist\u00e9rio dos Portos e Aeroportos do Brasil e a Autoridade do Canal do Panam\u00e1 firmaram, nesta quinta, memorando de entendimento para otimizar as exporta\u00e7\u00f5es brasileiras e modernizar a opera\u00e7\u00e3o dos portos brasileiros. <\/p>\n<\/div>\n<div>\n<p>O documento prev\u00ea o interc\u00e2mbio de experi\u00eancias e transfer\u00eancia de informa\u00e7\u00f5es sobre o funcionamento do Canal do Panam\u00e1, estudos sobre o uso de novas rotas e avalia\u00e7\u00e3o de rotas mar\u00edtimas e fluviais mais sustent\u00e1veis.<\/p>\n<p>Durante a visita oficial, tamb\u00e9m foi assinado memorando para coopera\u00e7\u00e3o sobre desenvolvimento agr\u00edcola e pecu\u00e1rio, em \u00e1reas como capacita\u00e7\u00e3o t\u00e9cnica, sanidade animal e vegetal, produ\u00e7\u00e3o sustent\u00e1vel e inova\u00e7\u00e3o. Ainda, a Embraer anunciou o acordo para a venda de quatro aeronaves do modelo A-29 Super Tucano para o Servi\u00e7o Nacional Aeronaval do Panam\u00e1.<\/p>\n<p>Segundo o presidente Lula, a Funda\u00e7\u00e3o Oswaldo Cruz (Fiocruz) tamb\u00e9m vai atuar junto ao pa\u00eds para ampliar a capacidade panamenha de produ\u00e7\u00e3o de vacinas e contribuir para o estabelecimento de um polo farmac\u00eautico regional.<\/p>\n<h2 class=\"wp-block-heading\" id=\"h-panama-na-cop30\">Panam\u00e1 na COP30<\/h2>\n<p>O presidente Mulino confirmou sua participa\u00e7\u00e3o na 30\u00aa Confer\u00eancia das Na\u00e7\u00f5es Unidas sobre as Mudan\u00e7as Clim\u00e1ticas (COP30), em Bel\u00e9m, em novembro, e contou sobre o impacto das migra\u00e7\u00f5es nas florestas da Regi\u00e3o de Dari\u00e9n, na divisa de Col\u00f4mbia e Panam\u00e1. <\/p>\n<p>Segundo ele, os caminhos foram devastados e toneladas de lixo foram deixados pelas milhares de pessoas que cruzam a regi\u00e3o em dire\u00e7\u00e3o \u00e0 Am\u00e9rica do Norte.<\/p>\n<p>O pa\u00eds tamb\u00e9m \u00e9 afetado pelas secas e est\u00e1 construindo um reservat\u00f3rio para abastecer, inclusive, o lago do Canal do Panam\u00e1, que torna poss\u00edvel a navega\u00e7\u00e3o no local.<\/p>\n<p>\u201cPrecisamos de \u00e1gua, de florestas e lutar todos os dias contra a mudan\u00e7a do clima\u201d, disse Mulino.<\/p>\n<p>O presidente Lula destacou que Brasil e Panam\u00e1 s\u00e3o respons\u00e1veis por uma imensa biodiversidade e merecem ser remunerados pelos servi\u00e7os ambientais. Ele pediu que o pa\u00eds fa\u00e7a a ades\u00e3o ao Fundo Florestas Tropicais para Sempre (TFFF), que ser\u00e1 lan\u00e7ado na COP30, um mecanismo financeiro para recompensar pa\u00edses por preservar suas florestas tropicais.<\/p>\n<p>\u201cApesar de ser um dos poucos pa\u00edses que absorvem mais gases de efeito estufa do que emitem, o Panam\u00e1 j\u00e1 lida com os efeitos da eleva\u00e7\u00e3o do n\u00edvel do mar em seu territ\u00f3rio. O deslocamento do povo ind\u00edgena Guna de seu arquip\u00e9lago ancestral \u00e9 um exemplo concreto da injusti\u00e7a clim\u00e1tica\u201d, disse o presidente brasileiro.<\/p>\n<\/p><\/div>\n<p><br \/>\n<br \/><a href=\"https:\/\/www.canalrural.com.br\/politica\/lula-anuncia-apoio-ao-acordo-de-neutralidade-do-canal-do-panama\/\">Source link <\/a><\/p>\n","protected":false},"excerpt":{"rendered":"<p>O presidente Luiz In\u00e1cio Lula da Silva anunciou, nesta quinta-feira (28), o reconhecimento direto do Brasil ao tratado sobre a<\/p>\n","protected":false},"author":1,"featured_media":19344,"comment_status":"open","ping_status":"open","sticky":false,"template":"","format":"standard","meta":{"_monsterinsights_skip_tracking":false,"_monsterinsights_sitenote_active":false,"_monsterinsights_sitenote_note":"","_monsterinsights_sitenote_category":0,"_uf_show_specific_survey":0,"_uf_disable_surveys":false,"footnotes":""},"categories":[1],"tags":[],"class_list":["post-19343","post","type-post","status-publish","format-standard","has-post-thumbnail","hentry","category-news"],"_links":{"self":[{"href":"https:\/\/agromt.news\/index.php?rest_route=\/wp\/v2\/posts\/19343"}],"collection":[{"href":"https:\/\/agromt.news\/index.php?rest_route=\/wp\/v2\/posts"}],"about":[{"href":"https:\/\/agromt.news\/index.php?rest_route=\/wp\/v2\/types\/post"}],"author":[{"embeddable":true,"href":"https:\/\/agromt.news\/index.php?rest_route=\/wp\/v2\/users\/1"}],"replies":[{"embeddable":true,"href":"https:\/\/agromt.news\/index.php?rest_route=%2Fwp%2Fv2%2Fcomments&post=19343"}],"version-history":[{"count":0,"href":"https:\/\/agromt.news\/index.php?rest_route=\/wp\/v2\/posts\/19343\/revisions"}],"wp:featuredmedia":[{"embeddable":true,"href":"https:\/\/agromt.news\/index.php?rest_route=\/wp\/v2\/media\/19344"}],"wp:attachment":[{"href":"https:\/\/agromt.news\/index.php?rest_route=%2Fwp%2Fv2%2Fmedia&parent=19343"}],"wp:term":[{"taxonomy":"category","embeddable":true,"href":"https:\/\/agromt.news\/index.php?rest_route=%2Fwp%2Fv2%2Fcategories&post=19343"},{"taxonomy":"post_tag","embeddable":true,"href":"https:\/\/agromt.news\/index.php?rest_route=%2Fwp%2Fv2%2Ftags&post=19343"}],"curies":[{"name":"wp","href":"https:\/\/api.w.org\/{rel}","templated":true}]}}