{"id":19341,"date":"2025-08-28T17:54:22","date_gmt":"2025-08-28T21:54:22","guid":{"rendered":"https:\/\/agromt.news\/?p=19341"},"modified":"2025-08-28T17:54:22","modified_gmt":"2025-08-28T21:54:22","slug":"hub-agro-sera-sede-do-agro-inovar-rs-na-expointer","status":"publish","type":"post","link":"https:\/\/agromt.news\/?p=19341","title":{"rendered":"Hub Agro ser\u00e1 sede do Agro Inovar RS na Expointer"},"content":{"rendered":"<p> <br \/>\n<\/p>\n<div>\n<p style=\"text-align:justify\">O Parque de Exposi\u00e7\u00f5es, em Esteio, ser\u00e1 sede do Agro Inovar RS, uma arena de inova\u00e7\u00e3o do agroneg\u00f3cio no Estado, organizado pela Prefeitura de Esteio e pela Universidade Feevale. O evento acontecer\u00e1 no Hub Agro, espa\u00e7o ao lado da Casa de Esteio no Parque, que ir\u00e1 reunir especialistas, empreendedores e lideran\u00e7as para debater temas de grande relev\u00e2ncia para o setor, dividido em quatro eixos tem\u00e1ticos. S\u00e3o eles a educa\u00e7\u00e3o e forma\u00e7\u00e3o profissional, a inova\u00e7\u00e3o e startups, o protagonismo feminino no agro e tecnologia, sustentabilidade e solu\u00e7\u00f5es pr\u00e1ticas.&#13;\n<\/p>\n<p style=\"text-align:justify\">O prefeito de Esteio Felipe Costella destacou que o projeto refor\u00e7a a voca\u00e7\u00e3o do munic\u00edpio como palco de grandes iniciativas. \u201cVai ser poss\u00edvel mostrar para o mundo o quanto somos capazes de articular parcerias que d\u00e3o certo e trazer novas ideias e solu\u00e7\u00f5es, n\u00e3o s\u00f3 para o mercado agro, mas para toda a ind\u00fastria e setores que movimentam a economia do Estado e do Brasil\u201d, afirmou.<\/p>\n<p style=\"text-align:justify\">\u201cA ideia \u00e9 que o Agro Inovar RS traga inova\u00e7\u00e3o, tecnologia e empreendedorismo, com uma s\u00e9rie de palestras, eventos e apresenta\u00e7\u00f5es, consolidando a colabora\u00e7\u00e3o entre a Feevale e a Prefeitura de Esteio\u201d, destacou o reitor da Universidade Feevale, Jos\u00e9 Paulo da Rosa.<\/p>\n<p style=\"text-align:justify\">Manuela Bruxel, diretora de Inova\u00e7\u00e3o da Universidade Feevale, salientou que, neste ano, o Hub Agro tem duas propostas. \u201cAl\u00e9m de contar com o evento Agro Inovar RS, com sua s\u00e9rie de eventos, palestras e atividades em parceria com a prefeitura de Esteio, por exemplo, queremos mostrar para os visitantes da feira tudo o que j\u00e1 acontece no espa\u00e7o, que s\u00e3o as metodologias de pr\u00e9-incuba\u00e7\u00e3o e incuba\u00e7\u00e3o de startups. A ideia \u00e9 que, junto \u00e0 programa\u00e7\u00e3o, possamos criar conex\u00f5es com os produtores e empres\u00e1rios que visitam a feira, por isso estaremos de portas abertas com uma programa\u00e7\u00e3o focada \u00e0 tecnologia, \u00e0 inova\u00e7\u00e3o, \u00e0s conex\u00f5es e \u00e0 sustentabilidade\u201d, explicou.&#13;\n<\/p>\n<p style=\"text-align:justify\"><strong>Sobre o Agro Inovar RS<\/strong><\/p>\n<p style=\"text-align:justify\">O Agro Inovar RS busca consolidar o Rio Grande do Sul como refer\u00eancia nacional em inova\u00e7\u00e3o para o agroneg\u00f3cio. Em sua ess\u00eancia, o projeto convida empres\u00e1rios, produtores, startups, investidores e institui\u00e7\u00f5es a cocriar o futuro do setor, unindo conhecimento e tecnologia para transformar desafios em oportunidades.<\/p>\n<p style=\"text-align:justify\">O evento ocorrer\u00e1 durante a Expointer 2025, no Parque de Exposi\u00e7\u00f5es Assis Brasil, entre o pr\u00f3ximo s\u00e1bado (30) e 7 de setembro. As atividades ser\u00e3o realizadas no Hub Agro, localizado ao lado da Casa de Esteio. O espa\u00e7o, que tem como objetivo fomentar empresas e profissionais para a cria\u00e7\u00e3o de solu\u00e7\u00f5es para o agroneg\u00f3cio, estar\u00e1 aberto diariamente, das 9h \u00e0s 18h, oferecendo ao p\u00fablico uma experi\u00eancia imersiva em inova\u00e7\u00e3o, neg\u00f3cios e networking.<\/p>\n<p style=\"text-align:justify\">Al\u00e9m de proporcionar oportunidades de networking, o Agro Inovar RS dever\u00e1 potencializar investimentos em inova\u00e7\u00e3o tecnol\u00f3gica. Durante os nove dias de feira, os participantes ter\u00e3o acesso a palestras, pain\u00e9is e debates conduzidos por experts e grandes players do mercado. O prop\u00f3sito \u00e9 conectar a vanguarda da tecnologia com a tradi\u00e7\u00e3o e for\u00e7a do setor agropecu\u00e1rio, promovendo um desenvolvimento sustent\u00e1vel tanto para \u00e1reas rurais quanto urbanas.&#13;\n<\/p>\n<p style=\"text-align:justify\">As atra\u00e7\u00f5es ser\u00e3o voltadas ao p\u00fablico em geral, em especial, empres\u00e1rios rurais e urbanos, integrantes do poder p\u00fablico, parques, hubs e startups, bem como agricultores e pecuaristas em busca de solu\u00e7\u00f5es. Para estruturar os conte\u00fados, o Agro Inovar RS apresenta quatro grandes eixos tem\u00e1ticos, que norteiam sua programa\u00e7\u00e3o:<\/p>\n<p style=\"text-align:justify\"><strong>Educa\u00e7\u00e3o e forma\u00e7\u00e3o profissional<\/strong><\/p>\n<p style=\"text-align:justify\">&#8211; Integra\u00e7\u00e3o entre eventos de inova\u00e7\u00e3o<\/p>\n<p style=\"text-align:justify\">&#8211; Forma\u00e7\u00e3o profissional no agro: o veterin\u00e1rio do futuro<\/p>\n<p style=\"text-align:justify\">&#8211; Ensino e atualiza\u00e7\u00e3o t\u00e9cnica para o setor<\/p>\n<p style=\"text-align:justify\"><strong>Inova\u00e7\u00e3o e startups<\/strong><\/p>\n<p style=\"text-align:justify\">&#8211; Mapeamento de startups e ecossistema de inova\u00e7\u00e3o no RS<\/p>\n<p style=\"text-align:justify\">&#8211; Tecnologias e solu\u00e7\u00f5es para o setor<\/p>\n<p style=\"text-align:justify\">&#8211; Novas solu\u00e7\u00f5es para antigos desafios no mercado pet<\/p>\n<p style=\"text-align:justify\">&#8211; Identifica\u00e7\u00e3o eletr\u00f4nica animal: aplicabilidade em diferentes esp\u00e9cies<\/p>\n<p style=\"text-align:justify\"><strong>Protagonismo feminino no agro<\/strong><\/p>\n<p style=\"text-align:justify\">&#8211; Empreendedorismo feminino no agro e lideran\u00e7a<\/p>\n<p style=\"text-align:justify\">&#8211; Mulheres no agro e intelig\u00eancia artificial (IA)<\/p>\n<p style=\"text-align:justify\">&#8211; Encontro das primeiras-damas<\/p>\n<p style=\"text-align:justify\"><strong>Tecnologia, sustentabilidade e solu\u00e7\u00f5es pr\u00e1ticas<\/strong><\/p>\n<p style=\"text-align:justify\">&#8211; Plano de forragem hidrop\u00f4nica: nutri\u00e7\u00e3o de rebanhos por hidroponia<\/p>\n<p style=\"text-align:justify\">&#8211; Integra\u00e7\u00e3o campo-cidade e solu\u00e7\u00f5es para o futuro sustent\u00e1vel<\/p>\n<p style=\"text-align:justify\"><strong>Servi\u00e7o:<\/strong><\/p>\n<p style=\"text-align:justify\">O qu\u00ea: Agro Inovar RS \u2013 Arena de Inova\u00e7\u00e3o do Agroneg\u00f3cio<\/p>\n<p style=\"text-align:justify\">Quando: De s\u00e1bado (30) a 7 de setembro, das 9h \u00e0s 18h, na Expointer<\/p>\n<p style=\"text-align:justify\">Onde: Hub Agro \u2013 Parque de Exposi\u00e7\u00f5es Assis Brasil &#8211; Esteio\/RS<\/p>\n<p style=\"text-align:justify\">Realiza\u00e7\u00e3o: Universidade Feevale e Prefeitura de Esteio<\/p>\n<\/p><\/div>\n<p><script data-cfasync=\"false\">\n    !function (f, b, e, v, n, t, s) {\n        if (f.fbq) return; n = f.fbq = function () {\n            n.callMethod ?\n                n.callMethod.apply(n, arguments) : n.queue.push(arguments)\n        };\n        if (!f._fbq) f._fbq = n; n.push = n; n.loaded = !0; n.version = '2.0';\n        n.queue = []; t = b.createElement(e); t.async = !0;\n        t.src = v; s = b.getElementsByTagName(e)[0];\n        s.parentNode.insertBefore(t, s)\n    }(window, document, 'script',\n        'https:\/\/connect.facebook.net\/en_US\/fbevents.js');\n    fbq('init', '522546078623747');\n    fbq('track', 'PageView');\n<\/script><br \/>\n<br \/><br \/>\n<br \/><a href=\"https:\/\/www.agrolink.com.br\/noticias\/hub-agro-sera-sede-do-agro-inovar-rs-na-expointer_505407.html\">Source link <\/a><\/p>\n","protected":false},"excerpt":{"rendered":"<p>O Parque de Exposi\u00e7\u00f5es, em Esteio, ser\u00e1 sede do Agro Inovar RS, uma arena de inova\u00e7\u00e3o do agroneg\u00f3cio no Estado,<\/p>\n","protected":false},"author":1,"featured_media":19342,"comment_status":"open","ping_status":"open","sticky":false,"template":"","format":"standard","meta":{"_monsterinsights_skip_tracking":false,"_monsterinsights_sitenote_active":false,"_monsterinsights_sitenote_note":"","_monsterinsights_sitenote_category":0,"_uf_show_specific_survey":0,"_uf_disable_surveys":false,"footnotes":""},"categories":[8,1,14],"tags":[],"class_list":["post-19341","post","type-post","status-publish","format-standard","has-post-thumbnail","hentry","category-agro","category-news","category-politica-agro"],"_links":{"self":[{"href":"https:\/\/agromt.news\/index.php?rest_route=\/wp\/v2\/posts\/19341"}],"collection":[{"href":"https:\/\/agromt.news\/index.php?rest_route=\/wp\/v2\/posts"}],"about":[{"href":"https:\/\/agromt.news\/index.php?rest_route=\/wp\/v2\/types\/post"}],"author":[{"embeddable":true,"href":"https:\/\/agromt.news\/index.php?rest_route=\/wp\/v2\/users\/1"}],"replies":[{"embeddable":true,"href":"https:\/\/agromt.news\/index.php?rest_route=%2Fwp%2Fv2%2Fcomments&post=19341"}],"version-history":[{"count":0,"href":"https:\/\/agromt.news\/index.php?rest_route=\/wp\/v2\/posts\/19341\/revisions"}],"wp:featuredmedia":[{"embeddable":true,"href":"https:\/\/agromt.news\/index.php?rest_route=\/wp\/v2\/media\/19342"}],"wp:attachment":[{"href":"https:\/\/agromt.news\/index.php?rest_route=%2Fwp%2Fv2%2Fmedia&parent=19341"}],"wp:term":[{"taxonomy":"category","embeddable":true,"href":"https:\/\/agromt.news\/index.php?rest_route=%2Fwp%2Fv2%2Fcategories&post=19341"},{"taxonomy":"post_tag","embeddable":true,"href":"https:\/\/agromt.news\/index.php?rest_route=%2Fwp%2Fv2%2Ftags&post=19341"}],"curies":[{"name":"wp","href":"https:\/\/api.w.org\/{rel}","templated":true}]}}