{"id":19338,"date":"2025-08-28T17:25:03","date_gmt":"2025-08-28T21:25:03","guid":{"rendered":"https:\/\/agromt.news\/?p=19338"},"modified":"2025-08-28T17:25:03","modified_gmt":"2025-08-28T21:25:03","slug":"tarifaco-nao-deve-atrapalhar-exportacoes-de-carne-ou-cotacoes-da-arroba-ao-longo-do-ano","status":"publish","type":"post","link":"https:\/\/agromt.news\/?p=19338","title":{"rendered":"Tarifa\u00e7o n\u00e3o deve atrapalhar exporta\u00e7\u00f5es de carne ou cota\u00e7\u00f5es da arroba ao longo do ano"},"content":{"rendered":"<p> <br \/>\n<br \/><img decoding=\"async\" src=\"https:\/\/agromt.news\/wp-content\/uploads\/2024\/10\/Brasil-caminha-para-recorde-historico-nas-exportacoes-de-carne-em.jpg\" \/><\/p>\n<div>\n<p>O tarifa\u00e7o imposto pelos <strong><a href=\"https:\/\/www.canalrural.com.br\/tag\/estados-unidos\/\">Estados Unidos<\/a><\/strong> aos produtos importados do Brasil resultou, em um primeiro momento, em oscila\u00e7\u00f5es na pecu\u00e1ria brasileira e d\u00favidas sobre a perda de mercado para a carne nacional. <\/p>\n<p>Contudo, as cota\u00e7\u00f5es da arroba j\u00e1 seguem em patamares mais normalizados e n\u00e3o devem mais ser impactadas por esse motivo. A avalia\u00e7\u00e3o \u00e9 da analista de mercado da consultoria Datagro Isabela Ingr\u00e1cia.<\/p>\n<p>\u201cAs exporta\u00e7\u00f5es [de carne bovina] do Brasil t\u00eam se mantido em n\u00edveis recordes ao longo desses \u00faltimos dois meses, que foram o per\u00edodo em que j\u00e1 temos o tarifa\u00e7o implementado. Mesmo que no acumulado deste ano os Estados Unidos ainda sejam o segundo maior destino das nossas exporta\u00e7\u00f5es, o Brasil est\u00e1 diversificando cada vez mais seus destinos\u201d, ressalta.<\/p>\n<p><iframe title=\"Apesar do tarifa\u00e7o, embarques de carne bovina seguem em alta\" width=\"800\" height=\"450\" src=\"https:\/\/www.youtube.com\/embed\/tPWHUmZ8jMA?feature=oembed\" frameborder=\"0\" allow=\"accelerometer; autoplay; clipboard-write; encrypted-media; gyroscope; picture-in-picture; web-share\" referrerpolicy=\"strict-origin-when-cross-origin\" allowfullscreen><\/iframe><noscript><iframe title=\"Apesar do tarifa\u00e7o, embarques de carne bovina seguem em alta\" width=\"800\" height=\"450\" src=\"https:\/\/www.youtube.com\/embed\/tPWHUmZ8jMA?feature=oembed\" frameborder=\"0\" allow=\"accelerometer; autoplay; clipboard-write; encrypted-media; gyroscope; picture-in-picture; web-share\" referrerpolicy=\"strict-origin-when-cross-origin\" allowfullscreen><\/iframe><\/noscript><\/p>\n<p>Segundo ela, apenas 4% de toda a prote\u00edna bovina exportada pelo Brasil tem o mercado norte-americano como destino. Enquanto isso, 5% de tudo o que os Estados Unidos consomem parte dos pecuaristas brasileiros.<\/p>\n<p>\u201cA gente v\u00ea realmente um movimento de alta nos pre\u00e7os da carne no mercado norte americano. Isso porque eles est\u00e3o passando por problemas de oferta, uma grande liquida\u00e7\u00e3o do rebanho, principalmente de matrizes, e muitas dificuldades na produ\u00e7\u00e3o, por isso eles est\u00e3o dependendo cada vez mais do mercado internacional\u201d, conta.<\/p>\n<h2 class=\"wp-block-heading\" id=\"h-movimento-para-reduzir-tarifas\">Movimento para reduzir tarifas<\/h2>\n<p>Isabela ressalta que o Brasil \u00e9 o principal fornecedor mundial de carne bovina n\u00e3o apenas em termos de volume, mas tamb\u00e9m de pre\u00e7os atrativos. <\/p>\n<p>A analista da Datagro ressalta que h\u00e1 movimentos nos Estados Unidos entre os principais importadores de carne brasileira e das grandes redes de fast food para buscar acordos comerciais que diminuam a tarifa para que a prote\u00edna bovina nacional possa voltar ao mercado norte-americano.<\/p>\n<\/div>\n<div>\n<h2 class=\"wp-block-heading\" id=\"h-preco-da-arroba\">Pre\u00e7o da arroba<\/h2>\n<p>Com a cota\u00e7\u00e3o da arroba pr\u00f3ximo de R$ 310 em S\u00e3o Paulo e em pre\u00e7os semelhantes nos grandes polos nacionais, Isabela refor\u00e7a que o fator que ditar\u00e1 a continuidade deste movimento de estabilidade e alta nos pr\u00f3ximos meses \u00e9 a oferta de f\u00eameas com a chegada da esta\u00e7\u00e3o de monta em meados de outubro e novembro. <\/p>\n<p>\u201cTamb\u00e9m h\u00e1 a expectativa de um volume melhor de chuvas a partir de outubro. Ent\u00e3o esse movimento \u00e9 o que vai ditar realmente essas novas surpresas que a gente pode ter na arroba do boi gordo.\u201d<\/p>\n<p>J\u00e1 no consumo interno, a analista destaca que o pa\u00eds vive em n\u00edveis at\u00e9 acima do observado no cen\u00e1rio de pr\u00e9-pandemia. <\/p>\n<p>\u201cA competitividade com a carne de frango e a su\u00edna tamb\u00e9m est\u00e1 em um patamar positivo e atrativo para que o consumidor continue consumindo carne bovina, mesmo com os pre\u00e7os no mercado interno conseguido aumentar em ritmo parecido ao da arroba do boi\u201d, conta.<\/p>\n<p>Al\u00e9m disso, na vis\u00e3o de Isabela, os n\u00edveis de exporta\u00e7\u00e3o da carne bovina no pa\u00eds, com cerca de 35% de tudo o que \u00e9 produzido sendo embarcado, tende a exercer papel cada vez mais importante nos pre\u00e7os do mercado interno.<\/p>\n<h2 class=\"wp-block-heading\" id=\"h-cenario-de-precos-para-a-arroba-no-2-semestre\">Cen\u00e1rio de pre\u00e7os para a arroba no 2\u00b0 semestre<\/h2>\n<p>A analista da Datagro destaca que os pre\u00e7os da saca de milho seguem muito atrativos aos pecuaristas. \u201cA gente v\u00ea que com a comercializa\u00e7\u00e3o da safrinha e tamb\u00e9m com a maior produ\u00e7\u00e3o no Brasil, ainda temos n\u00edveis atrativos na rela\u00e7\u00e3o de troca desse insumo com o produtor\u201d. <\/p>\n<p>Assim, no segundo semestre, ainda h\u00e1 uma reposi\u00e7\u00e3o que segue em vi\u00e9s de alta. \u201cMas a chegada da esta\u00e7\u00e3o de monte e, consequentemente, uma menor oferta de f\u00eameas no mercado \u00e9 o que deve, realmente, ditar os pre\u00e7os do boi gordo no mercado interno\u201d, afirma.<\/p>\n<\/p><\/div>\n<p><br \/>\n<br \/><a href=\"https:\/\/www.canalrural.com.br\/pecuaria\/tarifaco-nao-deve-atrapalhar-exportacoes-de-carne-ou-cotacoes-da-arroba-ao-longo-do-ano\/\">Source link <\/a><\/p>\n","protected":false},"excerpt":{"rendered":"<p>O tarifa\u00e7o imposto pelos Estados Unidos aos produtos importados do Brasil resultou, em um primeiro momento, em oscila\u00e7\u00f5es na pecu\u00e1ria<\/p>\n","protected":false},"author":1,"featured_media":12508,"comment_status":"open","ping_status":"open","sticky":false,"template":"","format":"standard","meta":{"_monsterinsights_skip_tracking":false,"_monsterinsights_sitenote_active":false,"_monsterinsights_sitenote_note":"","_monsterinsights_sitenote_category":0,"_uf_show_specific_survey":0,"_uf_disable_surveys":false,"footnotes":""},"categories":[1],"tags":[],"class_list":["post-19338","post","type-post","status-publish","format-standard","has-post-thumbnail","hentry","category-news"],"_links":{"self":[{"href":"https:\/\/agromt.news\/index.php?rest_route=\/wp\/v2\/posts\/19338"}],"collection":[{"href":"https:\/\/agromt.news\/index.php?rest_route=\/wp\/v2\/posts"}],"about":[{"href":"https:\/\/agromt.news\/index.php?rest_route=\/wp\/v2\/types\/post"}],"author":[{"embeddable":true,"href":"https:\/\/agromt.news\/index.php?rest_route=\/wp\/v2\/users\/1"}],"replies":[{"embeddable":true,"href":"https:\/\/agromt.news\/index.php?rest_route=%2Fwp%2Fv2%2Fcomments&post=19338"}],"version-history":[{"count":0,"href":"https:\/\/agromt.news\/index.php?rest_route=\/wp\/v2\/posts\/19338\/revisions"}],"wp:featuredmedia":[{"embeddable":true,"href":"https:\/\/agromt.news\/index.php?rest_route=\/wp\/v2\/media\/12508"}],"wp:attachment":[{"href":"https:\/\/agromt.news\/index.php?rest_route=%2Fwp%2Fv2%2Fmedia&parent=19338"}],"wp:term":[{"taxonomy":"category","embeddable":true,"href":"https:\/\/agromt.news\/index.php?rest_route=%2Fwp%2Fv2%2Fcategories&post=19338"},{"taxonomy":"post_tag","embeddable":true,"href":"https:\/\/agromt.news\/index.php?rest_route=%2Fwp%2Fv2%2Ftags&post=19338"}],"curies":[{"name":"wp","href":"https:\/\/api.w.org\/{rel}","templated":true}]}}