{"id":19330,"date":"2025-08-28T16:15:20","date_gmt":"2025-08-28T20:15:20","guid":{"rendered":"https:\/\/agromt.news\/?p=19330"},"modified":"2025-08-28T16:15:20","modified_gmt":"2025-08-28T20:15:20","slug":"caracu-a-historia-da-1a-raca-genuinamente-brasileira-que-agora-esta-sendo-resgatada","status":"publish","type":"post","link":"https:\/\/agromt.news\/?p=19330","title":{"rendered":"Caracu: a hist\u00f3ria da 1\u00aa ra\u00e7a genuinamente brasileira que agora est\u00e1 sendo resgatada"},"content":{"rendered":"<p> <br \/>\n<\/p>\n<div>\n<p>Pecuaristas, a hist\u00f3ria da pecu\u00e1ria brasileira se confunde com a hist\u00f3ria de uma das ra\u00e7as mais antigas do pa\u00eds. O <strong>caracu<\/strong>, um taurino origin\u00e1rio da Pen\u00ednsula Ib\u00e9rica, foi a primeira ra\u00e7a bovina a desembarcar no Brasil, trazida por portugueses e espanh\u00f3is em <strong>1534<\/strong>. Naquela \u00e9poca, o animal era tido como de tripla aptid\u00e3o: carne, leite e tra\u00e7\u00e3o.\u00a0Assista ao v\u00eddeo abaixo e confira os detalhes desta incr\u00edvel hist\u00f3ria.<\/p>\n<figure class=\"wp-block-embed is-type-video is-provider-youtube wp-block-embed-youtube wp-embed-aspect-16-9 wp-has-aspect-ratio\">\n<p>\n<iframe title=\"CARACU: CONHE\u00c7A A HIST\u00d3RIA DA 1\u00aa RA\u00c7A BOVINA GENUINAMENTE BRASILEIRA!\" width=\"800\" height=\"450\" src=\"https:\/\/www.youtube.com\/embed\/7y0Qr0C8O7E?feature=oembed\" frameborder=\"0\" allow=\"accelerometer; autoplay; clipboard-write; encrypted-media; gyroscope; picture-in-picture; web-share\" referrerpolicy=\"strict-origin-when-cross-origin\" allowfullscreen><\/iframe><noscript><iframe title=\"CARACU: CONHE\u00c7A A HIST\u00d3RIA DA 1\u00aa RA\u00c7A BOVINA GENUINAMENTE BRASILEIRA!\" width=\"800\" height=\"450\" src=\"https:\/\/www.youtube.com\/embed\/7y0Qr0C8O7E?feature=oembed\" frameborder=\"0\" allow=\"accelerometer; autoplay; clipboard-write; encrypted-media; gyroscope; picture-in-picture; web-share\" referrerpolicy=\"strict-origin-when-cross-origin\" allowfullscreen><\/iframe><\/noscript>\n<\/p>\n<\/figure>\n<p>O programa <strong>Giro do Boi<\/strong> recebeu <strong>Renato Francisco Visconti Filho<\/strong>, vice-presidente da <a href=\"https:\/\/www.abccaracu.com.br\/\"><strong>Associa\u00e7\u00e3o Brasileira de Criadores de Caracu (ABC Caracu)<\/strong><\/a>, para contar a hist\u00f3ria de resgate dessa ra\u00e7a que se tornou um patrim\u00f4nio da pecu\u00e1ria nacional.<\/p>\n<h2 class=\"wp-block-heading\" id=\"h-o-resgate-de-um-patrimonio-da-pecuaria-nacional\">O resgate de um patrim\u00f4nio da pecu\u00e1ria nacional<\/h2>\n<figure class=\"wp-block-image size-large\"><img fetchpriority=\"high\" decoding=\"async\" width=\"1024\" height=\"576\" alt=\"Reprodutor Caracu em \u00e1rea de pastagem. Foto: Acervo\/Renato Francisco Visconti Filho\" class=\"wp-image-4119587\"  data-lazy- src=\"https:\/\/agromt.news\/wp-content\/uploads\/2025\/08\/Caracu-a-historia-da-1a-raca-genuinamente-brasileira-que-agora.jpg\"\/><img decoding=\"async\" width=\"1024\" height=\"576\" src=\"https:\/\/agromt.news\/wp-content\/uploads\/2025\/08\/Caracu-a-historia-da-1a-raca-genuinamente-brasileira-que-agora.jpg\" alt=\"Reprodutor Caracu em \u00e1rea de pastagem. Foto: Acervo\/Renato Francisco Visconti Filho\" class=\"wp-image-4119587\"  \/><figcaption class=\"wp-element-caption\">Reprodutor Caracu em \u00e1rea de pastagem. Foto: Acervo\/Renato Francisco Visconti Filho<\/figcaption><\/figure>\n<p>A sele\u00e7\u00e3o natural ao longo dos s\u00e9culos fez com que o <a href=\"https:\/\/girodoboi.canalrural.com.br\/tag\/caracu\/\"><strong>caracu<\/strong><\/a> desenvolvesse caracter\u00edsticas desej\u00e1veis para a pecu\u00e1ria nacional, como:<\/p>\n<ul class=\"wp-block-list\">\n<li><strong>Rusticidade e docilidade:<\/strong> O animal se adaptou ao clima e ao solo do Brasil tropical.<\/li>\n<li><strong>Precocidade sexual e de desenvolvimento:<\/strong> O que o torna um animal de ciclo curto.<\/li>\n<li><strong>Habilidade maternal:<\/strong> Qualidade que o torna uma excelente matriz na cria.<\/li>\n<li><strong>Inigual\u00e1vel adapta\u00e7\u00e3o:<\/strong> O caracu \u00e9 adaptado \u00e0s nossas condi\u00e7\u00f5es de clima e solo.<\/li>\n<\/ul>\n<p>A ra\u00e7a chegou a ser a segunda maior do Brasil at\u00e9 a d\u00e9cada de 1960. No entanto, por falta de foco e pela expans\u00e3o de outras ra\u00e7as, ela foi dada como extinta.<\/p>\n<\/div>\n<div>\n<p><strong>Renato Visconti Filho<\/strong>, cirurgi\u00e3o dentista aposentado e produtor rural, \u00e9 um dos respons\u00e1veis pelo seu resgate. Ele, que produzia <strong>nelore<\/strong>, <strong>angus<\/strong> e <strong>brahman<\/strong>, decidiu resgatar a paix\u00e3o de seu av\u00f4 na cria\u00e7\u00e3o de caracu.<\/p>\n<h2 class=\"wp-block-heading\" id=\"h-o-renascimento-do-caracu-e-o-papel-da-abc-caracu\">O renascimento do caracu e o papel da ABC Caracu<\/h2>\n<figure class=\"wp-block-image size-large\"><img decoding=\"async\" width=\"1024\" height=\"576\" alt=\"Detalhe de cortes de carne do gado Caracu. Foto: Acervo\/Renato Francisco Visconti Filho\" class=\"wp-image-4119586\"  data-lazy- src=\"https:\/\/agromt.news\/wp-content\/uploads\/2025\/08\/1756412120_388_Caracu-a-historia-da-1a-raca-genuinamente-brasileira-que-agora.jpg\"\/><img loading=\"lazy\" decoding=\"async\" width=\"1024\" height=\"576\" src=\"https:\/\/agromt.news\/wp-content\/uploads\/2025\/08\/1756412120_388_Caracu-a-historia-da-1a-raca-genuinamente-brasileira-que-agora.jpg\" alt=\"Detalhe de cortes de carne do gado Caracu. Foto: Acervo\/Renato Francisco Visconti Filho\" class=\"wp-image-4119586\"  \/><figcaption class=\"wp-element-caption\">Detalhe de cortes de carne do gado Caracu. Foto: Acervo\/Renato Francisco Visconti Filho<\/figcaption><\/figure>\n<p>Renato Visconti Filho iniciou a cria\u00e7\u00e3o de gado puro <strong>caracu<\/strong> em 2010. Ele se associou \u00e0 <strong>ABC Caracu<\/strong> e, ao visitar outros criat\u00f3rios, viu o potencial da ra\u00e7a.<\/p>\n<p>Em 2019, ele foi eleito presidente da associa\u00e7\u00e3o, com a miss\u00e3o de n\u00e3o deixar a ra\u00e7a \u201cperder terreno\u201d novamente. Hoje, a ABC Caracu \u00e9 presidida por Isabel Penteado (SP), e Renato atua como vice-presidente.<\/p>\n<p>A <strong>ABC Caracu<\/strong> \u00e9 respons\u00e1vel por manter a associa\u00e7\u00e3o viva e por impulsionar projetos de resgate e melhoramento gen\u00e9tico.<\/p>\n<p>A ra\u00e7a, que um dia foi o maior rebanho do Brasil, est\u00e1 de volta, revivendo um passado glorioso gra\u00e7as ao trabalho de pessoas dedicadas, que acreditam em sua gen\u00e9tica e na sua adaptabilidade \u00e0s condi\u00e7\u00f5es brasileiras.<\/p>\n<\/p><\/div>\n<p><br \/>\n<br \/><a href=\"https:\/\/www.canalrural.com.br\/pecuaria\/caracu-a-historia-da-1a-raca-genuinamente-brasileira-que-agora-esta-sendo-resgatada\/\">Source link <\/a><\/p>\n","protected":false},"excerpt":{"rendered":"<p>Pecuaristas, a hist\u00f3ria da pecu\u00e1ria brasileira se confunde com a hist\u00f3ria de uma das ra\u00e7as mais antigas do pa\u00eds. O<\/p>\n","protected":false},"author":1,"featured_media":19331,"comment_status":"open","ping_status":"open","sticky":false,"template":"","format":"standard","meta":{"_monsterinsights_skip_tracking":false,"_monsterinsights_sitenote_active":false,"_monsterinsights_sitenote_note":"","_monsterinsights_sitenote_category":0,"_uf_show_specific_survey":0,"_uf_disable_surveys":false,"footnotes":""},"categories":[1],"tags":[],"class_list":["post-19330","post","type-post","status-publish","format-standard","has-post-thumbnail","hentry","category-news"],"_links":{"self":[{"href":"https:\/\/agromt.news\/index.php?rest_route=\/wp\/v2\/posts\/19330"}],"collection":[{"href":"https:\/\/agromt.news\/index.php?rest_route=\/wp\/v2\/posts"}],"about":[{"href":"https:\/\/agromt.news\/index.php?rest_route=\/wp\/v2\/types\/post"}],"author":[{"embeddable":true,"href":"https:\/\/agromt.news\/index.php?rest_route=\/wp\/v2\/users\/1"}],"replies":[{"embeddable":true,"href":"https:\/\/agromt.news\/index.php?rest_route=%2Fwp%2Fv2%2Fcomments&post=19330"}],"version-history":[{"count":0,"href":"https:\/\/agromt.news\/index.php?rest_route=\/wp\/v2\/posts\/19330\/revisions"}],"wp:featuredmedia":[{"embeddable":true,"href":"https:\/\/agromt.news\/index.php?rest_route=\/wp\/v2\/media\/19331"}],"wp:attachment":[{"href":"https:\/\/agromt.news\/index.php?rest_route=%2Fwp%2Fv2%2Fmedia&parent=19330"}],"wp:term":[{"taxonomy":"category","embeddable":true,"href":"https:\/\/agromt.news\/index.php?rest_route=%2Fwp%2Fv2%2Fcategories&post=19330"},{"taxonomy":"post_tag","embeddable":true,"href":"https:\/\/agromt.news\/index.php?rest_route=%2Fwp%2Fv2%2Ftags&post=19330"}],"curies":[{"name":"wp","href":"https:\/\/api.w.org\/{rel}","templated":true}]}}