{"id":19326,"date":"2025-08-28T15:58:06","date_gmt":"2025-08-28T19:58:06","guid":{"rendered":"https:\/\/agromt.news\/?p=19326"},"modified":"2025-08-28T15:58:06","modified_gmt":"2025-08-28T19:58:06","slug":"abertura-oficial-do-pavilhao-do-artesanato-ocorrera-na-proxima-segunda-feira-na-expointer","status":"publish","type":"post","link":"https:\/\/agromt.news\/?p=19326","title":{"rendered":"Abertura oficial do Pavilh\u00e3o do Artesanato ocorrer\u00e1 na pr\u00f3xima segunda-feira na Expointer"},"content":{"rendered":"<p> <br \/>\n<\/p>\n<div>\n<p style=\"text-align:justify\">A abertura oficial do Pavilh\u00e3o do Artesanato na Expointer ocorrer\u00e1, na pr\u00f3xima segunda-feira, 1\u00ba de setembro, \u00e0s 14h, no Parque de Exposi\u00e7\u00f5es Assis Brasil, em Esteio. O Pavilh\u00e3o ser\u00e1 sede da 42\u00aa Exposi\u00e7\u00e3o de Artesanato do Rio Grande do Sul (Expoargs), que ocorrer\u00e1 simultaneamente \u00e0 Expointer, de 30 de agosto a 7 de setembro de 2025. Promovida pela Funda\u00e7\u00e3o Ga\u00facha do Trabalho e A\u00e7\u00e3o Social (FGTAS), por meio do Programa Ga\u00facho de Artesanato (PGA), a feira estar\u00e1 aberta para visita\u00e7\u00e3o das 8h \u00e0s 20h.&#13;\n<\/p>\n<p style=\"text-align:justify\">Ao todo, 189 artes\u00e3os de 56 munic\u00edpios ga\u00fachos ir\u00e3o expor e comercializar seus produtos em 124 estandes na Expoargs. A maior feira de artesanato ga\u00facho reunir\u00e1 ampla variedade de t\u00e9cnicas tais como: cutelaria, tecelagem, patchwork, macram\u00ea, modelagem em couro, entalhe em madeira, t\u00edpico regional, tape\u00e7aria e pintura, entre outras.<\/p>\n<p style=\"text-align:justify\">Uma das atra\u00e7\u00f5es do evento ser\u00e1 a exposi\u00e7\u00e3o permanente \u201cSaberes e Fazeres Artesanais\u201d, um showroom que apresentar\u00e1 a diversidade do artesanato ga\u00facho. O espa\u00e7o possibilitar\u00e1 ao p\u00fablico contemplar pe\u00e7as representativas da produ\u00e7\u00e3o artesanal e, posteriormente, visitar os estandes para conhecer os artes\u00e3os e adquirir os produtos diretamente.&#13;\n<\/p>\n<p style=\"text-align:justify\">Participar\u00e3o da feira artes\u00e3os de Alegrete, Alvorada, Ametista do Sul, Arroio do Meio, Arroio do Sal, Bag\u00e9, Barra do Ribeiro, Buti\u00e1, Ca\u00e7apava do Sul, Cachoeira do Sul, Cachoeirinha, Camaqu\u00e3, Campo Bom, Canoas, Cap\u00e3o da Canoa, Capela de Santana, Eldorado do Sul, Esteio, Fagundes Varela, Flores da Cunha, General C\u00e2mara, Gramado, Gravata\u00ed, Imb\u00e9, Lindolfo Collor, Marau, Morro Reuter, Nova Santa Rita, Novo Hamburgo, Para\u00ed, Passo do Sobrado, Passo Fundo, Pelotas, Port\u00e3o, Porto Alegre, Ros\u00e1rio do Sul, Santa Cruz do Sul, Santa Maria, Santa Vit\u00f3ria do Palmar, Santana da Boa Vista, Santana do Livramento, Santo Ant\u00f4nio da Patrulha, S\u00e3o Leopoldo, Sapiranga, Sapucaia do Sul, Sert\u00e3o Santana, Sobradinho, Tapes, Taquara, Torres, Tramanda\u00ed, Ven\u00e2ncio Aires, Veran\u00f3polis, Viam\u00e3o, Vila Flores e Xangri-L\u00e1.<\/p>\n<p style=\"text-align:justify\">Os expositores foram selecionados por uma Comiss\u00e3o de Avalia\u00e7\u00e3o e Triagem, de acordo com os seguintes crit\u00e9rios: aplica\u00e7\u00e3o da t\u00e9cnica e qualidade do produto final; est\u00e9tica (equil\u00edbrio e harmonia na cria\u00e7\u00e3o das pe\u00e7as); produto associado \u00e0 cultura local (possuir atributos \/ caracter\u00edsticas culturais ou iconografia do estado); destaque t\u00e9cnico (artes\u00e3os apresentam trabalho diferenciado, em termos de criatividade, inova\u00e7\u00e3o, qualidade e dom\u00ednio do processo produtivo, dentro da sua mat\u00e9ria-prima\/t\u00e9cnica); ineditismo e diversidade (produtos, t\u00e9cnicas ou mat\u00e9rias-primas com refer\u00eancia cultural, \u00fanicas ou pouco frequentes no conjunto de artes\u00e3os inscritos para a oportunidade).&#13;\n<\/p>\n<p style=\"text-align:justify\">Resultados da edi\u00e7\u00e3o anterior<\/p>\n<p style=\"text-align:justify\">Em 2024, a 41\u00aa Expoargs registrou a comercializa\u00e7\u00e3o de 25.999 pe\u00e7as, totalizando R$ 1.770.530,60 em vendas.<\/p>\n<p style=\"text-align:justify\">PGA<\/p>\n<p style=\"text-align:justify\">Desenvolvido pela FGTAS, o Programa Ga\u00facho do Artesanato (PGA) incentiva a profissionaliza\u00e7\u00e3o e fomenta a atividade artesanal com pol\u00edticas de forma\u00e7\u00e3o, qualifica\u00e7\u00e3o e apoio \u00e0 comercializa\u00e7\u00e3o. \u00c9 respons\u00e1vel pela emiss\u00e3o da Carteira de Artes\u00e3o, que viabiliza a isen\u00e7\u00e3o de ICMS para a circula\u00e7\u00e3o de produtos, a emiss\u00e3o de notas fiscais e a exporta\u00e7\u00e3o de produtos como pessoa f\u00edsica, al\u00e9m da participa\u00e7\u00e3o de exposi\u00e7\u00f5es e feiras para comercializa\u00e7\u00e3o dos produtos.<\/p>\n<\/p><\/div>\n<p><script data-cfasync=\"false\">\n    !function (f, b, e, v, n, t, s) {\n        if (f.fbq) return; n = f.fbq = function () {\n            n.callMethod ?\n                n.callMethod.apply(n, arguments) : n.queue.push(arguments)\n        };\n        if (!f._fbq) f._fbq = n; n.push = n; n.loaded = !0; n.version = '2.0';\n        n.queue = []; t = b.createElement(e); t.async = !0;\n        t.src = v; s = b.getElementsByTagName(e)[0];\n        s.parentNode.insertBefore(t, s)\n    }(window, document, 'script',\n        'https:\/\/connect.facebook.net\/en_US\/fbevents.js');\n    fbq('init', '522546078623747');\n    fbq('track', 'PageView');\n<\/script><br \/>\n<br \/><br \/>\n<br \/><a href=\"https:\/\/www.agrolink.com.br\/noticias\/abertura-oficial-do-pavilhao-do-artesanato-ocorrera-na-proxima-segunda-feira-na-expointer_505408.html\">Source link <\/a><\/p>\n","protected":false},"excerpt":{"rendered":"<p>A abertura oficial do Pavilh\u00e3o do Artesanato na Expointer ocorrer\u00e1, na pr\u00f3xima segunda-feira, 1\u00ba de setembro, \u00e0s 14h, no Parque<\/p>\n","protected":false},"author":1,"featured_media":19327,"comment_status":"open","ping_status":"open","sticky":false,"template":"","format":"standard","meta":{"_monsterinsights_skip_tracking":false,"_monsterinsights_sitenote_active":false,"_monsterinsights_sitenote_note":"","_monsterinsights_sitenote_category":0,"_uf_show_specific_survey":0,"_uf_disable_surveys":false,"footnotes":""},"categories":[8,1,14],"tags":[],"class_list":["post-19326","post","type-post","status-publish","format-standard","has-post-thumbnail","hentry","category-agro","category-news","category-politica-agro"],"_links":{"self":[{"href":"https:\/\/agromt.news\/index.php?rest_route=\/wp\/v2\/posts\/19326"}],"collection":[{"href":"https:\/\/agromt.news\/index.php?rest_route=\/wp\/v2\/posts"}],"about":[{"href":"https:\/\/agromt.news\/index.php?rest_route=\/wp\/v2\/types\/post"}],"author":[{"embeddable":true,"href":"https:\/\/agromt.news\/index.php?rest_route=\/wp\/v2\/users\/1"}],"replies":[{"embeddable":true,"href":"https:\/\/agromt.news\/index.php?rest_route=%2Fwp%2Fv2%2Fcomments&post=19326"}],"version-history":[{"count":0,"href":"https:\/\/agromt.news\/index.php?rest_route=\/wp\/v2\/posts\/19326\/revisions"}],"wp:featuredmedia":[{"embeddable":true,"href":"https:\/\/agromt.news\/index.php?rest_route=\/wp\/v2\/media\/19327"}],"wp:attachment":[{"href":"https:\/\/agromt.news\/index.php?rest_route=%2Fwp%2Fv2%2Fmedia&parent=19326"}],"wp:term":[{"taxonomy":"category","embeddable":true,"href":"https:\/\/agromt.news\/index.php?rest_route=%2Fwp%2Fv2%2Fcategories&post=19326"},{"taxonomy":"post_tag","embeddable":true,"href":"https:\/\/agromt.news\/index.php?rest_route=%2Fwp%2Fv2%2Ftags&post=19326"}],"curies":[{"name":"wp","href":"https:\/\/api.w.org\/{rel}","templated":true}]}}