{"id":19323,"date":"2025-08-28T15:18:02","date_gmt":"2025-08-28T19:18:02","guid":{"rendered":"https:\/\/agromt.news\/?p=19323"},"modified":"2025-08-28T15:18:02","modified_gmt":"2025-08-28T19:18:02","slug":"dia-da-avicultura-alerta-para-os-riscos-de-privatizar-inspecao-diz-anffa-sindical","status":"publish","type":"post","link":"https:\/\/agromt.news\/?p=19323","title":{"rendered":"Dia da Avicultura alerta para os riscos de privatizar inspe\u00e7\u00e3o, diz Anffa Sindical"},"content":{"rendered":"<p> <br \/>\n<br \/><img decoding=\"async\" src=\"https:\/\/agromt.news\/wp-content\/uploads\/2025\/08\/Dia-da-Avicultura-alerta-para-os-riscos-de-privatizar-inspecao.jpg\" \/><\/p>\n<div>\n<p>O Dia da Avicultura \u00e9 celebrado nesta quinta-feira (28) e o Sindicato Nacional dos Auditores Fiscais Federais Agropecu\u00e1rios (Anffa Sinfical) enxerga dois grandes desafios para o setor: o risco de um novo foco de <strong><a href=\"https:\/\/www.canalrural.com.br\/tag\/gripe-aviaria\/\">influenza avi\u00e1ria<\/a><\/strong> em granja comercial ap\u00f3s o caso registrado em maio deste ano e o avan\u00e7o da proposta de privatiza\u00e7\u00e3o das inspe\u00e7\u00f5es <em>ante mortem e post mortem<\/em> de animais destinados ao abate em frigor\u00edficos brasileiros. <\/p>\n<p>A avicultura brasileira tem se mostrado uma pot\u00eancia consolidada: desde o primeiro embarque, em agosto de 1975, o pa\u00eds j\u00e1 exportou quase 100 milh\u00f5es de toneladas de carne de frango para mais de 150 pa\u00edses. Atualmente, \u00e9 o l\u00edder global em vendas externas.<\/p>\n<p>\u201cPor\u00e9m, a confirma\u00e7\u00e3o de influenza avi\u00e1ria, h\u00e1 pouco mais de tr\u00eas meses, trouxe impactos imediatos ao com\u00e9rcio exterior. O epis\u00f3dio for\u00e7ou o fechamento tempor\u00e1rio de mercados estrat\u00e9gicos e reduziu as exporta\u00e7\u00f5es brasileiras em 12,9% em maio, 21,2% em junho e 13,8% em julho. Apesar disso, o sistema de vigil\u00e2ncia e biosseguridade, aliado ao trabalho dos auditores fiscais federais agropecu\u00e1rios, foi fundamental para conter os danos\u201d, diz o Sindicato, em nota.<\/p>\n<p>O presidente do Anffa Sindical, Janus Pablo Macedo, ressalta que gra\u00e7as \u00e0 atua\u00e7\u00e3o dos fiscais, o Brasil conseguiu retardar a chegada do v\u00edrus da gripe avi\u00e1ria \u00e0s granjas comerciais e preservar a confian\u00e7a internacional na avicultura brasileira.<\/p>\n<h2 class=\"wp-block-heading\" id=\"h-privatizacao-das-inspecoes\">Privatiza\u00e7\u00e3o das inspe\u00e7\u00f5es<\/h2>\n<p>Macedo considera que outro risco ronda o setor: a proposta de privatiza\u00e7\u00e3o das inspe\u00e7\u00f5es ante mortem e post mortem realizadas nos frigor\u00edficos. <\/p>\n<\/div>\n<div>\n<p>Segundo ele, hoje essa fiscaliza\u00e7\u00e3o \u00e9 realizada por auditores fiscais federais agropecu\u00e1rios, servidores p\u00fablicos de carreira que atuam com isen\u00e7\u00e3o e crit\u00e9rios cient\u00edficos, blindados de press\u00f5es econ\u00f4micas. <\/p>\n<p>Em nota, o Anffa Sindical afirma que transferir essa atribui\u00e7\u00e3o \u00e0 iniciativa privada fragilizaria o controle sanit\u00e1rio, colocaria em risco a sa\u00fade da popula\u00e7\u00e3o e amea\u00e7aria a credibilidade internacional da carne de frango brasileira.<\/p>\n<p>\u201cO prest\u00edgio que o Brasil conquistou como l\u00edder mundial em avicultura decorre justamente da seriedade e da independ\u00eancia da inspe\u00e7\u00e3o oficial. Transformar essa atividade t\u00edpica de Estado em um servi\u00e7o privado seria um retrocesso inaceit\u00e1vel, com consequ\u00eancias graves para a economia e para a sa\u00fade p\u00fablica\u201d, considera Macedo.<\/p>\n<p>Por fim, o Sindicato enfatiza que o sucesso do setor n\u00e3o se explica apenas pelo volume de produ\u00e7\u00e3o ou pela competitividade do agroneg\u00f3cio, mas tamb\u00e9m pela fiscaliza\u00e7\u00e3o p\u00fablica rigorosa que garante alimentos seguros e mant\u00e9m a confian\u00e7a dos mercados internacionais. <\/p>\n<\/p><\/div>\n<p><br \/>\n<br \/><a href=\"https:\/\/www.canalrural.com.br\/frango\/dia-da-avicultura-alerta-para-os-riscos-de-privatizar-inspecao-diz-anffa-sindical\/\">Source link <\/a><\/p>\n","protected":false},"excerpt":{"rendered":"<p>O Dia da Avicultura \u00e9 celebrado nesta quinta-feira (28) e o Sindicato Nacional dos Auditores Fiscais Federais Agropecu\u00e1rios (Anffa Sinfical)<\/p>\n","protected":false},"author":1,"featured_media":19324,"comment_status":"open","ping_status":"open","sticky":false,"template":"","format":"standard","meta":{"_monsterinsights_skip_tracking":false,"_monsterinsights_sitenote_active":false,"_monsterinsights_sitenote_note":"","_monsterinsights_sitenote_category":0,"_uf_show_specific_survey":0,"_uf_disable_surveys":false,"footnotes":""},"categories":[1],"tags":[],"class_list":["post-19323","post","type-post","status-publish","format-standard","has-post-thumbnail","hentry","category-news"],"_links":{"self":[{"href":"https:\/\/agromt.news\/index.php?rest_route=\/wp\/v2\/posts\/19323"}],"collection":[{"href":"https:\/\/agromt.news\/index.php?rest_route=\/wp\/v2\/posts"}],"about":[{"href":"https:\/\/agromt.news\/index.php?rest_route=\/wp\/v2\/types\/post"}],"author":[{"embeddable":true,"href":"https:\/\/agromt.news\/index.php?rest_route=\/wp\/v2\/users\/1"}],"replies":[{"embeddable":true,"href":"https:\/\/agromt.news\/index.php?rest_route=%2Fwp%2Fv2%2Fcomments&post=19323"}],"version-history":[{"count":0,"href":"https:\/\/agromt.news\/index.php?rest_route=\/wp\/v2\/posts\/19323\/revisions"}],"wp:featuredmedia":[{"embeddable":true,"href":"https:\/\/agromt.news\/index.php?rest_route=\/wp\/v2\/media\/19324"}],"wp:attachment":[{"href":"https:\/\/agromt.news\/index.php?rest_route=%2Fwp%2Fv2%2Fmedia&parent=19323"}],"wp:term":[{"taxonomy":"category","embeddable":true,"href":"https:\/\/agromt.news\/index.php?rest_route=%2Fwp%2Fv2%2Fcategories&post=19323"},{"taxonomy":"post_tag","embeddable":true,"href":"https:\/\/agromt.news\/index.php?rest_route=%2Fwp%2Fv2%2Ftags&post=19323"}],"curies":[{"name":"wp","href":"https:\/\/api.w.org\/{rel}","templated":true}]}}