{"id":19321,"date":"2025-08-28T14:06:21","date_gmt":"2025-08-28T18:06:21","guid":{"rendered":"https:\/\/agromt.news\/?p=19321"},"modified":"2025-08-28T14:06:21","modified_gmt":"2025-08-28T18:06:21","slug":"producao-de-soja-no-parana-atingira-22-milhoes-de-t-aponta-deral","status":"publish","type":"post","link":"https:\/\/agromt.news\/?p=19321","title":{"rendered":"Produ\u00e7\u00e3o de soja no Paran\u00e1 atingir\u00e1 22 milh\u00f5es de t, aponta Deral"},"content":{"rendered":"<p> <br \/>\n<br \/><img decoding=\"async\" src=\"https:\/\/agromt.news\/wp-content\/uploads\/2025\/07\/Saiba-as-projecoes-do-USDA-para-a-producao-de-soja.jpeg\" \/><\/p>\n<div>\n<p>O Departamento de Economia Rural (<a href=\"https:\/\/www.agricultura.pr.gov.br\/Pagina\/Departamento-de-Economia-Rural-Deral\">Deral<\/a>), ligado \u00e0 <a href=\"http:\/\/Secretaria%20de%20Estado%20da%20Agricultura%20e%20do%20Abastecimento%20do%20Paran%C3%A1\">Secretaria de Estado da Agricultura e do Abastecimento do Paran\u00e1<\/a>, divulgou seu relat\u00f3rio mensal de agosto estimando que a <a href=\"https:\/\/www.canalrural.com.br\/?s=producao+de+soja\">produ\u00e7\u00e3o <\/a>de soja do estado na safra 2025\/26 deve atingir 22,048 milh\u00f5es de toneladas, alta de 4% em rela\u00e7\u00e3o \u00e0s 21,153 milh\u00f5es de toneladas produzidas na safra anterior (2024\/25).<\/p>\n<ul class=\"wp-block-list\">\n<li><strong><em>Fique por dentro das novidades e not\u00edcias recentes sobre a soja! Participe da nossa comunidade atrav\u00e9s do\u00a0<a href=\"https:\/\/chat.whatsapp.com\/BmMRwA0TZ2DHGyhzoaVEWu\">link<\/a>! \ud83c\udf31<\/em><\/strong><\/li>\n<\/ul>\n<p>Segundo informa\u00e7\u00f5es divulgadas pela <a href=\"https:\/\/safras.com.br\/\">Safras &amp; Mercado<\/a>, a \u00e1rea plantada deve alcan\u00e7ar 5,798 milh\u00f5es de hectares, ligeiramente acima dos 5,763 milh\u00f5es de hectares da safra passada. J\u00e1 a produtividade m\u00e9dia est\u00e1 estimada em 3.803 quilos por hectare, crescimento frente aos 3.670 quilos por hectare registrados na safra 2024\/25.<\/p>\n<\/div>\n<div>\n<h2 class=\"wp-block-heading\" id=\"h-plantio-de-soja-no-parana\">Plantio de soja no Paran\u00e1 <\/h2>\n<p>Os trabalhos em campo com a soja come\u00e7ar\u00e3o em breve no estado. O per\u00edodo do vazio sanit\u00e1rio come\u00e7a no final de agosto e tem como objetivo combater a ferrugem asi\u00e1tica, uma das doen\u00e7as mais severas que afetam a soja, podendo atingir a planta em qualquer est\u00e1gio de desenvolvimento. Em regi\u00f5es onde a praga se manifestou de forma epid\u00eamica, os danos \u00e0 produ\u00e7\u00e3o variaram entre 10% e 90%.<\/p>\n<p>No Paran\u00e1, os prazos do vazio sanit\u00e1rio variam de acordo com a regi\u00e3o. Na Regi\u00e3o I, o per\u00edodo termina em 19 de setembro de 2025, permitindo o plantio de 20 de setembro de 2025 a 20 de janeiro de 2026. Na Regi\u00e3o II, o vazio sanit\u00e1rio se encerra em 30 de agosto, com a semeadura liberada de 31 de agosto a 31 de dezembro de 2025. J\u00e1 na Regi\u00e3o III, o per\u00edodo termina em 10 de setembro, com plantio permitido de 11 de setembro de 2025 a 10 de janeiro de 2026.<\/p>\n<\/p><\/div>\n<p><br \/>\n<br \/><a href=\"https:\/\/www.canalrural.com.br\/agricultura\/projeto-soja-brasil\/producao-de-soja-no-parana-atingira-22-milhoes-de-t-aponta-deral\/\">Source link <\/a><\/p>\n","protected":false},"excerpt":{"rendered":"<p>O Departamento de Economia Rural (Deral), ligado \u00e0 Secretaria de Estado da Agricultura e do Abastecimento do Paran\u00e1, divulgou seu<\/p>\n","protected":false},"author":1,"featured_media":16039,"comment_status":"open","ping_status":"open","sticky":false,"template":"","format":"standard","meta":{"_monsterinsights_skip_tracking":false,"_monsterinsights_sitenote_active":false,"_monsterinsights_sitenote_note":"","_monsterinsights_sitenote_category":0,"_uf_show_specific_survey":0,"_uf_disable_surveys":false,"footnotes":""},"categories":[1],"tags":[],"class_list":["post-19321","post","type-post","status-publish","format-standard","has-post-thumbnail","hentry","category-news"],"_links":{"self":[{"href":"https:\/\/agromt.news\/index.php?rest_route=\/wp\/v2\/posts\/19321"}],"collection":[{"href":"https:\/\/agromt.news\/index.php?rest_route=\/wp\/v2\/posts"}],"about":[{"href":"https:\/\/agromt.news\/index.php?rest_route=\/wp\/v2\/types\/post"}],"author":[{"embeddable":true,"href":"https:\/\/agromt.news\/index.php?rest_route=\/wp\/v2\/users\/1"}],"replies":[{"embeddable":true,"href":"https:\/\/agromt.news\/index.php?rest_route=%2Fwp%2Fv2%2Fcomments&post=19321"}],"version-history":[{"count":0,"href":"https:\/\/agromt.news\/index.php?rest_route=\/wp\/v2\/posts\/19321\/revisions"}],"wp:featuredmedia":[{"embeddable":true,"href":"https:\/\/agromt.news\/index.php?rest_route=\/wp\/v2\/media\/16039"}],"wp:attachment":[{"href":"https:\/\/agromt.news\/index.php?rest_route=%2Fwp%2Fv2%2Fmedia&parent=19321"}],"wp:term":[{"taxonomy":"category","embeddable":true,"href":"https:\/\/agromt.news\/index.php?rest_route=%2Fwp%2Fv2%2Fcategories&post=19321"},{"taxonomy":"post_tag","embeddable":true,"href":"https:\/\/agromt.news\/index.php?rest_route=%2Fwp%2Fv2%2Ftags&post=19321"}],"curies":[{"name":"wp","href":"https:\/\/api.w.org\/{rel}","templated":true}]}}