{"id":19316,"date":"2025-08-28T13:07:02","date_gmt":"2025-08-28T17:07:02","guid":{"rendered":"https:\/\/agromt.news\/?p=19316"},"modified":"2025-08-28T13:07:02","modified_gmt":"2025-08-28T17:07:02","slug":"prepare-se-para-o-plantio-da-soja","status":"publish","type":"post","link":"https:\/\/agromt.news\/?p=19316","title":{"rendered":"prepare-se para o plantio da soja!"},"content":{"rendered":"<p> <br \/>\n<br \/><img decoding=\"async\" src=\"https:\/\/agromt.news\/wp-content\/uploads\/2025\/07\/Indea-multa-produtores-durante-o-periodo-de-vazio-sanitario-em.jpg\" \/><\/p>\n<div>\n<p>Falta pouco para alguns estados do Brasil iniciarem o <a href=\"https:\/\/www.canalrural.com.br\/?s=plantio+de+soja\">plantio <\/a>de soja safra 2025\/2026. As <a href=\"https:\/\/www.gov.br\/agricultura\/pt-br\/assuntos\/noticias\/mapa-publica-portaria-que-estabelece-vazio-sanitario-e-calendario-de-semeadura-da-soja-para-a-safra-2025-2026\">datas <\/a>foram definidas pelo Minist\u00e9rio da Agricultura e Pecu\u00e1ria (<a href=\"https:\/\/www.gov.br\/agricultura\/pt-br\">Mapa<\/a>), por meio da Portaria n\u00ba 1.271, que estabeleceu os per\u00edodos de vazio sanit\u00e1rio e de calend\u00e1rio de semeadura de soja em n\u00edvel nacional. <\/p>\n<ul class=\"wp-block-list\">\n<li><strong><em>Fique por dentro das novidades e not\u00edcias recentes sobre a soja! Participe da nossa comunidade atrav\u00e9s do\u00a0<a href=\"https:\/\/chat.whatsapp.com\/BmMRwA0TZ2DHGyhzoaVEWu\">link<\/a>! \ud83c\udf31<\/em><\/strong><\/li>\n<\/ul>\n<h2 class=\"wp-block-heading\" id=\"h-ferrugem-asiatica-nas-lavouras-de-soja\">Ferrugem asi\u00e1tica nas lavouras de soja <\/h2>\n<p>O objetivo do per\u00edodo de vazio sanit\u00e1rio \u00e9 combater a ferrugem asi\u00e1tica, considerada uma das doen\u00e7as mais severas que incidem na cultura da soja, podendo ocorrer em qualquer est\u00e1dio fenol\u00f3gico. Nas diversas regi\u00f5es geogr\u00e1ficas onde a praga foi relatada em n\u00edveis epid\u00eamicos, os danos variaram de 10% a 90% da produ\u00e7\u00e3o.<\/p>\n<p>O vazio sanit\u00e1rio foi definido para reduzir ao m\u00e1ximo poss\u00edvel o in\u00f3culo de ferrugem asi\u00e1tica da soja, causada pelo fungo <em>Phakopsora pachyrhizi<\/em>. Durante um per\u00edodo cont\u00ednuo de, no m\u00ednimo, 90 dias, n\u00e3o \u00e9 permitido plantar e nem manter vivas plantas de soja em qualquer fase de desenvolvimento na \u00e1rea determinada. Essa medida fitossanit\u00e1ria \u00e9 considerada uma das mais importantes para o controle da doen\u00e7a, minimizando os impactos durante a safra.<\/p>\n<h2 class=\"wp-block-heading\" id=\"h-confira-os-prazos-por-regiao\"><strong>Confira os prazos por regi\u00e3o:<\/strong><\/h2>\n<p>No <strong>Acre (AC)<\/strong>, o vazio sanit\u00e1rio termina em 20 de setembro de 2025. Com isso, o plantio poder\u00e1 come\u00e7ar em 21 de setembro e seguir\u00e1 at\u00e9 8 de janeiro de 2026.<\/p>\n<p>Em <strong>Alagoas (AL)<\/strong>, o vazio sanit\u00e1rio ser\u00e1 de 1\u00ba de janeiro a 1\u00ba de abril de 2026. O plantio estar\u00e1 autorizado de 2 de abril a 10 de julho de 2026.<\/p>\n<p>No <strong>Amap\u00e1 (AP)<\/strong>, o vazio sanit\u00e1rio vai at\u00e9 28 de fevereiro de 2026, liberando o in\u00edcio da semeadura em 1\u00ba de mar\u00e7o, que seguir\u00e1 at\u00e9 8 de junho de 2026.<\/p>\n<p>No <strong>Amazonas (AM)<\/strong>, o vazio sanit\u00e1rio se encerra em 10 de setembro de 2025. A semeadura poder\u00e1 come\u00e7ar em 11 de setembro e ir\u00e1 at\u00e9 9 de janeiro de 2026.<\/p>\n<p>Na <strong>Bahia (BA)<\/strong>, os prazos variam por regi\u00e3o. A regi\u00e3o I encerra o vazio em 7 de outubro de 2025, com plantio autorizado de 8 de outubro a 31 de dezembro de 2025. A regi\u00e3o II termina em 14 de setembro, com semeadura de 15 de setembro a 15 de dezembro de 2025. J\u00e1 a regi\u00e3o III vai at\u00e9 14 de mar\u00e7o de 2026, liberando o plantio de 15 de mar\u00e7o a 25 de junho de 2026.<\/p>\n<p>No <strong>Cear\u00e1 (CE)<\/strong>, o vazio sanit\u00e1rio vai de 3 de novembro de 2025 a 31 de janeiro de 2026. A semeadura ser\u00e1 permitida de 1\u00ba de fevereiro a 31 de maio de 2026.<\/p>\n<p>No <strong>Distrito Federal (DF)<\/strong>, o vazio sanit\u00e1rio termina em 30 de setembro de 2025. Assim, o plantio poder\u00e1 come\u00e7ar em 1\u00ba de outubro e seguir\u00e1 at\u00e9 8 de janeiro de 2026.<\/p>\n<p>Em <strong>Goi\u00e1s (GO)<\/strong>, o vazio sanit\u00e1rio se encerra em 24 de setembro de 2025. A partir de 25 de setembro, o calend\u00e1rio de semeadura estar\u00e1 liberado e seguir\u00e1 at\u00e9 2 de janeiro de 2026.<\/p>\n<p>No <strong>Maranh\u00e3o (MA)<\/strong>, os prazos variam conforme a regi\u00e3o. A regi\u00e3o I finaliza o vazio em 30 de setembro de 2025, liberando o plantio a partir de 1\u00ba de outubro. A regi\u00e3o II termina em 31 de outubro, com semeadura de 1\u00ba de novembro de 2025 a 28 de fevereiro de 2026. J\u00e1 a regi\u00e3o III finaliza em 30 de novembro, com plantio de 1\u00ba de dezembro de 2025 a 30 de mar\u00e7o de 2026.<\/p>\n<p>Em <strong>Minas Gerais (MG)<\/strong>, o vazio sanit\u00e1rio vai at\u00e9 30 de setembro de 2025, e a semeadura poder\u00e1 come\u00e7ar em 1\u00ba de outubro, prolongando-se at\u00e9 8 de janeiro de 2026.<\/p>\n<\/div>\n<div>\n<p>Em <strong>Mato Grosso (MT)<\/strong>, o vazio sanit\u00e1rio termina em 6 de setembro de 2025. A partir de 7 de setembro, o plantio ser\u00e1 autorizado at\u00e9 7 de janeiro de 2026.<\/p>\n<p>Em <strong>Mato Grosso do Sul (MS)<\/strong>, o vazio vai at\u00e9 15 de setembro de 2025. Assim, o plantio poder\u00e1 come\u00e7ar em 16 de setembro e seguir\u00e1 at\u00e9 31 de dezembro de 2025.<\/p>\n<p>No <strong>Par\u00e1 (PA)<\/strong>, a regi\u00e3o I encerra o vazio sanit\u00e1rio em 15 de setembro de 2025, permitindo o in\u00edcio da semeadura em 16 de setembro at\u00e9 14 de janeiro de 2026. A regi\u00e3o II termina em 31 de outubro, liberando o plantio de 1\u00ba de novembro de 2025 a 28 de fevereiro de 2026. J\u00e1 a regi\u00e3o III encerra em 15 de novembro, com plantio de 16 de novembro de 2025 a 14 de mar\u00e7o de 2026.<\/p>\n<p>No <strong>Paran\u00e1 (PR)<\/strong>, os prazos variam entre as regi\u00f5es. A regi\u00e3o I finaliza o vazio em 19 de setembro de 2025, com plantio de 20 de setembro de 2025 a 20 de janeiro de 2026. A regi\u00e3o II termina em 30 de agosto, liberando a semeadura em 31 de agosto de 2025 at\u00e9 31 de dezembro de 2025. J\u00e1 a regi\u00e3o III finaliza em 10 de setembro, com plantio de 11 de setembro de 2025 a 10 de janeiro de 2026.<\/p>\n<p>No <strong>Piau\u00ed (PI)<\/strong>, a regi\u00e3o I ter\u00e1 vazio de 1\u00ba de setembro a 30 de novembro de 2025, liberando o plantio de 1\u00ba de dezembro de 2025 a 20 de mar\u00e7o de 2026. A regi\u00e3o II vai de 1\u00ba de agosto a 31 de outubro de 2025, com semeadura de 1\u00ba de novembro de 2025 a 18 de fevereiro de 2026. J\u00e1 a regi\u00e3o III encerra em 29 de setembro de 2025, com plantio de 30 de setembro de 2025 a 27 de janeiro de 2026.<\/p>\n<p>No <strong>Rio de Janeiro (RJ)<\/strong>, o vazio sanit\u00e1rio vai at\u00e9 28 de setembro de 2025. Assim, o plantio poder\u00e1 come\u00e7ar em 29 de setembro e seguir\u00e1 at\u00e9 6 de janeiro de 2026.<\/p>\n<p>No <strong>Rio Grande do Sul (RS)<\/strong>, o vazio sanit\u00e1rio vai at\u00e9 30 de setembro de 2025. A semeadura ter\u00e1 in\u00edcio em 1\u00ba de outubro, seguindo at\u00e9 6 de janeiro de 2026.<\/p>\n<p>Em <strong>Rond\u00f4nia (RO)<\/strong>, o vazio sanit\u00e1rio se encerra em 10 de setembro de 2025. O plantio poder\u00e1 come\u00e7ar em 11 de setembro e seguir\u00e1 at\u00e9 9 de janeiro de 2026.<\/p>\n<p>Em <strong>Roraima (RR)<\/strong>, o vazio sanit\u00e1rio vai at\u00e9 18 de mar\u00e7o de 2026. A semeadura ser\u00e1 autorizada de 19 de mar\u00e7o a 26 de junho de 2026.<\/p>\n<p>Em <strong>Santa Catarina (SC)<\/strong>, a regi\u00e3o I finaliza o vazio em 12 de outubro de 2025, com plantio de 13 de outubro de 2025 a 22 de janeiro de 2026. J\u00e1 a regi\u00e3o II encerra em 21 de setembro, liberando a semeadura de 22 de setembro a 22 de dezembro de 2025.<\/p>\n<p>Em <strong>S\u00e3o Paulo (SP)<\/strong>, os prazos tamb\u00e9m variam por regi\u00e3o. A regi\u00e3o I finaliza o vazio em 31 de agosto de 2025, liberando o plantio de 1\u00ba de setembro a 29 de dezembro de 2025. A regi\u00e3o II termina em 12 de setembro, com semeadura de 13 de setembro a 31 de dezembro de 2025. J\u00e1 a regi\u00e3o III encerra em 15 de setembro de 2025, com plantio de 16 de setembro a 24 de dezembro de 2025.<\/p>\n<p>Por fim, no <strong>Tocantins (TO)<\/strong>, o vazio sanit\u00e1rio termina em 30 de setembro de 2025. Assim, o plantio poder\u00e1 come\u00e7ar em 1\u00ba de outubro e seguir\u00e1 at\u00e9 15 de janeiro de 2026.<\/p>\n<p>As informa\u00e7\u00f5es est\u00e3o dispon\u00edveis neste <a href=\"https:\/\/www.gov.br\/agricultura\/pt-br\/assuntos\/noticias\/mapa-publica-portaria-que-estabelece-vazio-sanitario-e-calendario-de-semeadura-da-soja-para-a-safra-2025-2026\">link<\/a>.<\/p>\n<\/p><\/div>\n<p><br \/>\n<br \/><a href=\"https:\/\/www.canalrural.com.br\/agricultura\/projeto-soja-brasil\/fim-do-vazio-sanitario-se-aproxima-prepare-se-para-o-plantio-da-soja\/\">Source link <\/a><\/p>\n","protected":false},"excerpt":{"rendered":"<p>Falta pouco para alguns estados do Brasil iniciarem o plantio de soja safra 2025\/2026. As datas foram definidas pelo Minist\u00e9rio<\/p>\n","protected":false},"author":1,"featured_media":16523,"comment_status":"open","ping_status":"open","sticky":false,"template":"","format":"standard","meta":{"_monsterinsights_skip_tracking":false,"_monsterinsights_sitenote_active":false,"_monsterinsights_sitenote_note":"","_monsterinsights_sitenote_category":0,"_uf_show_specific_survey":0,"_uf_disable_surveys":false,"footnotes":""},"categories":[1],"tags":[],"class_list":["post-19316","post","type-post","status-publish","format-standard","has-post-thumbnail","hentry","category-news"],"_links":{"self":[{"href":"https:\/\/agromt.news\/index.php?rest_route=\/wp\/v2\/posts\/19316"}],"collection":[{"href":"https:\/\/agromt.news\/index.php?rest_route=\/wp\/v2\/posts"}],"about":[{"href":"https:\/\/agromt.news\/index.php?rest_route=\/wp\/v2\/types\/post"}],"author":[{"embeddable":true,"href":"https:\/\/agromt.news\/index.php?rest_route=\/wp\/v2\/users\/1"}],"replies":[{"embeddable":true,"href":"https:\/\/agromt.news\/index.php?rest_route=%2Fwp%2Fv2%2Fcomments&post=19316"}],"version-history":[{"count":0,"href":"https:\/\/agromt.news\/index.php?rest_route=\/wp\/v2\/posts\/19316\/revisions"}],"wp:featuredmedia":[{"embeddable":true,"href":"https:\/\/agromt.news\/index.php?rest_route=\/wp\/v2\/media\/16523"}],"wp:attachment":[{"href":"https:\/\/agromt.news\/index.php?rest_route=%2Fwp%2Fv2%2Fmedia&parent=19316"}],"wp:term":[{"taxonomy":"category","embeddable":true,"href":"https:\/\/agromt.news\/index.php?rest_route=%2Fwp%2Fv2%2Fcategories&post=19316"},{"taxonomy":"post_tag","embeddable":true,"href":"https:\/\/agromt.news\/index.php?rest_route=%2Fwp%2Fv2%2Ftags&post=19316"}],"curies":[{"name":"wp","href":"https:\/\/api.w.org\/{rel}","templated":true}]}}