{"id":19311,"date":"2025-08-28T12:25:22","date_gmt":"2025-08-28T16:25:22","guid":{"rendered":"https:\/\/agromt.news\/?p=19311"},"modified":"2025-08-28T12:25:22","modified_gmt":"2025-08-28T16:25:22","slug":"agro-e-capaz-de-atender-as-metas-de-reducao-de-emissao-diz-secretario-do-meio-ambiente","status":"publish","type":"post","link":"https:\/\/agromt.news\/?p=19311","title":{"rendered":"Agro \u00e9 capaz de atender \u00e0s metas de redu\u00e7\u00e3o de emiss\u00e3o, diz secret\u00e1rio do Meio Ambiente"},"content":{"rendered":"<p> <br \/>\n<br \/><img decoding=\"async\" src=\"https:\/\/agromt.news\/wp-content\/uploads\/2025\/05\/Favaro-Proposta-de-licenciamento-ambiental-avanca-sem-precarizacao.jpg\" \/><\/p>\n<div>\n<p>O secret\u00e1rio nacional de Mudan\u00e7a do Clima do Minist\u00e9rio do Meio Ambiente e Mudan\u00e7a do Clima (MMA), Alo\u00edsio Melo, afirmou que o setor agropecu\u00e1rio pode atender \u00e0s metas de redu\u00e7\u00e3o de emiss\u00f5es de gases ligados ao efeito estufa, previstas no \u00e2mbito do <a href=\"https:\/\/www.canalrural.com.br\/agricultura\/frente-parlamentar-da-agropecuaria-e-cna-se-reunem-para-discutir-plano-clima\/\">Plano Clima<\/a>.<\/p>\n<p>\u201cJustamente porque o setor agropecu\u00e1rio tem hist\u00f3rico do Plano ABC+ (Agricultura de Baixo Carbono e atual RenovAgro), de expans\u00e3o de tecnologias e de aproveitamento de \u00e1reas degradadas que o setor tem capacidade de atender as metas. No setor agropecu\u00e1rio se projeta estabilidade nas emiss\u00f5es at\u00e9 2035\u201d, afirmou Melo, em audi\u00eancia p\u00fablica na Comiss\u00e3o de Agricultura e Reforma Agr\u00e1ria do Senado.<\/p>\n<p><em>Veja em primeira m\u00e3o tudo sobre agricultura, pecu\u00e1ria, economia e previs\u00e3o do tempo:<\/em><a href=\"https:\/\/news.google.com\/publications\/CAAqBwgKMPKZlQswq_mqAw?hl=pt-BR&amp;gl=BR&amp;ceid=BR%3Apt-419\" target=\"_blank\" rel=\"noreferrer noopener\"><em>\u00a0siga o Canal Rural no Google News!<\/em><\/a><\/p>\n<p>O Plano Clima \u00e9 uma pol\u00edtica p\u00fablica que estabelece estrat\u00e9gias para o cumprimento das metas nacionais de redu\u00e7\u00e3o de emiss\u00f5es de gases de efeito estufa. A proposta apresentada pelo Minist\u00e9rio do Meio Ambiente e Mudan\u00e7a do Clima quanto ao Plano Setorial de Agricultura e Pecu\u00e1ria ligado \u00e0 Estrat\u00e9gia Nacional de Mitiga\u00e7\u00e3o do Plano Clima desagradou a setores do agroneg\u00f3cio. O texto exige que a agropecu\u00e1ria reduza em 36% as emiss\u00f5es de gases de efeito estufa at\u00e9 2030 e em 54% at\u00e9 2035.<\/p>\n<p>Na proposta, as emiss\u00f5es de gases ligados ao efeito estufa provenientes do desmatamento ilegal s\u00e3o alocadas nas emiss\u00f5es setoriais da agropecu\u00e1ria. Com isso, o setor passa de segundo para primeiro principal emissor de gases poluentes no pa\u00eds, respons\u00e1vel por 70% das emiss\u00f5es. O agroneg\u00f3cio pede a revis\u00e3o da metodologia de aloca\u00e7\u00f5es de emiss\u00f5es setoriais por considerar que a gest\u00e3o do desmatamento \u00e9 de responsabilidade do governo, o que \u00e9 apoiado pelo Minist\u00e9rio da Agricultura.<\/p>\n<\/div>\n<div>\n<p>Questionado sobre a possibilidade de revis\u00e3o das aloca\u00e7\u00f5es de emiss\u00f5es, Melo afirmou que \u00e9 poss\u00edvel aprimorar o processo. \u201c\u00c9 poss\u00edvel tirar uma coisa de uma caixinha e colocar em outra caixinha. \u00c9 um processo t\u00e9cnico pol\u00edtico que est\u00e1 sendo dialogado entre \u00f3rg\u00e3os governamentais de qual setor fica em cada linha\u201d, observou Melo.   <\/p>\n<p>Melo justificou que parte do desmatamento est\u00e1 atribu\u00edda \u00e0s emiss\u00f5es do setor agropecu\u00e1rio porque h\u00e1 o entendimento de que h\u00e1 decis\u00e3o do produtor em rela\u00e7\u00e3o ao desmatamento legal. As emiss\u00f5es de gases ligados ao efeito estufa de desmatamento proveniente de im\u00f3veis rurais, assentamentos de reforma agr\u00e1ria e \u00e1reas quilombolas foram atribu\u00eddas ao setor agropecu\u00e1rio na proposta apresentada pelo MMA, o que o setor discorda. \u201c\u00c9 poss\u00edvel alterar.<\/p>\n<p>Esse \u00e9 o processo de revis\u00e3o que ser\u00e1 feito, mas em momento algum se fala em mudar regra de permiss\u00e3o de supress\u00e3o vegetal\u201d, observou Melo, que destacou que o governo est\u00e1 em processo de revis\u00e3o do plano setorial ap\u00f3s o fim das consultas p\u00fablicas, que se encerraram em 18 de agosto.<\/p>\n<p>Melo disse que outros pa\u00edses tamb\u00e9m adotam a l\u00f3gica utilizada pelo Brasil para defini\u00e7\u00e3o do que \u00e9 atrelado \u00e0 atividade agropecu\u00e1ria em emiss\u00e3o e remo\u00e7\u00e3o de gases ligados ao efeito estufa. \u201cReduzir desmatamento e aumentar a remo\u00e7\u00e3o de gases ligados ao efeito estufa \u00e9 um caminho que o Brasil tem de seguir. \u00c9 preciso desenvolver um pacote de incentivos econ\u00f4micos e criar uma estrat\u00e9gia de reconhecimento de valor das florestas na agenda clim\u00e1tica\u201d, apontou.<\/p>\n<\/p><\/div>\n<p><br \/>\n<br \/><a href=\"https:\/\/www.canalrural.com.br\/agricultura\/agronegocio\/agronegocio-e-capaz-de-atender-as-metas-de-reducao-de-emissao-diz-secretario\/\">Source link <\/a><\/p>\n","protected":false},"excerpt":{"rendered":"<p>O secret\u00e1rio nacional de Mudan\u00e7a do Clima do Minist\u00e9rio do Meio Ambiente e Mudan\u00e7a do Clima (MMA), Alo\u00edsio Melo, afirmou<\/p>\n","protected":false},"author":1,"featured_media":14155,"comment_status":"open","ping_status":"open","sticky":false,"template":"","format":"standard","meta":{"_monsterinsights_skip_tracking":false,"_monsterinsights_sitenote_active":false,"_monsterinsights_sitenote_note":"","_monsterinsights_sitenote_category":0,"_uf_show_specific_survey":0,"_uf_disable_surveys":false,"footnotes":""},"categories":[1],"tags":[],"class_list":["post-19311","post","type-post","status-publish","format-standard","has-post-thumbnail","hentry","category-news"],"_links":{"self":[{"href":"https:\/\/agromt.news\/index.php?rest_route=\/wp\/v2\/posts\/19311"}],"collection":[{"href":"https:\/\/agromt.news\/index.php?rest_route=\/wp\/v2\/posts"}],"about":[{"href":"https:\/\/agromt.news\/index.php?rest_route=\/wp\/v2\/types\/post"}],"author":[{"embeddable":true,"href":"https:\/\/agromt.news\/index.php?rest_route=\/wp\/v2\/users\/1"}],"replies":[{"embeddable":true,"href":"https:\/\/agromt.news\/index.php?rest_route=%2Fwp%2Fv2%2Fcomments&post=19311"}],"version-history":[{"count":0,"href":"https:\/\/agromt.news\/index.php?rest_route=\/wp\/v2\/posts\/19311\/revisions"}],"wp:featuredmedia":[{"embeddable":true,"href":"https:\/\/agromt.news\/index.php?rest_route=\/wp\/v2\/media\/14155"}],"wp:attachment":[{"href":"https:\/\/agromt.news\/index.php?rest_route=%2Fwp%2Fv2%2Fmedia&parent=19311"}],"wp:term":[{"taxonomy":"category","embeddable":true,"href":"https:\/\/agromt.news\/index.php?rest_route=%2Fwp%2Fv2%2Fcategories&post=19311"},{"taxonomy":"post_tag","embeddable":true,"href":"https:\/\/agromt.news\/index.php?rest_route=%2Fwp%2Fv2%2Ftags&post=19311"}],"curies":[{"name":"wp","href":"https:\/\/api.w.org\/{rel}","templated":true}]}}