{"id":19309,"date":"2025-08-28T11:56:59","date_gmt":"2025-08-28T15:56:59","guid":{"rendered":"https:\/\/agromt.news\/?p=19309"},"modified":"2025-08-28T11:56:59","modified_gmt":"2025-08-28T15:56:59","slug":"moratoria-da-soja-pedido-de-vista-interrompe-analise-no-stf-sobre-lei-em-mt","status":"publish","type":"post","link":"https:\/\/agromt.news\/?p=19309","title":{"rendered":"Morat\u00f3ria da soja: pedido de vista interrompe an\u00e1lise no STF sobre lei em MT"},"content":{"rendered":"<p> <br \/>\n<br \/><img decoding=\"async\" src=\"https:\/\/agromt.news\/wp-content\/uploads\/2025\/08\/Moratoria-da-soja-pedido-de-vista-interrompe-analise-no-STF.jpg\" \/><\/p>\n<div>\n<p>O ministro Edson Fachin pediu vista e suspendeu na ter\u00e7a-feira (26), o julgamento virtual da A\u00e7\u00e3o Direta de Inconstitucionalidade (ADI) 7.774 no Supremo Tribunal Federal (STF). O processo questiona a constitucionalidade da Lei n\u00ba 12.709\/2024 de Mato Grosso, que autoriza o Estado a retirar benef\u00edcios fiscais de empresas signat\u00e1rias da Morat\u00f3ria da Soja. A suspens\u00e3o interrompeu o julgamento que estava previsto para terminar na sexta-feira (29).<\/p>\n<p>O pedido de vista ocorreu um dia ap\u00f3s o rein\u00edcio do julgamento virtual na sexta-feira (22) quando o ministro Dias Toffoli devolveu os autos com voto divergente ap\u00f3s vista solicitada em junho.<\/p>\n<p><em>Veja em primeira m\u00e3o tudo sobre agricultura, pecu\u00e1ria, economia e previs\u00e3o do tempo:<\/em><a href=\"https:\/\/news.google.com\/publications\/CAAqBwgKMPKZlQswq_mqAw?hl=pt-BR&amp;gl=BR&amp;ceid=BR%3Apt-419\" target=\"_blank\" rel=\"noreferrer noopener\"><em>\u00a0siga o Canal Rural no Google News!<\/em><\/a><\/p>\n<p>O placar parcial registrava 2 a 1 pela constitucionalidade parcial da lei estadual, com o relator, Fl\u00e1vio Dino, e Alexandre de Moraes votando pelo referendo da medida cautelar que restabelece os efeitos do artigo 2\u00ba da norma a partir de janeiro de 2026.<\/p>\n<\/div>\n<div>\n<p>Toffoli divergiu parcialmente ao defender que n\u00e3o h\u00e1 inconstitucionalidade formal na lei de Mato Grosso e que o Estado possui compet\u00eancia para definir sua pol\u00edtica tribut\u00e1ria. O ministro classificou a Morat\u00f3ria da Soja como viola\u00e7\u00e3o \u00e0 livre concorr\u00eancia, por criar \u201csistema paralelo de governan\u00e7a ambiental\u201d controlado por tradings que det\u00eam 90% do mercado exportador. Para ele, o pacto \u201ctransfere a agentes privados poderes de regula\u00e7\u00e3o que cabem ao Estado brasileiro\u201d.<\/p>\n<p>A Lei n\u00ba 12.709\/2024 foi sancionada pelo governador Mauro Mendes em dezembro de 2024, autorizando Mato Grosso a excluir de benef\u00edcios do Programa de Desenvolvimento Industrial e Comercial (Prodeic) empresas que participem de acordos privados que imponham restri\u00e7\u00f5es \u00e0 comercializa\u00e7\u00e3o al\u00e9m das exig\u00eancias legais. O relator Fl\u00e1vio Dino havia suspenso integralmente a lei em dezembro, mas reconsiderou em abril para restabelecer apenas o artigo 2\u00ba que veda novos benef\u00edcios fiscais.<\/p>\n<p>O julgamento no STF transcorre em paralelo ao processo do Conselho Administrativo de Defesa Econ\u00f4mica (Cade), que em 18 de agosto instaurou processo administrativo contra 30 tradings signat\u00e1rias da morat\u00f3ria por ind\u00edcios de cartel. A decis\u00e3o da Superintend\u00eancia Geral que suspendia o compartilhamento de informa\u00e7\u00f5es comerciais foi suspensa pela Justi\u00e7a Federal na segunda-feira (25) ap\u00f3s mandado de seguran\u00e7a da Associa\u00e7\u00e3o Brasileira das Ind\u00fastrias de \u00d3leos Vegetais (Abiove).<\/p>\n<p>A Morat\u00f3ria da Soja \u00e9 acordo firmado em 2006 entre tradings e entidades ambientais que pro\u00edbe a comercializa\u00e7\u00e3o de gr\u00e3os de \u00e1reas desmatadas na Amaz\u00f4nia ap\u00f3s julho de 2008. Relat\u00f3rio do Tribunal de Contas de Mato Grosso apontou que empresas signat\u00e1rias receberam R$ 4,7 bilh\u00f5es em benef\u00edcios fiscais entre 2019 e 2024. Com o pedido de vista de Fachin, n\u00e3o h\u00e1 prazo para retomada do julgamento. Restam votar oito ministros.<\/p>\n<\/p><\/div>\n<p><br \/>\n<br \/><a href=\"https:\/\/www.canalrural.com.br\/agricultura\/soja\/moratoria-da-soja-pedido-de-vista-interrompe-analise-no-stf-sobre-lei-em-mt\/\">Source link <\/a><\/p>\n","protected":false},"excerpt":{"rendered":"<p>O ministro Edson Fachin pediu vista e suspendeu na ter\u00e7a-feira (26), o julgamento virtual da A\u00e7\u00e3o Direta de Inconstitucionalidade (ADI)<\/p>\n","protected":false},"author":1,"featured_media":19310,"comment_status":"open","ping_status":"open","sticky":false,"template":"","format":"standard","meta":{"_monsterinsights_skip_tracking":false,"_monsterinsights_sitenote_active":false,"_monsterinsights_sitenote_note":"","_monsterinsights_sitenote_category":0,"_uf_show_specific_survey":0,"_uf_disable_surveys":false,"footnotes":""},"categories":[1],"tags":[],"class_list":["post-19309","post","type-post","status-publish","format-standard","has-post-thumbnail","hentry","category-news"],"_links":{"self":[{"href":"https:\/\/agromt.news\/index.php?rest_route=\/wp\/v2\/posts\/19309"}],"collection":[{"href":"https:\/\/agromt.news\/index.php?rest_route=\/wp\/v2\/posts"}],"about":[{"href":"https:\/\/agromt.news\/index.php?rest_route=\/wp\/v2\/types\/post"}],"author":[{"embeddable":true,"href":"https:\/\/agromt.news\/index.php?rest_route=\/wp\/v2\/users\/1"}],"replies":[{"embeddable":true,"href":"https:\/\/agromt.news\/index.php?rest_route=%2Fwp%2Fv2%2Fcomments&post=19309"}],"version-history":[{"count":0,"href":"https:\/\/agromt.news\/index.php?rest_route=\/wp\/v2\/posts\/19309\/revisions"}],"wp:featuredmedia":[{"embeddable":true,"href":"https:\/\/agromt.news\/index.php?rest_route=\/wp\/v2\/media\/19310"}],"wp:attachment":[{"href":"https:\/\/agromt.news\/index.php?rest_route=%2Fwp%2Fv2%2Fmedia&parent=19309"}],"wp:term":[{"taxonomy":"category","embeddable":true,"href":"https:\/\/agromt.news\/index.php?rest_route=%2Fwp%2Fv2%2Fcategories&post=19309"},{"taxonomy":"post_tag","embeddable":true,"href":"https:\/\/agromt.news\/index.php?rest_route=%2Fwp%2Fv2%2Ftags&post=19309"}],"curies":[{"name":"wp","href":"https:\/\/api.w.org\/{rel}","templated":true}]}}