{"id":19307,"date":"2025-08-28T11:15:00","date_gmt":"2025-08-28T15:15:00","guid":{"rendered":"https:\/\/agromt.news\/?p=19307"},"modified":"2025-08-28T11:15:00","modified_gmt":"2025-08-28T15:15:00","slug":"brasil-e-mexico-fecham-parcerias-em-agro-e-biocombustivel","status":"publish","type":"post","link":"https:\/\/agromt.news\/?p=19307","title":{"rendered":"Brasil e M\u00e9xico fecham parcerias em agro e biocombust\u00edvel"},"content":{"rendered":"<p> <br \/>\n<br \/><img decoding=\"async\" src=\"https:\/\/agromt.news\/wp-content\/uploads\/2025\/08\/Brasil-e-Mexico-fecham-parcerias-em-agro-e-biocombustivel.jpeg\" \/><\/p>\n<div>\n<p>Brasil e M\u00e9xico fecharam, na quarta-feira (27), parcerias para aprofundar a coopera\u00e7\u00e3o nos setores da agropecu\u00e1ria, de biocombust\u00edveis, fortalecimento comercial e atra\u00e7\u00e3o de investimentos. Em evento de assinatura dos memorandos, <a href=\"https:\/\/www.canalrural.com.br\/nacional\/favaro-alckmin-e-tebet-vao-ao-mexico-em-busca-de-ampliar-exportacoes\/\">o vice-presidente e ministro do Desenvolvimento, Ind\u00fastria, Com\u00e9rcio e Servi\u00e7os, Geraldo Alckmin<\/a> destacou o impacto que a parceria ter\u00e1 em diversos setores, como o econ\u00f4mico e social.<\/p>\n<p>\u201cQuero destacar a import\u00e2ncia do que acabamos de assinar. A import\u00e2ncia social, que significa emprego, renda, novas oportunidades, vida digna para a popula\u00e7\u00e3o; a import\u00e2ncia econ\u00f4mica, investimentos, crescimento do setor produtivo; import\u00e2ncia cient\u00edfica e tecnol\u00f3gica, novas formas tecnol\u00f3gicas para a descarboniza\u00e7\u00e3o; a import\u00e2ncia ambiental\u201d, afirmou Alckmin.<\/p>\n<p>O memorando que trata de biocombust\u00edveis \u00e9 a base para futuras a\u00e7\u00f5es de coopera\u00e7\u00e3o, com o objetivo de impulsionar um crescimento do setor no M\u00e9xico, aproveitando a reconhecida experi\u00eancia que o Brasil possui na produ\u00e7\u00e3o de etanol a partir da cana-de-a\u00e7\u00facar.<\/p>\n<p>A parceria prev\u00ea o interc\u00e2mbio de experi\u00eancias e a transfer\u00eancia de tecnologia, equipamentos, metodologias e experi\u00eancias entre os dois pa\u00edses para acelerar o desenvolvimento do setor de mat\u00e9rias-primas e da ind\u00fastria de biocombust\u00edveis, estimulando a captura e armazenamento de carbono a partir da bioenergia. Isso abre caminho para o crescimento ordenado e sustent\u00e1vel da produ\u00e7\u00e3o de biocombust\u00edveis, como etanol, SAF e combust\u00edveis mar\u00edtimos sustent\u00e1veis.<\/p>\n<p>A coopera\u00e7\u00e3o faz parte da estrat\u00e9gia do Brasil de aprofundar a integra\u00e7\u00e3o econ\u00f4mica com o fortalecimento de parcerias em setores estrat\u00e9gicos, gerando benef\u00edcio rec\u00edprocos para as duas maiores economias e democracias da Am\u00e9rica Latina.<\/p>\n<h2 class=\"wp-block-heading\" id=\"h-cooperacao-agropecuaria\">Coopera\u00e7\u00e3o agropecu\u00e1ria<\/h2>\n<p>Em reuni\u00e3o na sede da chancelaria mexicana, o ministro da Agricultura e Pecu\u00e1ria, Carlos F\u00e1varo, e secret\u00e1rio de Agricultura e Desenvolvimento Rural do M\u00e9xico, Julio Sacrist\u00e1n, assinaram Memorando de Entendimento sobre coopera\u00e7\u00e3o entre os dois pa\u00edses em \u00e1reas de produ\u00e7\u00e3o agr\u00edcola e pecu\u00e1ria, acompanhamento t\u00e9cnico de pequenos e m\u00e9dios produtores, soberania alimentar, sanidade animal e vegetal, promo\u00e7\u00e3o de pesquisa e inova\u00e7\u00e3o tecnol\u00f3gica, financiamento e seguro rural, al\u00e9m de instrumentos que facilitem a comercializa\u00e7\u00e3o de produtos agr\u00edcolas.<\/p>\n<p>O memorando prev\u00ea a cria\u00e7\u00e3o de um grupo de trabalho com representantes das \u00e1reas t\u00e9cnicas de ambos os pa\u00edses que ir\u00e1 identificar as \u00e1reas de interesse comum, planejar, implementar e atualizar o Plano de Trabalho.<\/p>\n<\/div>\n<div>\n<p>Na reuni\u00e3o com secret\u00e1rio de Agricultura, os dois pa\u00edses tamb\u00e9m se comprometeram a adequar as legisla\u00e7\u00f5es sobre a rastreabilidade da carne bovina, sem preju\u00edzo \u00e0s exporta\u00e7\u00f5es brasileiras de carne para o M\u00e9xico.<\/p>\n<h2 class=\"wp-block-heading\" id=\"h-comercial-bilateral\">Comercial bilateral<\/h2>\n<p>Com o objetivo de impulsionar o com\u00e9rcio e abrir novas oportunidades de neg\u00f3cios, a ApexBrasil e a Secretaria de Economia do M\u00e9xico assinaram um memorando de entendimento para promover o interc\u00e2mbio de bens, servi\u00e7os e investimentos entre os dois pa\u00edses.<\/p>\n<p><em>Veja em primeira m\u00e3o tudo sobre agricultura, pecu\u00e1ria, economia e previs\u00e3o do tempo:<\/em><a href=\"https:\/\/news.google.com\/publications\/CAAqBwgKMPKZlQswq_mqAw?hl=pt-BR&amp;gl=BR&amp;ceid=BR%3Apt-419\" target=\"_blank\" rel=\"noreferrer noopener\"><em>\u00a0siga o Canal Rural no Google News!<\/em><\/a><\/p>\n<p>Essa coopera\u00e7\u00e3o cria uma sinergia entre duas importantes pol\u00edticas de desenvolvimento: a Nova Ind\u00fastria Brasil, que busca fortalecer a inova\u00e7\u00e3o, a sustentabilidade e a produtividade da ind\u00fastria brasileira, e o Plano M\u00e9xico, uma estrat\u00e9gia de desenvolvimento de longo prazo do pa\u00eds.<\/p>\n<p>Para isso, a parceria vai realizar a\u00e7\u00f5es para promover exporta\u00e7\u00f5es e investimentos; fortalecer capacidades institucionais e empresariais; e impulsionar o desenvolvimento de cadeias produtivas.<\/p>\n<p>A parceria tamb\u00e9m se concentrar\u00e1 em impulsionar a inova\u00e7\u00e3o e a entrada em novos mercados, facilitando a identifica\u00e7\u00e3o de oportunidades de neg\u00f3cio que aumentem a competitividade e o posicionamento internacional das empresas de ambos os pa\u00edses.<\/p>\n<\/p><\/div>\n<p><br \/>\n<br \/><a href=\"https:\/\/www.canalrural.com.br\/nacional\/brasil-e-mexico-fecham-parcerias-em-agro-e-biocombustivel\/\">Source link <\/a><\/p>\n","protected":false},"excerpt":{"rendered":"<p>Brasil e M\u00e9xico fecharam, na quarta-feira (27), parcerias para aprofundar a coopera\u00e7\u00e3o nos setores da agropecu\u00e1ria, de biocombust\u00edveis, fortalecimento comercial<\/p>\n","protected":false},"author":1,"featured_media":19308,"comment_status":"open","ping_status":"open","sticky":false,"template":"","format":"standard","meta":{"_monsterinsights_skip_tracking":false,"_monsterinsights_sitenote_active":false,"_monsterinsights_sitenote_note":"","_monsterinsights_sitenote_category":0,"_uf_show_specific_survey":0,"_uf_disable_surveys":false,"footnotes":""},"categories":[1],"tags":[],"class_list":["post-19307","post","type-post","status-publish","format-standard","has-post-thumbnail","hentry","category-news"],"_links":{"self":[{"href":"https:\/\/agromt.news\/index.php?rest_route=\/wp\/v2\/posts\/19307"}],"collection":[{"href":"https:\/\/agromt.news\/index.php?rest_route=\/wp\/v2\/posts"}],"about":[{"href":"https:\/\/agromt.news\/index.php?rest_route=\/wp\/v2\/types\/post"}],"author":[{"embeddable":true,"href":"https:\/\/agromt.news\/index.php?rest_route=\/wp\/v2\/users\/1"}],"replies":[{"embeddable":true,"href":"https:\/\/agromt.news\/index.php?rest_route=%2Fwp%2Fv2%2Fcomments&post=19307"}],"version-history":[{"count":0,"href":"https:\/\/agromt.news\/index.php?rest_route=\/wp\/v2\/posts\/19307\/revisions"}],"wp:featuredmedia":[{"embeddable":true,"href":"https:\/\/agromt.news\/index.php?rest_route=\/wp\/v2\/media\/19308"}],"wp:attachment":[{"href":"https:\/\/agromt.news\/index.php?rest_route=%2Fwp%2Fv2%2Fmedia&parent=19307"}],"wp:term":[{"taxonomy":"category","embeddable":true,"href":"https:\/\/agromt.news\/index.php?rest_route=%2Fwp%2Fv2%2Fcategories&post=19307"},{"taxonomy":"post_tag","embeddable":true,"href":"https:\/\/agromt.news\/index.php?rest_route=%2Fwp%2Fv2%2Ftags&post=19307"}],"curies":[{"name":"wp","href":"https:\/\/api.w.org\/{rel}","templated":true}]}}