{"id":19264,"date":"2025-08-27T16:02:54","date_gmt":"2025-08-27T20:02:54","guid":{"rendered":"https:\/\/agromt.news\/?p=19264"},"modified":"2025-08-27T16:02:54","modified_gmt":"2025-08-27T20:02:54","slug":"presidente-da-aprosoja-ms-convida-produtores-para-a-abertura-nacional-do-plantio-da-soja","status":"publish","type":"post","link":"https:\/\/agromt.news\/?p=19264","title":{"rendered":"Presidente da Aprosoja MS convida produtores para a Abertura Nacional do Plantio da Soja!"},"content":{"rendered":"<p> <br \/>\n<br \/><img decoding=\"async\" src=\"https:\/\/agromt.news\/wp-content\/uploads\/2025\/08\/Presidente-da-Aprosoja-MS-convida-produtores-para-a-Abertura-Nacional.png\" \/><\/p>\n<div>\n<p>O <a href=\"https:\/\/www.canalrural.com.br\/agricultura\/projeto-soja-brasil\/foi-dada-a-largada-inscreva-se-para-a-abertura-nacional-do-plantio-da-soja-2025-26\/\">evento<\/a> que marca a abertura da safra 2025\/26 de soja j\u00e1 est\u00e1 com as inscri\u00e7\u00f5es abertas para participa\u00e7\u00e3o presencial. A Abertura Nacional do Plantio da Soja ser\u00e1 realizada no dia 3 de outubro, a partir das 9h (hor\u00e1rio de Bras\u00edlia), diretamente da Fazenda Recanto, em Sidrol\u00e2ndia (MS). A cerim\u00f4nia, que tamb\u00e9m ser\u00e1 transmitida ao vivo pelo Canal Rural, dar\u00e1 in\u00edcio \u00e0 <a href=\"https:\/\/www.canalrural.com.br\/agricultura\/projeto-soja-brasil\/\">14\u00aa temporada do Projeto Soja Brasil<\/a>. Clique <a href=\"https:\/\/eventos.canalrural.com.br\/plantio-da-soja?_gl=1*11ir6ju*_gcl_au*MTE5OTgzODIzMi4xNzUyMjUxOTMz*_ga*NTk3MzU1NjEzLjE3NDg2MTcyMTY.*_ga_Y1X353CDF4*czE3NTYzMjAxMTkkbzI1JGcxJHQxNzU2MzIyMDQ2JGo1NCRsMCRoNzc1NTExMTE5*_ga_4Z7XXTBDRP*czE3NTYzMjIwMzkkbzE0JGcwJHQxNzU2MzIyMDQxJGo1OCRsMCRoMA..\">aqui <\/a>para fazer a inscri\u00e7\u00e3o. <\/p>\n<ul class=\"wp-block-list\">\n<li><strong><em>Fique por dentro das novidades e not\u00edcias recentes sobre a soja! Participe da nossa comunidade atrav\u00e9s do\u00a0<a href=\"https:\/\/chat.whatsapp.com\/BmMRwA0TZ2DHGyhzoaVEWu\">link<\/a>! \ud83c\udf31<\/em><\/strong><\/li>\n<\/ul>\n<h2 class=\"wp-block-heading\" id=\"h-presidente-da-aprosoja-ms-faz-o-convite\">Presidente da Aprosoja MS faz o convite <\/h2>\n<p>O presidente da Aprosoja MS, Jorge Michelc, refor\u00e7a o convite: \u201cTenho o prazer de convidar os produtores rurais de Mato Grosso do Sul e de todo o Brasil para a abertura do plantio da safra de soja 2025\/26. Este evento \u00e9 uma oportunidade \u00fanica de nos reunirmos, trocar experi\u00eancias, ampliar conhecimento t\u00e9cnico e fortalecer o nosso setor agr\u00edcola.\u201d <\/p>\n<\/div>\n<div>\n<p>\u201dContamos com a presen\u00e7a de todos os produtores envolvidos do meio rural. Venham fazer parte dessa celebra\u00e7\u00e3o do nosso potencial agr\u00edcola e juntos vamos cultivar um futuro de prosperidade\u201d, completa. <\/p>\n<h2 class=\"wp-block-heading\" id=\"h-a-abertura-nacional-do-plantio-da-soja\">A Abertura Nacional do Plantio da Soja <\/h2>\n<p>Promovida pelo <a href=\"https:\/\/www.canalrural.com.br\/\">Canal Rural<\/a>, <a href=\"https:\/\/aprosojabrasil.com.br\/\">Aprosoja Brasil <\/a>e <a href=\"https:\/\/www.aprosojams.org.br\/\">Aprosoja Mato Grosso do Sul<\/a>, a abertura reunir\u00e1 autoridades, produtores e especialistas para debater temas de impacto no agroneg\u00f3cio, como os desafios do mercado mundial, as condi\u00e7\u00f5es clim\u00e1ticas para a safra e o cen\u00e1rio geopol\u00edtico.<\/p>\n<p>Al\u00e9m das discuss\u00f5es, os participantes poder\u00e3o acompanhar m\u00e1quinas em a\u00e7\u00e3o no campo e participar de um almo\u00e7o especial de confraterniza\u00e7\u00e3o. A inscri\u00e7\u00e3o \u00e9 gratuita e j\u00e1 est\u00e1 dispon\u00edvel para quem deseja fazer parte deste momento hist\u00f3rico para a soja brasileira. N\u00e3o fique de fora! <\/p>\n<\/p><\/div>\n<p><br \/>\n<br \/><a href=\"https:\/\/www.canalrural.com.br\/agricultura\/projeto-soja-brasil\/presidente-da-aprosoja-ms-convida-produtores-para-a-abertura-nacional-do-plantio-da-soja\/\">Source link <\/a><\/p>\n","protected":false},"excerpt":{"rendered":"<p>O evento que marca a abertura da safra 2025\/26 de soja j\u00e1 est\u00e1 com as inscri\u00e7\u00f5es abertas para participa\u00e7\u00e3o presencial.<\/p>\n","protected":false},"author":1,"featured_media":19265,"comment_status":"open","ping_status":"open","sticky":false,"template":"","format":"standard","meta":{"_monsterinsights_skip_tracking":false,"_monsterinsights_sitenote_active":false,"_monsterinsights_sitenote_note":"","_monsterinsights_sitenote_category":0,"_uf_show_specific_survey":0,"_uf_disable_surveys":false,"footnotes":""},"categories":[1],"tags":[],"class_list":["post-19264","post","type-post","status-publish","format-standard","has-post-thumbnail","hentry","category-news"],"_links":{"self":[{"href":"https:\/\/agromt.news\/index.php?rest_route=\/wp\/v2\/posts\/19264"}],"collection":[{"href":"https:\/\/agromt.news\/index.php?rest_route=\/wp\/v2\/posts"}],"about":[{"href":"https:\/\/agromt.news\/index.php?rest_route=\/wp\/v2\/types\/post"}],"author":[{"embeddable":true,"href":"https:\/\/agromt.news\/index.php?rest_route=\/wp\/v2\/users\/1"}],"replies":[{"embeddable":true,"href":"https:\/\/agromt.news\/index.php?rest_route=%2Fwp%2Fv2%2Fcomments&post=19264"}],"version-history":[{"count":0,"href":"https:\/\/agromt.news\/index.php?rest_route=\/wp\/v2\/posts\/19264\/revisions"}],"wp:featuredmedia":[{"embeddable":true,"href":"https:\/\/agromt.news\/index.php?rest_route=\/wp\/v2\/media\/19265"}],"wp:attachment":[{"href":"https:\/\/agromt.news\/index.php?rest_route=%2Fwp%2Fv2%2Fmedia&parent=19264"}],"wp:term":[{"taxonomy":"category","embeddable":true,"href":"https:\/\/agromt.news\/index.php?rest_route=%2Fwp%2Fv2%2Fcategories&post=19264"},{"taxonomy":"post_tag","embeddable":true,"href":"https:\/\/agromt.news\/index.php?rest_route=%2Fwp%2Fv2%2Ftags&post=19264"}],"curies":[{"name":"wp","href":"https:\/\/api.w.org\/{rel}","templated":true}]}}