{"id":19263,"date":"2025-08-27T15:45:46","date_gmt":"2025-08-27T19:45:46","guid":{"rendered":"https:\/\/agromt.news\/?p=19263"},"modified":"2025-08-27T15:45:46","modified_gmt":"2025-08-27T19:45:46","slug":"revisao-de-tabela-do-ir-movimentara-a-economia-do-pais-diz-ministro","status":"publish","type":"post","link":"https:\/\/agromt.news\/?p=19263","title":{"rendered":"Revis\u00e3o de tabela do IR movimentar\u00e1 a economia do pa\u00eds, diz ministro"},"content":{"rendered":"<p> <br \/>\n<br \/><img decoding=\"async\" src=\"https:\/\/agromt.news\/wp-content\/uploads\/2024\/11\/1498655484032.jpg\" \/><\/p>\n<div>\n<p>A amplia\u00e7\u00e3o do n\u00famero de contribuintes isentos de pagar imposto de renda (IR) resultar\u00e1 em mais consumo e com\u00e9rcio, beneficiando a economia do pa\u00eds como um todo, considera o ministro da Casa Civil, Rui Costa, nesta quarta-feira (27). <\/p>\n<p>A expectativa do governo \u00e9 que, quando entrar em vigor, a medida beneficie mais de 20 milh\u00f5es de pessoas.<\/p>\n<p>Segundo Costa, al\u00e9m de serem compensados pelas al\u00edquotas a serem cobradas de milion\u00e1rios, os valores que deixar\u00e3o de ser recolhidos ter\u00e3o como destino carrinho de supermercados, feiras livres, alimentos, roupas para filhos, rem\u00e9dio, entre v\u00e1rios outros produtos, ajudando a movimentar ainda mais a economia do pa\u00eds.<\/p>\n<p>\u201cEle [o cidad\u00e3o] vai levar um produto a mais para casa, para melhorar a alimenta\u00e7\u00e3o de sua fam\u00edlia e, eventualmente, ir numa praia e fazer um lazer com o filho. Estamos falando do limite da vida digna de uma pessoa\u201d, disse o ministro.<\/p>\n<\/div>\n<div>\n<p>O governo federal enviou, ao <strong><a href=\"https:\/\/www.canalrural.com.br\/tag\/congresso-nacional\/\">Congresso Nacional<\/a><\/strong>, uma proposta que amplia para R$ 5 mil a faixa de isen\u00e7\u00e3o total do Imposto de Renda (IR), um compromisso de campanha do presidente Luiz In\u00e1cio Lula da Silva.<\/p>\n<p>Atualmente, est\u00e3o isentos do IR aqueles que t\u00eam renda mensal de at\u00e9 R$ 2.824. Segundo a Casa Civil, a proposta apresentada praticamente dobra essa faixa m\u00ednima. Al\u00e9m disso, o texto prev\u00ea desconto parcial para quem ganha entre R$ 5 mil e R$ 7 mil.<\/p>\n<p>O projeto de lei prev\u00ea tamb\u00e9m uma tributa\u00e7\u00e3o m\u00ednima para altas rendas, que atingir\u00e1 141,4 mil contribuintes (0,13% do total). A compensa\u00e7\u00e3o vir\u00e1 com uma taxa de at\u00e9 10% para pessoas com alta renda (a partir de R$ 600 mil por ano) que atualmente n\u00e3o contribuem com o IR.<\/p>\n<\/p><\/div>\n<p><br \/>\n<br \/><a href=\"https:\/\/www.canalrural.com.br\/economia\/revisao-de-tabela-do-ir-movimentara-a-economia-do-pais-diz-ministro\/\">Source link <\/a><\/p>\n","protected":false},"excerpt":{"rendered":"<p>A amplia\u00e7\u00e3o do n\u00famero de contribuintes isentos de pagar imposto de renda (IR) resultar\u00e1 em mais consumo e com\u00e9rcio, beneficiando<\/p>\n","protected":false},"author":1,"featured_media":4894,"comment_status":"open","ping_status":"open","sticky":false,"template":"","format":"standard","meta":{"_monsterinsights_skip_tracking":false,"_monsterinsights_sitenote_active":false,"_monsterinsights_sitenote_note":"","_monsterinsights_sitenote_category":0,"_uf_show_specific_survey":0,"_uf_disable_surveys":false,"footnotes":""},"categories":[1],"tags":[],"class_list":["post-19263","post","type-post","status-publish","format-standard","has-post-thumbnail","hentry","category-news"],"_links":{"self":[{"href":"https:\/\/agromt.news\/index.php?rest_route=\/wp\/v2\/posts\/19263"}],"collection":[{"href":"https:\/\/agromt.news\/index.php?rest_route=\/wp\/v2\/posts"}],"about":[{"href":"https:\/\/agromt.news\/index.php?rest_route=\/wp\/v2\/types\/post"}],"author":[{"embeddable":true,"href":"https:\/\/agromt.news\/index.php?rest_route=\/wp\/v2\/users\/1"}],"replies":[{"embeddable":true,"href":"https:\/\/agromt.news\/index.php?rest_route=%2Fwp%2Fv2%2Fcomments&post=19263"}],"version-history":[{"count":0,"href":"https:\/\/agromt.news\/index.php?rest_route=\/wp\/v2\/posts\/19263\/revisions"}],"wp:featuredmedia":[{"embeddable":true,"href":"https:\/\/agromt.news\/index.php?rest_route=\/wp\/v2\/media\/4894"}],"wp:attachment":[{"href":"https:\/\/agromt.news\/index.php?rest_route=%2Fwp%2Fv2%2Fmedia&parent=19263"}],"wp:term":[{"taxonomy":"category","embeddable":true,"href":"https:\/\/agromt.news\/index.php?rest_route=%2Fwp%2Fv2%2Fcategories&post=19263"},{"taxonomy":"post_tag","embeddable":true,"href":"https:\/\/agromt.news\/index.php?rest_route=%2Fwp%2Fv2%2Ftags&post=19263"}],"curies":[{"name":"wp","href":"https:\/\/api.w.org\/{rel}","templated":true}]}}