{"id":19261,"date":"2025-08-27T15:31:03","date_gmt":"2025-08-27T19:31:03","guid":{"rendered":"https:\/\/agromt.news\/?p=19261"},"modified":"2025-08-27T15:31:03","modified_gmt":"2025-08-27T19:31:03","slug":"abertura-nacional-da-colheita-do-trigo-sera-lancada-na-expointer-2025","status":"publish","type":"post","link":"https:\/\/agromt.news\/?p=19261","title":{"rendered":"Abertura Nacional da Colheita do Trigo ser\u00e1 lan\u00e7ada na Expointer 2025"},"content":{"rendered":"<p> <br \/>\n<br \/><img decoding=\"async\" src=\"https:\/\/agromt.news\/wp-content\/uploads\/2025\/08\/Abertura-Nacional-da-Colheita-do-Trigo-sera-lancada-na-Expointer.jpeg\" \/><\/p>\n<div>\n<p>O Canal Rural e a Cooperativa Cotricampo aproveitam o palco da Expointer para apresentar o projeto da Abertura Nacional da Colheita do Trigo 2025. A iniciativa ser\u00e1 detalhada em uma agenda na Casa Canal Rural no Parque Assis Brasil, em Esteio, no Rio Grande do Sul com a presen\u00e7a de autoridades, lideran\u00e7as do segmento, empresas e representantes dos diversos elos da cadeia produtiva do agroneg\u00f3cio.<\/p>\n<p>Em parceria in\u00e9dita, Canal Rural e Cotricampo, com sede em Campo Novo (RS), celebram uma alian\u00e7a estrat\u00e9gica na promo\u00e7\u00e3o de uma agenda positiva, capaz de mobilizar e pautar pol\u00edticas p\u00fablicas que estimulem o setor da triticultura. Gelson Bridi, presidente da cooperativa, fala da import\u00e2ncia de se estabelecer palcos permanentes para discuss\u00e3o da cultura \u201cque possam levar o pa\u00eds \u00e0 autossufici\u00eancia ou reduzir a depend\u00eancia do trigo importado.\u201d De acordo com o dirigente, um assunto de interesse de produtor, da ind\u00fastria e do consumidor.<\/p>\n<p>O trigo \u00e9 uma das poucas, ou talvez a \u00fanica cadeia produtiva, dieta b\u00e1sica da popula\u00e7\u00e3o mundial, na qual o Brasil n\u00e3o \u00e9 autossuficiente. A iniciativa \u00e9 uma forma de jogar luz sobre esse tema, t\u00e3o sens\u00edvel ao agroneg\u00f3cio brasileiro, lembra Giovani Ferreira, do Canal Rural. Ele destaca que esse \u00e9 um tema que j\u00e1 demorou para ser enfrentado. \u201cEstamos falando de seguran\u00e7a e abastecimento alimentar, de um pa\u00eds que se apresenta como o celeiro do mundo, mas ainda importa quase a metade do trigo que consome.\u201d<\/p>\n<p>A produ\u00e7\u00e3o estimada para o cereal no ciclo atual \u00e9 de 7,8 milh\u00f5es de toneladas. O recorde foi de 10,5 milh\u00f5es de toneladas na temporada 2021\/22, conforme dados da Companha Nacional de Abastecimento (Conab). O Rio Grande do Sul concentra quase metade da produ\u00e7\u00e3o. Juntos, os tr\u00eas estados do Sul (RS, SC e PR) respondem por 85% da produ\u00e7\u00e3o nacional. O consumo anual no pa\u00eds gira entre 12 e 13 milh\u00f5es de toneladas.<\/p>\n<p><strong><u>Lan\u00e7amento<\/u><\/strong>:<\/p>\n<\/div>\n<div>\n<p>Data: <strong>1\u00ba\/set 2025.<\/strong><\/p>\n<p>Hora: <strong>18h30.<\/strong><\/p>\n<p>Local: <strong>Casa Canal Rural no Parque Assis Brasil<\/strong> \u2013 Em frente a Pista de Julgamentos de Equinos 19. Acesso mais pr\u00f3ximo Port\u00e3o P4.<\/p>\n<p><strong>Servi\u00e7o<\/strong>: A Abertura Nacional da Colheita do Trigo 2025 ser\u00e1 dia 09\/outubro, em Campo Novo, Noroeste do Rio Grande do Sul, no Campo Experimental da Cotricampo, com transmiss\u00e3o ao VIVO e em rede nacional pela TV e Youtube do Canal Rural.<\/p>\n<\/p><\/div>\n<p><br \/>\n<br \/><a href=\"https:\/\/www.canalrural.com.br\/agricultura\/abertura-nacional-da-colheita-do-trigo-sera-lancada-na-expointer-2025\/\">Source link <\/a><\/p>\n","protected":false},"excerpt":{"rendered":"<p>O Canal Rural e a Cooperativa Cotricampo aproveitam o palco da Expointer para apresentar o projeto da Abertura Nacional da<\/p>\n","protected":false},"author":1,"featured_media":19262,"comment_status":"open","ping_status":"open","sticky":false,"template":"","format":"standard","meta":{"_monsterinsights_skip_tracking":false,"_monsterinsights_sitenote_active":false,"_monsterinsights_sitenote_note":"","_monsterinsights_sitenote_category":0,"_uf_show_specific_survey":0,"_uf_disable_surveys":false,"footnotes":""},"categories":[1],"tags":[],"class_list":["post-19261","post","type-post","status-publish","format-standard","has-post-thumbnail","hentry","category-news"],"_links":{"self":[{"href":"https:\/\/agromt.news\/index.php?rest_route=\/wp\/v2\/posts\/19261"}],"collection":[{"href":"https:\/\/agromt.news\/index.php?rest_route=\/wp\/v2\/posts"}],"about":[{"href":"https:\/\/agromt.news\/index.php?rest_route=\/wp\/v2\/types\/post"}],"author":[{"embeddable":true,"href":"https:\/\/agromt.news\/index.php?rest_route=\/wp\/v2\/users\/1"}],"replies":[{"embeddable":true,"href":"https:\/\/agromt.news\/index.php?rest_route=%2Fwp%2Fv2%2Fcomments&post=19261"}],"version-history":[{"count":0,"href":"https:\/\/agromt.news\/index.php?rest_route=\/wp\/v2\/posts\/19261\/revisions"}],"wp:featuredmedia":[{"embeddable":true,"href":"https:\/\/agromt.news\/index.php?rest_route=\/wp\/v2\/media\/19262"}],"wp:attachment":[{"href":"https:\/\/agromt.news\/index.php?rest_route=%2Fwp%2Fv2%2Fmedia&parent=19261"}],"wp:term":[{"taxonomy":"category","embeddable":true,"href":"https:\/\/agromt.news\/index.php?rest_route=%2Fwp%2Fv2%2Fcategories&post=19261"},{"taxonomy":"post_tag","embeddable":true,"href":"https:\/\/agromt.news\/index.php?rest_route=%2Fwp%2Fv2%2Ftags&post=19261"}],"curies":[{"name":"wp","href":"https:\/\/api.w.org\/{rel}","templated":true}]}}