{"id":19257,"date":"2025-08-27T15:03:18","date_gmt":"2025-08-27T19:03:18","guid":{"rendered":"https:\/\/agromt.news\/?p=19257"},"modified":"2025-08-27T15:03:18","modified_gmt":"2025-08-27T19:03:18","slug":"pecuaria-na-cop-30-brasil-pode-liderar-mas-precisa-defender-produtor","status":"publish","type":"post","link":"https:\/\/agromt.news\/?p=19257","title":{"rendered":"Pecu\u00e1ria na COP 30: Brasil pode liderar, mas precisa defender produtor"},"content":{"rendered":"<p> <br \/>\n<\/p>\n<div>\n<p>Pecuaristas, a sustentabilidade n\u00e3o \u00e9 mais um conceito \u00e0 parte da economia, mas sim um fator central que pode gerar renda e um diferencial competitivo. Com a proximidade da <strong>COP 30<\/strong>, a maior confer\u00eancia clim\u00e1tica do planeta, o Brasil se prepara para receber o mundo em Bel\u00e9m, no <strong>estado do Par\u00e1<\/strong>, e a agropecu\u00e1ria tem um papel fundamental nessa discuss\u00e3o. Assista ao v\u00eddeo e confira esta incr\u00edvel conversa.<\/p>\n<figure class=\"wp-block-embed is-type-video is-provider-youtube wp-block-embed-youtube wp-embed-aspect-16-9 wp-has-aspect-ratio\">\n<p>\n<iframe title=\"COP 30: \u201cQUEM PRODUZ BEM FEITO TENDE A GANHAR E N\u00c3O SER\u00c1 INJUSTAMENTE ATACADO\u201d, ALERTA ESPECIALISTA\" width=\"800\" height=\"450\" src=\"https:\/\/www.youtube.com\/embed\/poPmDevNDLI?feature=oembed\" frameborder=\"0\" allow=\"accelerometer; autoplay; clipboard-write; encrypted-media; gyroscope; picture-in-picture; web-share\" referrerpolicy=\"strict-origin-when-cross-origin\" allowfullscreen><\/iframe>\n<\/p>\n<\/figure>\n<p>O advogado com doutorado em Harvard e professor da FGV <strong>Daniel Vargas<\/strong>, em entrevista ao <strong>Giro do Boi<\/strong>, analisou o cen\u00e1rio e as expectativas para a <a href=\"https:\/\/girodoboi.canalrural.com.br\/tag\/cop-30\/\"><strong>COP 30<\/strong><\/a>.<\/p>\n<p>Ele alerta para <a href=\"https:\/\/girodoboi.canalrural.com.br\/pecuaria\/legislacao-e-compliance\/cop-30-quem-produz-bem-feito-tende-a-ganhar-e-nao-sera-injustamente-atacado-alerta-especialista\/\">o risco de o setor ser punido de forma indevida e injusta por um conjunto de problemas que n\u00e3o s\u00e3o de sua responsabilidade<\/a>, e a necessidade de o Brasil se posicionar de forma mais estrat\u00e9gica na agenda clim\u00e1tica.<\/p>\n<figure class=\"wp-block-image size-large\"><img fetchpriority=\"high\" decoding=\"async\" width=\"1024\" height=\"576\" src=\"https:\/\/agromt.news\/wp-content\/uploads\/2025\/08\/Pecuaria-na-COP-30-Brasil-pode-liderar-mas-precisa-defender.jpg\" alt=\"\" class=\"wp-image-4119432\"  \/><figcaption class=\"wp-element-caption\">Foto: Divulga\u00e7\u00e3o<\/figcaption><\/figure>\n<p>Daniel Vargas se mostra preocupado com a forma como o Brasil tem assumido seus compromissos internacionais.<\/p>\n<p>Na proposta atual do <strong>Plano Clima<\/strong>, o pa\u00eds se compromete a cortar as <a href=\"https:\/\/girodoboi.canalrural.com.br\/pecuaria\/tecnologia-e-inovacao\/brasil-lanca-calculadora-para-monitorar-emissoes-de-metano-na-pecuaria\/\">emiss\u00f5es<\/a> em at\u00e9 <strong>67% nos pr\u00f3ximos 10 anos<\/strong>, e a agricultura e a pecu\u00e1ria, como principal setor da economia, ter\u00e3o que reduzir em at\u00e9 <strong>54% as suas emiss\u00f5es<\/strong>.<\/p>\n<p>O especialista considera essa distribui\u00e7\u00e3o injusta, pois:<\/p>\n<ul class=\"wp-block-list\">\n<li><strong>Culpa por desmatamento:<\/strong> Cerca de <strong>70% do desmatamento \u00e9 atribu\u00eddo ao propriet\u00e1rio privado<\/strong>, o que, segundo ele, \u00e9 um diagn\u00f3stico equivocado e que n\u00e3o leva em conta a complexidade do problema.<\/li>\n<li><strong>Virtudes ocultas:<\/strong> Os m\u00e9ritos da agropecu\u00e1ria, como o <strong>sequestro de carbono<\/strong> pelas pastagens, a recupera\u00e7\u00e3o de \u00e1reas degradadas e a produtividade que reduz o tempo de emiss\u00e3o de gases de efeito estufa, n\u00e3o s\u00e3o levados em conta na conta final.<\/li>\n<li><strong>Aumento da conta:<\/strong> Os defeitos s\u00e3o magnificados, enquanto as virtudes s\u00e3o ocultadas, o que pode levar a um desequil\u00edbrio na atribui\u00e7\u00e3o de responsabilidades.<\/li>\n<\/ul>\n<p>Para Vargas, essa estrutura pode acabar punindo o produtor rural, que \u00e9 a base da soberania alimentar e um setor estrat\u00e9gico do pa\u00eds.<\/p>\n<\/div>\n<div>\n<p>Ele ressalta que pa\u00edses como os da Europa, que historicamente s\u00e3o os maiores respons\u00e1veis por emiss\u00f5es, n\u00e3o est\u00e3o sequer anunciando suas metas de corte de emiss\u00f5es de forma clara.<\/p>\n<h2 class=\"wp-block-heading\" id=\"h-a-estrategia-do-brasil-na-cop-30\">A estrat\u00e9gia do Brasil na COP 30<\/h2>\n<figure class=\"wp-block-image size-large\"><img decoding=\"async\" width=\"1024\" height=\"576\" src=\"https:\/\/agromt.news\/wp-content\/uploads\/2025\/08\/1756321398_469_Pecuaria-na-COP-30-Brasil-pode-liderar-mas-precisa-defender.jpg\" alt=\"\" class=\"wp-image-4119434\"  \/><figcaption class=\"wp-element-caption\">Foto: Divulga\u00e7\u00e3o\/CNA<\/figcaption><\/figure>\n<p>Apesar dos desafios, Daniel Vargas v\u00ea uma oportunidade \u00fanica para o Brasil. A sa\u00edda de grandes emissores das negocia\u00e7\u00f5es internacionais, como os Estados Unidos, deixou um v\u00e1cuo de lideran\u00e7a. O Brasil pode e deve ocupar esse espa\u00e7o, com uma estrat\u00e9gia clara e propositiva:<\/p>\n<ul class=\"wp-block-list\">\n<li><strong>Tropicalizar as m\u00e9tricas:<\/strong> \u00c9 necess\u00e1rio discutir os par\u00e2metros de c\u00e1lculo da sustentabilidade, para que os crit\u00e9rios, criados com base em realidades de outros pa\u00edses, se adaptem \u00e0 realidade brasileira e de outros pa\u00edses tropicais.<\/li>\n<li><strong>Negocia\u00e7\u00e3o interna:<\/strong> \u00c9 preciso organizar a transi\u00e7\u00e3o para o futuro com as lideran\u00e7as nacionais, para acentuar a capacidade de produzir mais, crescer e gerar benef\u00edcios ambientais.<\/li>\n<li><strong>Diplomacia engajada:<\/strong> O Brasil n\u00e3o deve apenas repercutir uma agenda de fora, mas criar a sua pr\u00f3pria, que represente os produtores de alimentos da Am\u00e9rica Latina, \u00c1frica e \u00c1sia.<\/li>\n<\/ul>\n<h2 class=\"wp-block-heading\" id=\"h-o-mercado-de-carbono-e-a-valorizacao-do-produtor\">O mercado de carbono e a valoriza\u00e7\u00e3o do produtor<\/h2>\n<figure class=\"wp-block-image size-large\"><img decoding=\"async\" width=\"1024\" height=\"576\" src=\"https:\/\/agromt.news\/wp-content\/uploads\/2025\/08\/1756321398_133_Pecuaria-na-COP-30-Brasil-pode-liderar-mas-precisa-defender.jpg\" alt=\"\" class=\"wp-image-4119433\"  \/><figcaption class=\"wp-element-caption\">Foto: Reprodu\u00e7\u00e3o\/Nelore Vera Cruz<\/figcaption><\/figure>\n<p>O mercado de carbono, mesmo em baixa no momento, tende a crescer. Se for bem organizado, pode dar valor aos <a href=\"https:\/\/girodoboi.canalrural.com.br\/pecuaria\/servicos-ambientais-ajudam-produtor-a-extrair-potencial-maximo-de-sua-fazenda\/\">servi\u00e7os ambientais<\/a> prestados pelo produtor rural, como a <a href=\"https:\/\/girodoboi.canalrural.com.br\/pecuaria\/qual-a-diferenca-entre-app-e-reserva-legal-posso-fazer-calculo-conjunto-das-areas\/\"><strong>reserva legal<\/strong><\/a> e o sequestro de carbono pelas pastagens.<\/p>\n<p>Vargas \u00e9 otimista, pois acredita que \u00e0 medida que o debate se torna mais transparente, as virtudes do Brasil tendem a ganhar mais relev\u00e2ncia.<\/p>\n<p>O produtor rural brasileiro, que j\u00e1 vence \u201cdentro da porteira\u201d, precisa mostrar que sua produ\u00e7\u00e3o \u00e9 feita com respeito \u00e0 floresta, ao bem-estar animal e ao meio ambiente.<\/p>\n<p>Para o especialista, o que se espera \u00e9 que a mensagem do Brasil na <strong>COP 30<\/strong> seja a favor da produ\u00e7\u00e3o sustent\u00e1vel, inclusiva e competitiva, para que quem produz bem feito, possa ganhar, ou ao menos, n\u00e3o ser injustamente atacado.<\/p>\n<\/p><\/div>\n<p><br \/>\n<br \/><a href=\"https:\/\/www.canalrural.com.br\/pecuaria\/pecuaria-na-cop-30-brasil-pode-liderar-mas-precisa-defender-produtor\/\">Source link <\/a><\/p>\n","protected":false},"excerpt":{"rendered":"<p>Pecuaristas, a sustentabilidade n\u00e3o \u00e9 mais um conceito \u00e0 parte da economia, mas sim um fator central que pode gerar<\/p>\n","protected":false},"author":1,"featured_media":19258,"comment_status":"open","ping_status":"open","sticky":false,"template":"","format":"standard","meta":{"_monsterinsights_skip_tracking":false,"_monsterinsights_sitenote_active":false,"_monsterinsights_sitenote_note":"","_monsterinsights_sitenote_category":0,"_uf_show_specific_survey":0,"_uf_disable_surveys":false,"footnotes":""},"categories":[1],"tags":[],"class_list":["post-19257","post","type-post","status-publish","format-standard","has-post-thumbnail","hentry","category-news"],"_links":{"self":[{"href":"https:\/\/agromt.news\/index.php?rest_route=\/wp\/v2\/posts\/19257"}],"collection":[{"href":"https:\/\/agromt.news\/index.php?rest_route=\/wp\/v2\/posts"}],"about":[{"href":"https:\/\/agromt.news\/index.php?rest_route=\/wp\/v2\/types\/post"}],"author":[{"embeddable":true,"href":"https:\/\/agromt.news\/index.php?rest_route=\/wp\/v2\/users\/1"}],"replies":[{"embeddable":true,"href":"https:\/\/agromt.news\/index.php?rest_route=%2Fwp%2Fv2%2Fcomments&post=19257"}],"version-history":[{"count":0,"href":"https:\/\/agromt.news\/index.php?rest_route=\/wp\/v2\/posts\/19257\/revisions"}],"wp:featuredmedia":[{"embeddable":true,"href":"https:\/\/agromt.news\/index.php?rest_route=\/wp\/v2\/media\/19258"}],"wp:attachment":[{"href":"https:\/\/agromt.news\/index.php?rest_route=%2Fwp%2Fv2%2Fmedia&parent=19257"}],"wp:term":[{"taxonomy":"category","embeddable":true,"href":"https:\/\/agromt.news\/index.php?rest_route=%2Fwp%2Fv2%2Fcategories&post=19257"},{"taxonomy":"post_tag","embeddable":true,"href":"https:\/\/agromt.news\/index.php?rest_route=%2Fwp%2Fv2%2Ftags&post=19257"}],"curies":[{"name":"wp","href":"https:\/\/api.w.org\/{rel}","templated":true}]}}