{"id":19254,"date":"2025-08-27T14:07:00","date_gmt":"2025-08-27T18:07:00","guid":{"rendered":"https:\/\/agromt.news\/?p=19254"},"modified":"2025-08-27T14:07:00","modified_gmt":"2025-08-27T18:07:00","slug":"ninguem-pode-punir-o-produtor-de-soja-dentro-da-legalidade-afirma-o-presidente-da-aprosoja-mt","status":"publish","type":"post","link":"https:\/\/agromt.news\/?p=19254","title":{"rendered":"&#8216;Ningu\u00e9m pode punir o produtor de soja dentro da legalidade&#8217;, afirma o presidente da Aprosoja MT"},"content":{"rendered":"<p> <br \/>\n<br \/><img decoding=\"async\" src=\"https:\/\/agromt.news\/wp-content\/uploads\/2025\/08\/Ninguem-pode-punir-o-produtor-de-soja-dentro-da-legalidade.jpg\" \/><\/p>\n<div>\n<p><a href=\"https:\/\/www.youtube.com\/@CanalruralBr\"\/>Ap\u00f3s a Justi\u00e7a conceder liminar que suspende o impedimento da Morat\u00f3ria da Soja na \u00faltima segunda-feira (25), os <a href=\"https:\/\/www.canalrural.com.br\/agricultura\/projeto-soja-brasil\/quantos-produtores-trabalham-dentro-da-lei-e-nao-conseguem-comercializar-a-soja-questiona-sojicultor-de-sinop\/\">desdobramentos no setor continuam<\/a>. O presidente da Aprosoja MT, Lucas Costa Beber, afirmou: \u201dNingu\u00e9m pode criar cartel \u00e0 margem da lei. Ningu\u00e9m pode fechar mercado e punir quem est\u00e1 na legalidade e respeita o C\u00f3digo Florestal.\u201d<\/p>\n<p><iframe title=\"&#039;Acabar com a Morat\u00f3ria da Soja significa legalidade e sustentabilidade juntas&#039;, diz Aprosoja MT\" width=\"800\" height=\"450\" src=\"https:\/\/www.youtube.com\/embed\/ylv1ArsIRjA?feature=oembed\" frameborder=\"0\" allow=\"accelerometer; autoplay; clipboard-write; encrypted-media; gyroscope; picture-in-picture; web-share\" referrerpolicy=\"strict-origin-when-cross-origin\" allowfullscreen><\/iframe><noscript><iframe title=\"&#039;Acabar com a Morat\u00f3ria da Soja significa legalidade e sustentabilidade juntas&#039;, diz Aprosoja MT\" width=\"800\" height=\"450\" src=\"https:\/\/www.youtube.com\/embed\/ylv1ArsIRjA?feature=oembed\" frameborder=\"0\" allow=\"accelerometer; autoplay; clipboard-write; encrypted-media; gyroscope; picture-in-picture; web-share\" referrerpolicy=\"strict-origin-when-cross-origin\" allowfullscreen><\/iframe><\/noscript><\/p>\n<ul class=\"wp-block-list\">\n<li><strong><em>Fique por dentro das novidades e not\u00edcias recentes sobre a soja! Participe da nossa comunidade atrav\u00e9s do\u00a0<a href=\"https:\/\/chat.whatsapp.com\/BmMRwA0TZ2DHGyhzoaVEWu\">link<\/a>! \ud83c\udf31<\/em><\/strong><\/li>\n<\/ul>\n<p>Beber refor\u00e7ou que a associa\u00e7\u00e3o respeita a <a href=\"https:\/\/www.canalrural.com.br\/?s=Morat%C3%B3ria+da+Soja\">liminar concedida<\/a>. No entanto, a Aprosoja MT confia que o colegiado do Cade manter\u00e1 a decis\u00e3o de suspender preventivamente a Morat\u00f3ria da Soja, diante dos efeitos que o acordo tem causado \u00e0 livre iniciativa dos produtores.<\/p>\n<\/div>\n<div>\n<p>\u201cEste \u00e9 um acordo privado vigente h\u00e1 20 anos que pune e restringe produtores que est\u00e3o dentro da legalidade e da legisla\u00e7\u00e3o ambiental brasileira, considerada uma das mais restritivas do mundo. Ele retira a liberdade e o direito \u00e0 gest\u00e3o democr\u00e1tica da terra\u201d, destacou Beber.<\/p>\n<h2 class=\"wp-block-heading\" id=\"h-compromisso-ambiental-dos-produtores-de-soja\">Compromisso ambiental dos produtores de soja<\/h2>\n<p>Para o presidente, acabar com a Morat\u00f3ria da Soja \u00e9 reafirmar que legalidade e sustentabilidade andam juntas. \u201cO produtor segue o C\u00f3digo Florestal, \u00e1reas de preserva\u00e7\u00e3o permanente, matas ciliares e reservas florestais dentro da propriedade. Isso demonstra nosso compromisso com o meio ambiente\u201d, explicou.<\/p>\n<p>A Aprosoja MT concluiu que seguir\u00e1 atuando para encerrar definitivamente a Morat\u00f3ria da Soja, preservando a livre iniciativa, a liberdade econ\u00f4mica e o direito de uso da terra dos produtores. \u201cNenhum acordo privado tem mais poder que o nosso Congresso Nacional e a nossa legisla\u00e7\u00e3o\u201d, finalizou Beber.<\/p>\n<\/p><\/div>\n<p><br \/>\n<br \/><a href=\"https:\/\/www.canalrural.com.br\/agricultura\/projeto-soja-brasil\/ninguem-pode-punir-o-produtor-de-soja-dentro-da-legalidade-afirma-o-presidente-da-aprosoja-mt\/\">Source link <\/a><\/p>\n","protected":false},"excerpt":{"rendered":"<p>Ap\u00f3s a Justi\u00e7a conceder liminar que suspende o impedimento da Morat\u00f3ria da Soja na \u00faltima segunda-feira (25), os desdobramentos no<\/p>\n","protected":false},"author":1,"featured_media":19255,"comment_status":"open","ping_status":"open","sticky":false,"template":"","format":"standard","meta":{"_monsterinsights_skip_tracking":false,"_monsterinsights_sitenote_active":false,"_monsterinsights_sitenote_note":"","_monsterinsights_sitenote_category":0,"_uf_show_specific_survey":0,"_uf_disable_surveys":false,"footnotes":""},"categories":[1],"tags":[],"class_list":["post-19254","post","type-post","status-publish","format-standard","has-post-thumbnail","hentry","category-news"],"_links":{"self":[{"href":"https:\/\/agromt.news\/index.php?rest_route=\/wp\/v2\/posts\/19254"}],"collection":[{"href":"https:\/\/agromt.news\/index.php?rest_route=\/wp\/v2\/posts"}],"about":[{"href":"https:\/\/agromt.news\/index.php?rest_route=\/wp\/v2\/types\/post"}],"author":[{"embeddable":true,"href":"https:\/\/agromt.news\/index.php?rest_route=\/wp\/v2\/users\/1"}],"replies":[{"embeddable":true,"href":"https:\/\/agromt.news\/index.php?rest_route=%2Fwp%2Fv2%2Fcomments&post=19254"}],"version-history":[{"count":0,"href":"https:\/\/agromt.news\/index.php?rest_route=\/wp\/v2\/posts\/19254\/revisions"}],"wp:featuredmedia":[{"embeddable":true,"href":"https:\/\/agromt.news\/index.php?rest_route=\/wp\/v2\/media\/19255"}],"wp:attachment":[{"href":"https:\/\/agromt.news\/index.php?rest_route=%2Fwp%2Fv2%2Fmedia&parent=19254"}],"wp:term":[{"taxonomy":"category","embeddable":true,"href":"https:\/\/agromt.news\/index.php?rest_route=%2Fwp%2Fv2%2Fcategories&post=19254"},{"taxonomy":"post_tag","embeddable":true,"href":"https:\/\/agromt.news\/index.php?rest_route=%2Fwp%2Fv2%2Ftags&post=19254"}],"curies":[{"name":"wp","href":"https:\/\/api.w.org\/{rel}","templated":true}]}}