{"id":19250,"date":"2025-08-27T11:06:20","date_gmt":"2025-08-27T15:06:20","guid":{"rendered":"https:\/\/agromt.news\/?p=19250"},"modified":"2025-08-27T11:06:20","modified_gmt":"2025-08-27T15:06:20","slug":"ciencia-e-produtores-do-pampa-se-unem-pela-sustentabilidade-na-pecuaria","status":"publish","type":"post","link":"https:\/\/agromt.news\/?p=19250","title":{"rendered":"Ci\u00eancia e produtores do Pampa se unem pela sustentabilidade na pecu\u00e1ria"},"content":{"rendered":"<p> <br \/>\n<\/p>\n<div>\n<p>A busca pela <strong>sustentabilidade na pecu\u00e1ria<\/strong> ganha for\u00e7a no bioma Pampa, onde ci\u00eancia e produtores trabalham lado a lado para reduzir o impacto ambiental da atividade. Pesquisas conduzidas pela <strong>Embrapa Pecu\u00e1ria Sul (RS)<\/strong> mostram que a sele\u00e7\u00e3o gen\u00e9tica e o manejo adequado das pastagens podem diminuir de forma significativa a emiss\u00e3o de metano, um dos principais gases de efeito estufa da pecu\u00e1ria.<\/p>\n<p>As <strong>Provas de Emiss\u00f5es de Gases (PEG)<\/strong> j\u00e1 avaliaram mais de 150 reprodutores de ra\u00e7as como Angus, Charol\u00eas, Hereford e Braford. O objetivo \u00e9 identificar animais mais eficientes na convers\u00e3o alimentar e com menor produ\u00e7\u00e3o de metano, caracter\u00edsticas que podem ser incorporadas aos programas de melhoramento gen\u00e9tico.<\/p>\n<p>De acordo com a pesquisadora <strong>Cristina Genro<\/strong>, os resultados trazem perspectivas positivas:<\/p>\n<blockquote class=\"wp-block-quote is-layout-flow wp-block-quote-is-layout-flow\">\n<p>\u201cSe pensarmos nessa caracter\u00edstica espalhada por milh\u00f5es de animais, a redu\u00e7\u00e3o da emiss\u00e3o de metano pode ser extremamente significativa\u201d, afirma.<\/p>\n<\/blockquote>\n<hr class=\"wp-block-separator has-alpha-channel-opacity\"\/>\n<h2 class=\"wp-block-heading\" id=\"h-compromissos-globais-e-avancos-tecnologicos\">Compromissos globais e avan\u00e7os tecnol\u00f3gicos<\/h2>\n<p>O Brasil assumiu na <strong>COP26<\/strong>, realizada em 2021, o compromisso de reduzir emiss\u00f5es de metano. Nesse contexto, os trabalhos da Embrapa ganham relev\u00e2ncia estrat\u00e9gica.<\/p>\n<figure class=\"wp-block-image\"><img fetchpriority=\"high\" decoding=\"async\" width=\"1320\" height=\"768\" alt=\"Pecu\u00e1ria no Pampa aposta em ci\u00eancia para reduzir metano na pecu\u00e1ria\" class=\"wp-image-4119410\"  data-lazy- src=\"https:\/\/agromt.news\/wp-content\/uploads\/2025\/08\/Ciencia-e-produtores-do-Pampa-se-unem-pela-sustentabilidade-na.jpg\"\/><img decoding=\"async\" width=\"1320\" height=\"768\" src=\"https:\/\/agromt.news\/wp-content\/uploads\/2025\/08\/Ciencia-e-produtores-do-Pampa-se-unem-pela-sustentabilidade-na.jpg\" alt=\"Pecu\u00e1ria no Pampa aposta em ci\u00eancia para reduzir metano na pecu\u00e1ria\" class=\"wp-image-4119410\"  \/><figcaption class=\"wp-element-caption\">FOTO: Divulga\u00e7\u00e3o l Felipe Rosa<\/figcaption><\/figure>\n<p>Para ampliar a escala das pesquisas, a unidade adquiriu o <strong>GreenFeed<\/strong>, equipamento que mede individualmente e de forma cont\u00ednua as emiss\u00f5es de metano em bovinos. A tecnologia permitir\u00e1 monitorar at\u00e9 100 animais ao mesmo tempo e consolidar dados que servir\u00e3o de base para \u00edndices gen\u00e9ticos aplicados \u00e0 pecu\u00e1ria.<\/p>\n<\/div>\n<div>\n<hr class=\"wp-block-separator has-alpha-channel-opacity\"\/>\n<h2 class=\"wp-block-heading\" id=\"h-manejo-de-pastagens-como-aliado-do-produtor\">Manejo de pastagens como aliado do produtor<\/h2>\n<p>Al\u00e9m da gen\u00e9tica, o manejo de pastagens tamb\u00e9m se destaca como ferramenta essencial para reduzir emiss\u00f5es. Estudos realizados no Pampa indicam que animais em altura ideal de pastejo chegaram a emitir <strong>30% menos metano<\/strong> do que os \u00edndices de refer\u00eancia do IPCC.<\/p>\n<p>O controle da lota\u00e7\u00e3o animal por hectare e o uso de esp\u00e9cies forrageiras adaptadas contribuem para manter o solo mais f\u00e9rtil, com maior ac\u00famulo de carbono, ampliando os ganhos ambientais e produtivos.<\/p>\n<figure class=\"wp-block-image\"><img decoding=\"async\" width=\"1320\" height=\"768\" alt=\"Sustentabilidade no manejo de pastagem\" class=\"wp-image-4119411\"  data-lazy- src=\"https:\/\/agromt.news\/wp-content\/uploads\/2025\/08\/1756307180_819_Ciencia-e-produtores-do-Pampa-se-unem-pela-sustentabilidade-na.jpg\"\/><img loading=\"lazy\" decoding=\"async\" width=\"1320\" height=\"768\" src=\"https:\/\/agromt.news\/wp-content\/uploads\/2025\/08\/1756307180_819_Ciencia-e-produtores-do-Pampa-se-unem-pela-sustentabilidade-na.jpg\" alt=\"Sustentabilidade no manejo de pastagem\" class=\"wp-image-4119411\"  \/><figcaption class=\"wp-element-caption\">FOTO: Divulga\u00e7\u00e3o l Felipe Rosa<\/figcaption><\/figure>\n<hr class=\"wp-block-separator has-alpha-channel-opacity\"\/>\n<h2 class=\"wp-block-heading\" id=\"h-sustentabilidade-e-valorizacao-de-mercado\">Sustentabilidade e valoriza\u00e7\u00e3o de mercado<\/h2>\n<p>As pesquisas integram iniciativas da Embrapa j\u00e1 reconhecidas, como a <strong>Carne Carbono Neutro (CCN)<\/strong>, a <strong>Carne Baixo Carbono (CBC)<\/strong> e o <strong>Carbono Nativo (CN)<\/strong>. O objetivo \u00e9 oferecer ao mercado uma carne com diferencial ambiental, alinhada \u00e0 crescente demanda por sustentabilidade.<\/p>\n<p>Segundo Cristina Genro, o potencial de mitiga\u00e7\u00e3o das emiss\u00f5es pode chegar a <strong>38% com melhoramento gen\u00e9tico<\/strong>, <strong>20% com dietas balanceadas<\/strong> e <strong>35% com manejo adequado de pastagens<\/strong>.<\/p>\n<blockquote class=\"wp-block-quote is-layout-flow wp-block-quote-is-layout-flow\">\n<p>\u201cTudo isso contribui para uma pecu\u00e1ria mais sustent\u00e1vel e para a valoriza\u00e7\u00e3o da carne brasileira nos mercados interno e externo\u201d, destaca.<\/p>\n<\/blockquote><\/div>\n<p><br \/>\n<br \/><a href=\"https:\/\/www.canalrural.com.br\/pecuaria\/ciencia-produtores-pampa-sustentabilidade-na-pecuaria\/\">Source link <\/a><\/p>\n","protected":false},"excerpt":{"rendered":"<p>A busca pela sustentabilidade na pecu\u00e1ria ganha for\u00e7a no bioma Pampa, onde ci\u00eancia e produtores trabalham lado a lado para<\/p>\n","protected":false},"author":1,"featured_media":19251,"comment_status":"open","ping_status":"open","sticky":false,"template":"","format":"standard","meta":{"_monsterinsights_skip_tracking":false,"_monsterinsights_sitenote_active":false,"_monsterinsights_sitenote_note":"","_monsterinsights_sitenote_category":0,"_uf_show_specific_survey":0,"_uf_disable_surveys":false,"footnotes":""},"categories":[1],"tags":[],"class_list":["post-19250","post","type-post","status-publish","format-standard","has-post-thumbnail","hentry","category-news"],"_links":{"self":[{"href":"https:\/\/agromt.news\/index.php?rest_route=\/wp\/v2\/posts\/19250"}],"collection":[{"href":"https:\/\/agromt.news\/index.php?rest_route=\/wp\/v2\/posts"}],"about":[{"href":"https:\/\/agromt.news\/index.php?rest_route=\/wp\/v2\/types\/post"}],"author":[{"embeddable":true,"href":"https:\/\/agromt.news\/index.php?rest_route=\/wp\/v2\/users\/1"}],"replies":[{"embeddable":true,"href":"https:\/\/agromt.news\/index.php?rest_route=%2Fwp%2Fv2%2Fcomments&post=19250"}],"version-history":[{"count":0,"href":"https:\/\/agromt.news\/index.php?rest_route=\/wp\/v2\/posts\/19250\/revisions"}],"wp:featuredmedia":[{"embeddable":true,"href":"https:\/\/agromt.news\/index.php?rest_route=\/wp\/v2\/media\/19251"}],"wp:attachment":[{"href":"https:\/\/agromt.news\/index.php?rest_route=%2Fwp%2Fv2%2Fmedia&parent=19250"}],"wp:term":[{"taxonomy":"category","embeddable":true,"href":"https:\/\/agromt.news\/index.php?rest_route=%2Fwp%2Fv2%2Fcategories&post=19250"},{"taxonomy":"post_tag","embeddable":true,"href":"https:\/\/agromt.news\/index.php?rest_route=%2Fwp%2Fv2%2Ftags&post=19250"}],"curies":[{"name":"wp","href":"https:\/\/api.w.org\/{rel}","templated":true}]}}