{"id":19247,"date":"2025-08-27T10:52:01","date_gmt":"2025-08-27T14:52:01","guid":{"rendered":"https:\/\/agromt.news\/?p=19247"},"modified":"2025-08-27T10:52:01","modified_gmt":"2025-08-27T14:52:01","slug":"credito-mantem-ritmo-de-crescimento-elevado-diz-banco-central","status":"publish","type":"post","link":"https:\/\/agromt.news\/?p=19247","title":{"rendered":"Cr\u00e9dito mant\u00e9m ritmo de crescimento elevado, diz Banco Central"},"content":{"rendered":"<p> <br \/>\n<br \/><img decoding=\"async\" src=\"https:\/\/agromt.news\/wp-content\/uploads\/2025\/08\/Credito-mantem-ritmo-de-crescimento-elevado-diz-Banco-Central.jpg\" \/><\/p>\n<div>\n<p>O Comit\u00ea de Estabilidade Financeira (Comef) do Banco Central (BC) destacou nesta quarta-feira (27)  que, ainda que registre desacelera\u00e7\u00e3o na ponta, o cr\u00e9dito amplo segue em ritmo de crescimento elevado, mesmo em um ambiente com taxa b\u00e1sica de juros contracionista e elevado endividamento de fam\u00edlias e empresas.<\/p>\n<p>\u201cOs sinais de desacelera\u00e7\u00e3o do cr\u00e9dito tornaram-se mais evidentes, mas o ritmo de crescimento segue historicamente elevado. Essa desacelera\u00e7\u00e3o era esperada e est\u00e1 alinhada \u00e0s condi\u00e7\u00f5es financeiras mais restritivas e \u00e0 modera\u00e7\u00e3o do crescimento da atividade econ\u00f4mica. No cr\u00e9dito \u00e0s pessoas f\u00edsicas, observa-se desacelera\u00e7\u00e3o em todas as modalidades, exceto no cr\u00e9dito n\u00e3o consignado. Para as pessoas jur\u00eddicas, o crescimento do cr\u00e9dito banc\u00e1rio desacelerou para empresas de todos os portes, exceto para as m\u00e9dias\u201d, registrou a ata publicada nesta quarta-feira (27).<\/p>\n<p><em>Veja em primeira m\u00e3o tudo sobre agricultura, pecu\u00e1ria, economia e previs\u00e3o do tempo:<\/em><a href=\"https:\/\/news.google.com\/publications\/CAAqBwgKMPKZlQswq_mqAw?hl=pt-BR&amp;gl=BR&amp;ceid=BR%3Apt-419\" target=\"_blank\" rel=\"noreferrer noopener\"><em>\u00a0siga o Canal Rural no Google News!<\/em><\/a><\/p>\n<p>Na semana passada, o colegiado manteve o Adicional Contrac\u00edclico de Capital Principal do Brasil em 0%. O ACCPBrasil \u00e9 uma parcela do capital a ser acumulada na expans\u00e3o do ciclo de cr\u00e9dito e consumida em sua contra\u00e7\u00e3o. O instrumento trata o risco sist\u00eamico c\u00edclico do cr\u00e9dito e dos pre\u00e7os dos ativos.<\/p>\n<\/div>\n<div>\n<p>\u201cA materializa\u00e7\u00e3o de risco para micro, pequenas e m\u00e9dias empresas tem aumentado e deve continuar pressionada no curto prazo. Quanto \u00e0s fam\u00edlias, as modalidades de maior risco continuam crescendo em ritmo superior ao das modalidades de menor risco, enquanto os ativos problem\u00e1ticos est\u00e3o em alta, principalmente no cr\u00e9dito rural\u201d, completou o Comef.<\/p>\n<p>O colegiado alerta ainda que o endividamento das fam\u00edlias permanece elevado, com comprometimento de renda em trajet\u00f3ria ascendente. Isso \u00e9 ocasionado pelo n\u00edvel das taxas de juros e pelo aumento da tomada de modalidades mais caras. <\/p>\n<p>\u201cEmbora em desacelera\u00e7\u00e3o pelo segundo trimestre consecutivo, o mercado de capitais segue crescendo em ritmo significativamente superior ao do cr\u00e9dito banc\u00e1rio. Na vis\u00e3o do Comit\u00ea, esse cen\u00e1rio requer cautela e dilig\u00eancia adicionais no mercado de cr\u00e9dito\u201d, completou o documento. <\/p>\n<p>O Comef citou ainda que os fundos de cr\u00e9dito privado mantiveram capta\u00e7\u00e3o l\u00edquida positiva. Na avalia\u00e7\u00e3o dos diretores do BC, a combina\u00e7\u00e3o entre maior demanda por t\u00edtulos de cr\u00e9dito privado e a redu\u00e7\u00e3o na oferta desses instrumentos tem contribu\u00eddo para manter os spreads em n\u00edveis reduzidos. \u201cApesar disso, o mercado segue diferenciando o risco entre os emissores, e os testes de estresse indicam que o risco de liquidez nesses fundos permanece baixo\u201d, acrescentou o colegiado.<\/p>\n<\/p><\/div>\n<p><br \/>\n<br \/><a href=\"https:\/\/www.canalrural.com.br\/economia\/mesmo-em-desaceleracao-credito-amplo-mantem-ritmo-de-crescimento-elevado-diz-comef-do-bc\/\">Source link <\/a><\/p>\n","protected":false},"excerpt":{"rendered":"<p>O Comit\u00ea de Estabilidade Financeira (Comef) do Banco Central (BC) destacou nesta quarta-feira (27) que, ainda que registre desacelera\u00e7\u00e3o na<\/p>\n","protected":false},"author":1,"featured_media":19248,"comment_status":"open","ping_status":"open","sticky":false,"template":"","format":"standard","meta":{"_monsterinsights_skip_tracking":false,"_monsterinsights_sitenote_active":false,"_monsterinsights_sitenote_note":"","_monsterinsights_sitenote_category":0,"_uf_show_specific_survey":0,"_uf_disable_surveys":false,"footnotes":""},"categories":[1],"tags":[],"class_list":["post-19247","post","type-post","status-publish","format-standard","has-post-thumbnail","hentry","category-news"],"_links":{"self":[{"href":"https:\/\/agromt.news\/index.php?rest_route=\/wp\/v2\/posts\/19247"}],"collection":[{"href":"https:\/\/agromt.news\/index.php?rest_route=\/wp\/v2\/posts"}],"about":[{"href":"https:\/\/agromt.news\/index.php?rest_route=\/wp\/v2\/types\/post"}],"author":[{"embeddable":true,"href":"https:\/\/agromt.news\/index.php?rest_route=\/wp\/v2\/users\/1"}],"replies":[{"embeddable":true,"href":"https:\/\/agromt.news\/index.php?rest_route=%2Fwp%2Fv2%2Fcomments&post=19247"}],"version-history":[{"count":0,"href":"https:\/\/agromt.news\/index.php?rest_route=\/wp\/v2\/posts\/19247\/revisions"}],"wp:featuredmedia":[{"embeddable":true,"href":"https:\/\/agromt.news\/index.php?rest_route=\/wp\/v2\/media\/19248"}],"wp:attachment":[{"href":"https:\/\/agromt.news\/index.php?rest_route=%2Fwp%2Fv2%2Fmedia&parent=19247"}],"wp:term":[{"taxonomy":"category","embeddable":true,"href":"https:\/\/agromt.news\/index.php?rest_route=%2Fwp%2Fv2%2Fcategories&post=19247"},{"taxonomy":"post_tag","embeddable":true,"href":"https:\/\/agromt.news\/index.php?rest_route=%2Fwp%2Fv2%2Ftags&post=19247"}],"curies":[{"name":"wp","href":"https:\/\/api.w.org\/{rel}","templated":true}]}}