{"id":19244,"date":"2025-08-27T09:55:57","date_gmt":"2025-08-27T13:55:57","guid":{"rendered":"https:\/\/agromt.news\/?p=19244"},"modified":"2025-08-27T09:55:57","modified_gmt":"2025-08-27T13:55:57","slug":"favaro-alckmin-e-tebet-vao-ao-mexico-em-busca-de-ampliar-exportacoes","status":"publish","type":"post","link":"https:\/\/agromt.news\/?p=19244","title":{"rendered":"Favaro, Alckmin e Tebet v\u00e3o ao M\u00e9xico em busca de ampliar exporta\u00e7\u00f5es"},"content":{"rendered":"<p> <br \/>\n<br \/><img decoding=\"async\" src=\"https:\/\/agromt.news\/wp-content\/uploads\/2025\/08\/Brasil-busca-dialogo-mas-nao-negociara-soberania-afirma-Favaro.jpg\" \/><\/p>\n<div>\n<p>A comitiva formada pelo vice-presidente e ministro do Desenvolvimento, Ind\u00fastria, Com\u00e9rcio e Servi\u00e7os (MDIC), Geraldo Alckmin, o ministro da Agricultura e Pecu\u00e1ria, Carlos F\u00e1varo; a ministra do Planejamento e Or\u00e7amento, Simone Tebet; e a secret\u00e1ria-geral do Minist\u00e9rio das Rela\u00e7\u00f5es Exteriores, Maria Laura iniciam nesta quarta-feira (27) uma agenda de compromissos no M\u00e9xico. O objetivo da viagem \u00e9 a<a href=\"https:\/\/www.canalrural.com.br\/agricultura\/alckmin-aposta-em-ampliar-comercio-com-mexico-agenda-inclui-biocombustiveis-e-visto-eletronico\/\">mpliar a rela\u00e7\u00f5es comerciais entre as duas maiores economias da Am\u00e9rica Latina<\/a>.<\/p>\n<p>Os ministros devem se encontrar a presidente do M\u00e9xico, Claudia Sheinbaum, no Pal\u00e1cio Nacional, na quinta-feira (28).<\/p>\n<p>\u201cO M\u00e9xico \u00e9 um parceiro importante para o Brasil. Esta visita \u00e9 uma oportunidade estrat\u00e9gica para aprofundarmos nosso di\u00e1logo pol\u00edtico e, principalmente, para abrirmos novas frentes de com\u00e9rcio e investimento que gerar\u00e3o prosperidade para nossos povos\u201d, avalia o vice-presidente.<\/p>\n<p><em>Veja em primeira m\u00e3o tudo sobre agricultura, pecu\u00e1ria, economia e previs\u00e3o do tempo:<\/em><a href=\"https:\/\/news.google.com\/publications\/CAAqBwgKMPKZlQswq_mqAw?hl=pt-BR&amp;gl=BR&amp;ceid=BR%3Apt-419\" target=\"_blank\" rel=\"noreferrer noopener\"><em>\u00a0siga o Canal Rural no Google News!<\/em><\/a><\/p>\n<\/div>\n<div>\n<p>\u201cVamos nos reunir com o governo e com o setor privado para destravar oportunidades em \u00e1reas como ind\u00fastria, agroneg\u00f3cio e sa\u00fade, fortalecendo a integra\u00e7\u00e3o produtiva regional\u201d, afirma Alckmin, que lidera a miss\u00e3o.<\/p>\n<p>F\u00e1varo ressaltou as oportunidades para o agroneg\u00f3cio brasileiro. \u201cO presidente Lula tem determina\u00e7\u00e3o em manter boas rela\u00e7\u00f5es diplom\u00e1ticas e ampliar a diversifica\u00e7\u00e3o dos nossos mercados. Brasil e M\u00e9xico v\u00eam estreitando cada vez mais essa parceria, como ocorreu com a t\u00e3o aguardada abertura do mercado de carne bovina para exporta\u00e7\u00e3o. Nosso objetivo \u00e9 fortalecer ainda mais essa rela\u00e7\u00e3o\u201d, afirmou F\u00e1varo.<\/p>\n<h2 class=\"wp-block-heading\" id=\"h-comercio-bilateral\">Com\u00e9rcio Bilateral<\/h2>\n<p>Em 2024, a corrente de com\u00e9rcio entre Brasil e M\u00e9xico somou US$ 13,6 bilh\u00f5es. As exporta\u00e7\u00f5es brasileiras totalizaram US$ 7,8 bilh\u00f5es, com destaques para as vendas de ve\u00edculos autom\u00f3veis de passageiros (US$ 715,4 milh\u00f5es), carnes de aves e suas miudezas (US$ 563,7 mi) e ve\u00edculos para transporte de mercadorias (US$ 507 mi).<\/p>\n<p>J\u00e1 as importa\u00e7\u00f5es de produtos mexicanos em 2024 totalizaram US$ 5,8 bilh\u00f5es, com destaques para partes e acess\u00f3rios de ve\u00edculos automotivos (US$ 849 milh\u00f5es), ve\u00edculos autom\u00f3veis de passageiros (US$ 757,8 milh\u00f5es) e ve\u00edculos autom\u00f3veis para transporte de mercadorias (US$ 264,2 milh\u00f5es).<\/p>\n<\/p><\/div>\n<p><br \/>\n<br \/><a href=\"https:\/\/www.canalrural.com.br\/nacional\/favaro-alckmin-e-tebet-vao-ao-mexico-em-busca-de-ampliar-exportacoes\/\">Source link <\/a><\/p>\n","protected":false},"excerpt":{"rendered":"<p>A comitiva formada pelo vice-presidente e ministro do Desenvolvimento, Ind\u00fastria, Com\u00e9rcio e Servi\u00e7os (MDIC), Geraldo Alckmin, o ministro da Agricultura<\/p>\n","protected":false},"author":1,"featured_media":18613,"comment_status":"open","ping_status":"open","sticky":false,"template":"","format":"standard","meta":{"_monsterinsights_skip_tracking":false,"_monsterinsights_sitenote_active":false,"_monsterinsights_sitenote_note":"","_monsterinsights_sitenote_category":0,"_uf_show_specific_survey":0,"_uf_disable_surveys":false,"footnotes":""},"categories":[1],"tags":[],"class_list":["post-19244","post","type-post","status-publish","format-standard","has-post-thumbnail","hentry","category-news"],"_links":{"self":[{"href":"https:\/\/agromt.news\/index.php?rest_route=\/wp\/v2\/posts\/19244"}],"collection":[{"href":"https:\/\/agromt.news\/index.php?rest_route=\/wp\/v2\/posts"}],"about":[{"href":"https:\/\/agromt.news\/index.php?rest_route=\/wp\/v2\/types\/post"}],"author":[{"embeddable":true,"href":"https:\/\/agromt.news\/index.php?rest_route=\/wp\/v2\/users\/1"}],"replies":[{"embeddable":true,"href":"https:\/\/agromt.news\/index.php?rest_route=%2Fwp%2Fv2%2Fcomments&post=19244"}],"version-history":[{"count":0,"href":"https:\/\/agromt.news\/index.php?rest_route=\/wp\/v2\/posts\/19244\/revisions"}],"wp:featuredmedia":[{"embeddable":true,"href":"https:\/\/agromt.news\/index.php?rest_route=\/wp\/v2\/media\/18613"}],"wp:attachment":[{"href":"https:\/\/agromt.news\/index.php?rest_route=%2Fwp%2Fv2%2Fmedia&parent=19244"}],"wp:term":[{"taxonomy":"category","embeddable":true,"href":"https:\/\/agromt.news\/index.php?rest_route=%2Fwp%2Fv2%2Fcategories&post=19244"},{"taxonomy":"post_tag","embeddable":true,"href":"https:\/\/agromt.news\/index.php?rest_route=%2Fwp%2Fv2%2Ftags&post=19244"}],"curies":[{"name":"wp","href":"https:\/\/api.w.org\/{rel}","templated":true}]}}