{"id":19223,"date":"2025-08-26T19:55:01","date_gmt":"2025-08-26T23:55:01","guid":{"rendered":"https:\/\/agromt.news\/?p=19223"},"modified":"2025-08-26T19:55:01","modified_gmt":"2025-08-26T23:55:01","slug":"abiove-comemora-decisao-judicial-que-suspende-moratoria-da-soja","status":"publish","type":"post","link":"https:\/\/agromt.news\/?p=19223","title":{"rendered":"Abiove comemora decis\u00e3o judicial que suspende Morat\u00f3ria da Soja"},"content":{"rendered":"<p> <br \/>\n<br \/><img decoding=\"async\" src=\"https:\/\/agromt.news\/wp-content\/uploads\/2025\/03\/cotacoes-favorecem-bons-negocios-diz-consultoria-veja-precos-da-saca.jpg\" \/><\/p>\n<div>\n<p>A Associa\u00e7\u00e3o Brasileira das Ind\u00fastrias de \u00d3leos Vegetais (Abiove) manifestou satisfa\u00e7\u00e3o com a decis\u00e3o da Justi\u00e7a Federal que <a href=\"https:\/\/www.canalrural.com.br\/agricultura\/abiove-consegue-liminar-para-barrar-suspensao-da-moratoria-da-soja\/\"><strong>suspendeu a determina\u00e7\u00e3o do Conselho Administrativo de Defesa Econ\u00f4mica (Cade) contra a Morat\u00f3ria da Soja<\/strong><\/a>.<\/p>\n<p>Em nota divulgada nesta ter\u00e7a-feira (26), a entidade afirmou que a decis\u00e3o judicial reconheceu a necessidade de maior debate sobre o tema e confirmou a legalidade do pacto vigente desde 2006.<\/p>\n<p>\u201cA decis\u00e3o reconheceu a necessidade de aprofundamento do debate sobre a Morat\u00f3ria da Soja e foi compat\u00edvel com a vis\u00e3o da Abiove quanto \u00e0 legalidade do pacto\u201d, informou a associa\u00e7\u00e3o no comunicado.<\/p>\n<p>A entidade, que representa as principais empresas processadoras e exportadoras de soja do Pa\u00eds, havia impetrado mandado de seguran\u00e7a contra a medida preventiva do Cade na segunda-feira (25).<\/p>\n<\/div>\n<div>\n<p>A ju\u00edza federal Adverci Rates Mendes de Abreu, da 20\u00aa Vara do Distrito Federal, atendeu ao pedido da Abiove e considerou \u201cdesproporcional e prematura\u201d a decis\u00e3o monocr\u00e1tica do superintendente-geral do Cade, Alexandre Barreto de Souza, que havia determinado em 18 de agosto a suspens\u00e3o imediata das pr\u00e1ticas coletivas da morat\u00f3ria por ind\u00edcios de forma\u00e7\u00e3o de cartel.<\/p>\n<h2>Suspens\u00e3o de multa di\u00e1ria<\/h2>\n<p>A decis\u00e3o judicial suspendeu integralmente os efeitos da determina\u00e7\u00e3o do Cade, incluindo a multa di\u00e1ria de R$ 250 mil prevista em caso de descumprimento, e restabeleceu o funcionamento normal do Grupo de Trabalho da Soja (GTS), coordenado por Abiove e Associa\u00e7\u00e3o Nacional dos Exportadores de Cereais (Anec).<\/p>\n<p>O processo administrativo no \u00f3rg\u00e3o antitruste segue em tramita\u00e7\u00e3o, mas agora dever\u00e1 aguardar manifesta\u00e7\u00e3o do tribunal do Cade.<\/p>\n<p>A morat\u00f3ria, acordo volunt\u00e1rio entre tradings e entidades ambientais, impede a compra de soja cultivada em \u00e1reas desmatadas da Amaz\u00f4nia ap\u00f3s julho de 2008. O pacto \u00e9 defendido pelas exportadoras como instrumento essencial para garantir acesso a mercados internacionais, especialmente diante da entrada em vigor da legisla\u00e7\u00e3o europeia antidesmatamento em dezembro.<\/p>\n<\/p><\/div>\n<p><br \/>\n<br \/><a href=\"https:\/\/www.canalrural.com.br\/agricultura\/abiove-comemora-decisao-judicial-que-suspende-moratoria-da-soja\/\">Source link <\/a><\/p>\n","protected":false},"excerpt":{"rendered":"<p>A Associa\u00e7\u00e3o Brasileira das Ind\u00fastrias de \u00d3leos Vegetais (Abiove) manifestou satisfa\u00e7\u00e3o com a decis\u00e3o da Justi\u00e7a Federal que suspendeu a<\/p>\n","protected":false},"author":1,"featured_media":12768,"comment_status":"open","ping_status":"open","sticky":false,"template":"","format":"standard","meta":{"_monsterinsights_skip_tracking":false,"_monsterinsights_sitenote_active":false,"_monsterinsights_sitenote_note":"","_monsterinsights_sitenote_category":0,"_uf_show_specific_survey":0,"_uf_disable_surveys":false,"footnotes":""},"categories":[1],"tags":[],"class_list":["post-19223","post","type-post","status-publish","format-standard","has-post-thumbnail","hentry","category-news"],"_links":{"self":[{"href":"https:\/\/agromt.news\/index.php?rest_route=\/wp\/v2\/posts\/19223"}],"collection":[{"href":"https:\/\/agromt.news\/index.php?rest_route=\/wp\/v2\/posts"}],"about":[{"href":"https:\/\/agromt.news\/index.php?rest_route=\/wp\/v2\/types\/post"}],"author":[{"embeddable":true,"href":"https:\/\/agromt.news\/index.php?rest_route=\/wp\/v2\/users\/1"}],"replies":[{"embeddable":true,"href":"https:\/\/agromt.news\/index.php?rest_route=%2Fwp%2Fv2%2Fcomments&post=19223"}],"version-history":[{"count":0,"href":"https:\/\/agromt.news\/index.php?rest_route=\/wp\/v2\/posts\/19223\/revisions"}],"wp:featuredmedia":[{"embeddable":true,"href":"https:\/\/agromt.news\/index.php?rest_route=\/wp\/v2\/media\/12768"}],"wp:attachment":[{"href":"https:\/\/agromt.news\/index.php?rest_route=%2Fwp%2Fv2%2Fmedia&parent=19223"}],"wp:term":[{"taxonomy":"category","embeddable":true,"href":"https:\/\/agromt.news\/index.php?rest_route=%2Fwp%2Fv2%2Fcategories&post=19223"},{"taxonomy":"post_tag","embeddable":true,"href":"https:\/\/agromt.news\/index.php?rest_route=%2Fwp%2Fv2%2Ftags&post=19223"}],"curies":[{"name":"wp","href":"https:\/\/api.w.org\/{rel}","templated":true}]}}