{"id":19221,"date":"2025-08-26T19:20:34","date_gmt":"2025-08-26T23:20:34","guid":{"rendered":"https:\/\/agromt.news\/?p=19221"},"modified":"2025-08-26T19:20:34","modified_gmt":"2025-08-26T23:20:34","slug":"casa-da-msd-saude-animal-na-expointer-proporciona-experiencias-e-troca-de-conhecimento-aos-pecuaristas","status":"publish","type":"post","link":"https:\/\/agromt.news\/?p=19221","title":{"rendered":"Casa da MSD Sa\u00fade Animal na Expointer proporciona experi\u00eancias e troca de conhecimento aos pecuaristas"},"content":{"rendered":"<p> <br \/>\n<\/p>\n<div>\n<p style=\"text-align:justify\">A presen\u00e7a da MSD Sa\u00fade Animal na 48\u00aa Expointer, de 30 de agosto a 7 de setembro, no Parque de Exposi\u00e7\u00f5es Assis Brasil, em Esteio, ter\u00e1 como tema Exzolt Experience. O intuito \u00e9 proporcionar dias de muitas intera\u00e7\u00f5es, compartilhamento de ideias, direcionamentos t\u00e9cnicos e bate-papos produtivos sobre temas que impulsionam a evolu\u00e7\u00e3o do setor. O ectoparasiticida Exzolt\u00ae 5%, que revolucionou o controle de carrapatos, incluindo os mais resistentes, \u00e9 o carro-chefe da empresa no evento.&#13;\n<\/p>\n<p style=\"text-align:justify\">O produto foi desenvolvido com a inovadora mol\u00e9cula fluralaner, trazendo \u00e0 produ\u00e7\u00e3o bovina uma efic\u00e1cia in\u00e9dita no controle de carrapatos, moscas-dos-chifres, bernes e bicheiras. Especificamente sobre carrapatos, que representa um desafio complexo e de grande impacto econ\u00f4mico na pecu\u00e1ria brasileira, o Exzolt\u00ae 5% combate todas as fases do ectoparasita, quebrando seu ciclo e limpando o animal e o ambiente.<\/p>\n<p style=\"text-align:justify\">\u201cO Exzolt\u00ae 5% foi lan\u00e7ado em setembro de 2022 e se estabeleceu como pioneiro em driblar a resist\u00eancia parasit\u00e1ria, proteger os animais com alta efic\u00e1cia e impulsionar os ganhos produtivos. Ap\u00f3s tr\u00eas anos, a solu\u00e7\u00e3o continua em destaque e contribuindo para o bem-estar dos animais, do meio ambiente e das pessoas, al\u00e9m de seguir impulsionando a cria\u00e7\u00e3o de gado e sua rentabilidade\u201d, diz Pablo Paiva, gerente de mercado de Gado de Corte na unidade de neg\u00f3cio de Ruminantes da MSD Sa\u00fade Animal.<\/p>\n<p style=\"text-align:justify\"><strong>Rodas de conversa<\/strong><\/p>\n<p style=\"text-align:justify\">Entre as a\u00e7\u00f5es no evento estar\u00e1 o Projeto Mulherada da Pecu\u00e1ria, que d\u00e1 voz ao protagonismo feminino e incentiva a participa\u00e7\u00e3o das mulheres no setor. Por meio dessa iniciativa, a MSD Sa\u00fade Animal promove encontros para discutir a transforma\u00e7\u00e3o do mercado e, principalmente, a mudan\u00e7a de mentalidade da \u00e1rea. E na Expointer a troca de experi\u00eancias ser\u00e1 entre produtoras do Rio Grande do Sul, al\u00e9m de contar com a presen\u00e7a de Laura Villarreal, diretora executiva da unidade de neg\u00f3cio de Ruminantes da companhia, e Ana Doralina, presidente da Mesa Brasileira de Pecu\u00e1ria Sustent\u00e1vel.&#13;\n<\/p>\n<p style=\"text-align:justify\">Para quem quiser acompanhar o bate-papo, basta comparecer \u00e0 Casa da MSD Sa\u00fade Animal, no pavilh\u00e3o da feira, no dia 1 de setembro, \u00e0s 16h. Tamb\u00e9m ter\u00e1 transmiss\u00e3o no Youtube da companhia.<\/p>\n<p style=\"text-align:justify\">J\u00e1 no dia 4 de setembro, pecuaristas estar\u00e3o na Casa da MSD Sa\u00fade Animal para uma roda de conversa conduzida pelo engenheiro agr\u00f4nomo Antony Luenenberg, coordenador t\u00e9cnico de Bem-Estar Animal na MSD Sa\u00fade Animal. Na ocasi\u00e3o, os profissionais compartilhar\u00e3o as mudan\u00e7as e conquistas a partir do programa Criando Conex\u00f5es, que, neste ano, completou 10 anos de realiza\u00e7\u00e3o, somando 1 bilh\u00e3o de animais manejados por meio de suas t\u00e9cnicas, entre bovinos, aves e su\u00ednos, mais de 300 propriedades atendidas e mais de 15 mil pessoas impactadas.<\/p>\n<p style=\"text-align:justify\">\u201cO Criando Conex\u00f5es visa democratizar os conhecimentos sobre bem-estar animal e, de forma simples, as t\u00e9cnicas utilizadas promovem a cria\u00e7\u00e3o de conex\u00f5es entre homem e animal por meio de intera\u00e7\u00f5es positivas durante todo o processo de manejo. E esse encontro ser\u00e1 um momento de multiplicar esse conhecimento e compartilhar como o programa renovou e aprimorou as t\u00e9cnicas, a fim de promover o bem-estar animal, facilitar o manejo e melhorar a qualidade de vida dos profissionais\u201d, detalha Antony. O bate-papo ser\u00e1 transmitido ao vivo no Youtube da MSD Sa\u00fade Animal, \u00e0s 18h.<\/p>\n<p style=\"text-align:justify\">Tamb\u00e9m no dia 4 haver\u00e1 o primeiro encontro de veterin\u00e1rios Exzolt\u00ae 5%, no qual ser\u00e3o apresentados resultados in\u00e9ditos do uso do produto e que trar\u00e3o impactos ainda mais positivos para os profissionais e produtores.<\/p>\n<p style=\"text-align:justify\">Pablo pontua que a programa\u00e7\u00e3o da empresa est\u00e1 robusta e diversificada para atender a todos os interessados e amparar o setor com informa\u00e7\u00f5es que somem \u00e0 atividade agropecu\u00e1ria. \u201cEsperamos por todos na feira, onde nossa equipe estar\u00e1 a postos para receber na Casa da MSD Sa\u00fade Animal, em frente ao pavilh\u00e3o de gado de corte, e esclarecer d\u00favidas e orientar sobre as melhores estrat\u00e9gias sanit\u00e1rias.\u201d&#13;\n<\/p>\n<\/p><\/div>\n<p><script data-cfasync=\"false\">\n    !function (f, b, e, v, n, t, s) {\n        if (f.fbq) return; n = f.fbq = function () {\n            n.callMethod ?\n                n.callMethod.apply(n, arguments) : n.queue.push(arguments)\n        };\n        if (!f._fbq) f._fbq = n; n.push = n; n.loaded = !0; n.version = '2.0';\n        n.queue = []; t = b.createElement(e); t.async = !0;\n        t.src = v; s = b.getElementsByTagName(e)[0];\n        s.parentNode.insertBefore(t, s)\n    }(window, document, 'script',\n        'https:\/\/connect.facebook.net\/en_US\/fbevents.js');\n    fbq('init', '522546078623747');\n    fbq('track', 'PageView');\n<\/script><br \/>\n<br \/><br \/>\n<br \/><a href=\"https:\/\/www.agrolink.com.br\/noticias\/casa-da-msd-saude-animal-na-expointer-proporciona-experiencias-e-troca-de-conhecimento-aos-pecuaristas_505276.html\">Source link <\/a><\/p>\n","protected":false},"excerpt":{"rendered":"<p>A presen\u00e7a da MSD Sa\u00fade Animal na 48\u00aa Expointer, de 30 de agosto a 7 de setembro, no Parque de<\/p>\n","protected":false},"author":1,"featured_media":19222,"comment_status":"open","ping_status":"open","sticky":false,"template":"","format":"standard","meta":{"_monsterinsights_skip_tracking":false,"_monsterinsights_sitenote_active":false,"_monsterinsights_sitenote_note":"","_monsterinsights_sitenote_category":0,"_uf_show_specific_survey":0,"_uf_disable_surveys":false,"footnotes":""},"categories":[8,1,14],"tags":[],"class_list":["post-19221","post","type-post","status-publish","format-standard","has-post-thumbnail","hentry","category-agro","category-news","category-politica-agro"],"_links":{"self":[{"href":"https:\/\/agromt.news\/index.php?rest_route=\/wp\/v2\/posts\/19221"}],"collection":[{"href":"https:\/\/agromt.news\/index.php?rest_route=\/wp\/v2\/posts"}],"about":[{"href":"https:\/\/agromt.news\/index.php?rest_route=\/wp\/v2\/types\/post"}],"author":[{"embeddable":true,"href":"https:\/\/agromt.news\/index.php?rest_route=\/wp\/v2\/users\/1"}],"replies":[{"embeddable":true,"href":"https:\/\/agromt.news\/index.php?rest_route=%2Fwp%2Fv2%2Fcomments&post=19221"}],"version-history":[{"count":0,"href":"https:\/\/agromt.news\/index.php?rest_route=\/wp\/v2\/posts\/19221\/revisions"}],"wp:featuredmedia":[{"embeddable":true,"href":"https:\/\/agromt.news\/index.php?rest_route=\/wp\/v2\/media\/19222"}],"wp:attachment":[{"href":"https:\/\/agromt.news\/index.php?rest_route=%2Fwp%2Fv2%2Fmedia&parent=19221"}],"wp:term":[{"taxonomy":"category","embeddable":true,"href":"https:\/\/agromt.news\/index.php?rest_route=%2Fwp%2Fv2%2Fcategories&post=19221"},{"taxonomy":"post_tag","embeddable":true,"href":"https:\/\/agromt.news\/index.php?rest_route=%2Fwp%2Fv2%2Ftags&post=19221"}],"curies":[{"name":"wp","href":"https:\/\/api.w.org\/{rel}","templated":true}]}}