{"id":19220,"date":"2025-08-26T19:08:40","date_gmt":"2025-08-26T23:08:40","guid":{"rendered":"https:\/\/agromt.news\/?p=19220"},"modified":"2025-08-26T19:08:40","modified_gmt":"2025-08-26T23:08:40","slug":"precos-do-boi-gordo-hoje-veja-as-cotacoes-da-arroba-e-do-atacado","status":"publish","type":"post","link":"https:\/\/agromt.news\/?p=19220","title":{"rendered":"Pre\u00e7os do boi gordo hoje: veja as cota\u00e7\u00f5es da arroba e do atacado"},"content":{"rendered":"<p> <br \/>\n<\/p>\n<div>\n<figure><img decoding=\"async\" src=\"https:\/\/imagens-cdn.canalrural.com.br\/wp-content\/uploads\/boi-gordo-mt.jpg\" alt=\"par\u00e1, boi, vaca louca - protocolo\" \/><figcaption>Foto: Christiano Antonucci\/Secom-MT<\/figcaption><\/figure>\n<\/div>\n<p>O mercado f\u00edsico do boi gordo volta a se deparar com pre\u00e7os acomodados em grande parte do pa\u00eds nesta ter\u00e7a-feira (26). <\/p>\n<p>Segundo o analista da consultoria Safras &amp; Mercado Fernando Henrique Iglesias, a segunda quinzena do m\u00eas conta com essa caracter\u00edstica de manuten\u00e7\u00e3o do padr\u00e3o de neg\u00f3cios nas principais regi\u00f5es do pa\u00eds. <\/p>\n<p>&#8220;Sob o prisma da demanda, vale destacar o \u00f3timo desempenho das exporta\u00e7\u00f5es de carne bovina, em um ritmo acelerado de embarques. A expectativa \u00e9 que um novo recorde seja estabelecido, em volume e principalmente na receita arrecadada&#8221;, disse. <\/p>\n<h2 class=\"wp-block-heading\" id=\"h-media-dos-precos-da-arroba-do-boi\">M\u00e9dia dos pre\u00e7os da arroba do boi<\/h2>\n<ul class=\"wp-block-list\">\n<li><strong>S\u00e3o Paulo: <\/strong>R$ 310,75 \u2014 ontem: R$ 311,68<\/li>\n<li><strong>Goi\u00e1s:<\/strong> R$ 302,50 \u2014 R$ 301,61<\/li>\n<li><strong>Minas Gerais:<\/strong> R$ 302,94 \u2014 R$ 302,65<\/li>\n<li><strong>Mato Grosso do Sul: <\/strong>R$ 318,18 \u2014 R$ 319,09<\/li>\n<li><strong>Mato Grosso:<\/strong> R$ 311,62 \u2014 R$ 310,34<\/li>\n<\/ul>\n<h2 class=\"wp-block-heading\" id=\"h-mercado-atacadista\">Mercado atacadista<\/h2>\n<p>O mercado atacadista se depara com pre\u00e7os mistos para a carne bovina. Segundo Iglesias, o ambiente de neg\u00f3cios sinaliza para maior propens\u00e3o a reajustes durante a primeira quinzena de setembro, per\u00edodo pautado por maior apelo ao consumo, considerando a entrada dos sal\u00e1rios na economia como motivador da reposi\u00e7\u00e3o ao longo da cadeia produtiva.<\/p>\n<ul class=\"wp-block-list\">\n<li><em>Veja em primeira m\u00e3o tudo sobre agricultura, pecu\u00e1ria, economia e previs\u00e3o do tempo:<\/em><a href=\"https:\/\/news.google.com\/publications\/CAAqBwgKMPKZlQswq_mqAw?hl=pt-BR&amp;gl=BR&amp;ceid=BR%3Apt-419\" target=\"_blank\" rel=\"noreferrer noopener\">\u00a0<em>siga o Canal Rural no Google News!<\/em><\/a><\/li>\n<\/ul>\n<p>&#8220;No entanto, vale destacar que a carne de frango ainda disp\u00f5e de maior competitividade se comparado as prote\u00ednas concorrentes, em especial se comparado a carne bovina&#8221;, pontuou o analista.<\/p>\n<p>O quarto traseiro do boi foi precificado a R$ 22,90 por quilo, queda de R$ 0,10; o quarto dianteiro foi cotado a R$ 18,25 por quilo, alta de R$ 0,25; e a ponta de agulha foi indicada a R$ 17,25 por quilo, alta de R$ 0,25.<\/p>\n<h2 class=\"wp-block-heading\" id=\"h-exportacao-de-carne-bovina\">Exporta\u00e7\u00e3o de carne bovina<\/h2>\n<figure class=\"wp-block-image size-full\"><img fetchpriority=\"high\" decoding=\"async\" width=\"640\" height=\"419\" src=\"https:\/\/agromt.news\/wp-content\/uploads\/2024\/08\/Precos-do-boi-gordo-seguem-em-alta-veja-cotacoes-do.jpg\" alt=\"carne bovina - exporta\u00e7\u00f5es\" class=\"wp-image-2931223\" \/><figcaption class=\"wp-element-caption\">Foto: Wenderson Araujo\/CNA<\/figcaption><\/figure>\n<p>As exporta\u00e7\u00f5es de carne bovina fresca, congelada ou refrigerada do Brasil renderam US$ 1,192 bilh\u00e3o em agosto at\u00e9 o momento (16 dias \u00fateis), com m\u00e9dia di\u00e1ria de US$ 74,550 milh\u00f5es, de acordo com a Secretaria de Com\u00e9rcio Exterior <strong><a href=\"https:\/\/www.canalrural.com.br\/tag\/secex\/\">(Secex)<\/a><\/strong>.<\/p>\n<p>A quantidade total exportada pelo pa\u00eds chegou a 212,925 mil toneladas, com m\u00e9dia di\u00e1ria de 13,307 mil toneladas. O pre\u00e7o m\u00e9dio da tonelada ficou em US$ 5.602,00.<\/p>\n<p>Em rela\u00e7\u00e3o a agosto de 2024, houve alta de 70,1% no valor m\u00e9dio di\u00e1rio da exporta\u00e7\u00e3o, ganho de 34,7% na quantidade m\u00e9dia di\u00e1ria exportada e avan\u00e7o de 26,3% no pre\u00e7o m\u00e9dio.<\/p>\n<h2 class=\"wp-block-heading\" id=\"h-cambio\">C\u00e2mbio<\/h2>\n<p>O d\u00f3lar comercial encerrou a sess\u00e3o em alta de 0,36%, sendo negociado a R$ 5,4338 para venda e a R$ 5,4318 para compra. Durante o dia, a moeda norte-americana oscilou entre a m\u00ednima de R$ 5,4000 e a m\u00e1xima de R$ 5,4495.<\/p>\n<p>O post <a href=\"https:\/\/www.canalrural.com.br\/pecuaria\/precos-do-boi-gordo-hoje-veja-as-cotacoes-da-arroba-e-do-atacado\/\">Pre\u00e7os do boi gordo hoje: veja as cota\u00e7\u00f5es da arroba e do atacado<\/a> apareceu primeiro em <a href=\"https:\/\/www.canalrural.com.br\">Canal Rural<\/a>.<\/p>\n<p><br \/>\n<br \/><a href=\"https:\/\/www.canalrural.com.br\/pecuaria\/precos-do-boi-gordo-hoje-veja-as-cotacoes-da-arroba-e-do-atacado\/\">Source link <\/a><\/p>\n","protected":false},"excerpt":{"rendered":"<p>Foto: Christiano Antonucci\/Secom-MT O mercado f\u00edsico do boi gordo volta a se deparar com pre\u00e7os acomodados em grande parte do<\/p>\n","protected":false},"author":1,"featured_media":3665,"comment_status":"open","ping_status":"open","sticky":false,"template":"","format":"standard","meta":{"_monsterinsights_skip_tracking":false,"_monsterinsights_sitenote_active":false,"_monsterinsights_sitenote_note":"","_monsterinsights_sitenote_category":0,"_uf_show_specific_survey":0,"_uf_disable_surveys":false,"footnotes":""},"categories":[1],"tags":[],"class_list":["post-19220","post","type-post","status-publish","format-standard","has-post-thumbnail","hentry","category-news"],"_links":{"self":[{"href":"https:\/\/agromt.news\/index.php?rest_route=\/wp\/v2\/posts\/19220"}],"collection":[{"href":"https:\/\/agromt.news\/index.php?rest_route=\/wp\/v2\/posts"}],"about":[{"href":"https:\/\/agromt.news\/index.php?rest_route=\/wp\/v2\/types\/post"}],"author":[{"embeddable":true,"href":"https:\/\/agromt.news\/index.php?rest_route=\/wp\/v2\/users\/1"}],"replies":[{"embeddable":true,"href":"https:\/\/agromt.news\/index.php?rest_route=%2Fwp%2Fv2%2Fcomments&post=19220"}],"version-history":[{"count":0,"href":"https:\/\/agromt.news\/index.php?rest_route=\/wp\/v2\/posts\/19220\/revisions"}],"wp:featuredmedia":[{"embeddable":true,"href":"https:\/\/agromt.news\/index.php?rest_route=\/wp\/v2\/media\/3665"}],"wp:attachment":[{"href":"https:\/\/agromt.news\/index.php?rest_route=%2Fwp%2Fv2%2Fmedia&parent=19220"}],"wp:term":[{"taxonomy":"category","embeddable":true,"href":"https:\/\/agromt.news\/index.php?rest_route=%2Fwp%2Fv2%2Fcategories&post=19220"},{"taxonomy":"post_tag","embeddable":true,"href":"https:\/\/agromt.news\/index.php?rest_route=%2Fwp%2Fv2%2Ftags&post=19220"}],"curies":[{"name":"wp","href":"https:\/\/api.w.org\/{rel}","templated":true}]}}