{"id":19209,"date":"2025-08-26T16:19:58","date_gmt":"2025-08-26T20:19:58","guid":{"rendered":"https:\/\/agromt.news\/?p=19209"},"modified":"2025-08-26T16:19:58","modified_gmt":"2025-08-26T20:19:58","slug":"quantos-produtores-trabalham-dentro-da-lei-e-nao-conseguem-comercializar-a-soja-questiona-sojicultor-de-sinop","status":"publish","type":"post","link":"https:\/\/agromt.news\/?p=19209","title":{"rendered":"&#8216;Quantos produtores trabalham dentro da lei e n\u00e3o conseguem comercializar a soja?&#8217;, questiona sojicultor de Sinop"},"content":{"rendered":"<p> <br \/>\n<br \/><img decoding=\"async\" src=\"https:\/\/agromt.news\/wp-content\/uploads\/2025\/04\/STF-autoriza-parcialmente-MT-a-aplicar-Moratoria-da-Soja.jpeg\" \/><\/p>\n<div>\n<p>A Justi\u00e7a Federal determinou, nesta segunda-feira (25), <a href=\"https:\/\/www.canalrural.com.br\/agricultura\/moratoria-da-soja-e-suspensa-e-signatarias-podem-ter-de-pagar-multa-bilionaria\/\">o impedimento da suspens\u00e3o da Morat\u00f3ria da Soja<\/a>, em resposta a um pedido da Associa\u00e7\u00e3o Brasileira das Ind\u00fastrias de \u00d3leos Vegetais (Abiove). A medida mant\u00e9m a validade do pacto ambiental, que restringe a compra de gr\u00e3os cultivados em \u00e1reas desmatadas ap\u00f3s 2008.<\/p>\n<p><a href=\"https:\/\/www.youtube.com\/watch?v=UseCTaXP7bc\">https:\/\/www.youtube.com\/watch?v=UseCTaXP7bc<\/a><noscript><a href=\"https:\/\/www.youtube.com\/watch?v=UseCTaXP7bc\">https:\/\/www.youtube.com\/watch?v=UseCTaXP7bc<\/a><\/noscript><\/p>\n<ul class=\"wp-block-list\">\n<li><strong><em>Fique por dentro das novidades e not\u00edcias recentes sobre a soja! Participe da nossa comunidade atrav\u00e9s do\u00a0<a href=\"https:\/\/chat.whatsapp.com\/BmMRwA0TZ2DHGyhzoaVEWu\">link<\/a>! \ud83c\udf31<\/em><\/strong><\/li>\n<\/ul>\n<h2 class=\"wp-block-heading\" id=\"h-produtor-de-soja-critica-liminar\">Produtor de soja critica liminar <\/h2>\n<p>O produtor de soja Maikon Costa, de Sinop (MT), criticou duramente a manuten\u00e7\u00e3o da Morat\u00f3ria. Para ele, a medida prejudica agricultores que abriram \u00e1reas de forma legal, mas s\u00e3o impedidos de comercializar com as grandes tradings internacionais.<\/p>\n<p>\u201dInfelizmente, o produtor paga a conta mais uma vez devido a acordos comerciais de ONGs, da Abiove e de empresas multinacionais que deixam de comprar soja produzida em \u00e1reas abertas ap\u00f3s 2008, mesmo quando essas \u00e1reas foram abertas perante a lei, respeitando os 20%, respeitando a legisla\u00e7\u00e3o no Cerrado e na Floresta Amaz\u00f4nica\u201d, afirmou.<\/p>\n<p>Segundo ele, essa restri\u00e7\u00e3o empurra o agricultor para mercados paralelos. \u201cO produtor fica \u00e0 merc\u00ea, tendo que vender para mercados que muitas vezes n\u00e3o pagam, atrasam carregamento, sonegam impostos. Quem paga a conta \u00e9 sempre o produtor, devido a acordos comerciais entre empresas e ONGs que dificultam a vida de quem produz no Brasil.\u201d<\/p>\n<p>Costa tamb\u00e9m denuncia que, na pr\u00e1tica, a soja acaba sendo exportada da mesma forma. \u201cA soja n\u00e3o tem r\u00f3tulo, n\u00e3o tem etiqueta. O produtor vende mais barato para atravessadores que fazem triangula\u00e7\u00e3o, esquentam a carga e, no final do dia, \u00e9 a mesma soja que chega ao comprador. Quem sai lesado \u00e9 sempre o produtor.\u201d<\/p>\n<\/div>\n<div>\n<p>Para ele, a situa\u00e7\u00e3o \u00e9 injusta e prejudica o estado. \u201cA lei permite abrir a terra e produzir alimento. Mas, por causa de um acordo comercial, o agricultor legalizado n\u00e3o consegue vender para multinacionais. Isso \u00e9 muito ruim para Mato Grosso. Quantos produtores est\u00e3o trabalhando dentro da lei e mesmo assim n\u00e3o conseguem comercializar? Infelizmente, mais uma vez, quem paga a conta \u00e9 o produtor\u201d, desabafou.<\/p>\n<h2 class=\"wp-block-heading\" id=\"h-aprosoja-mt-se-posiciona\">Aprosoja MT se posiciona <\/h2>\n<p>Em nota sobre a liminar conquistada pela Abiove, a Aprosoja-MT afirmou respeitar a decis\u00e3o judicial, mas refor\u00e7ou esperar que o colegiado do Cade reitere as medidas preventivas que suspendiam os efeitos da Morat\u00f3ria da Soja.<\/p>\n<p>\u201dReafirmamos que, h\u00e1 anos, um acordo privado, sem respaldo legal, vem impondo barreiras comerciais injustas aos produtores, sobretudo os pequenos e m\u00e9dios, impedindo a comercializa\u00e7\u00e3o de safras cultivadas em \u00e1reas regulares e licenciadas\u201d, disse a entidade.<\/p>\n<p>A Aprosoja-MT afirmou que o fim da Morat\u00f3ria da Soja \u201c\u00e9 um passo essencial para o Brasil reafirmar que sustentabilidade e legalidade n\u00e3o se op\u00f5em\u201d e destacou que \u201cn\u00e3o se pode usar pol\u00edticas ambientais simuladas como pretexto para a exclus\u00e3o econ\u00f4mica\u201d.<\/p>\n<p>Segundo a entidade, as tradings, que concentram mais de 90% das exporta\u00e7\u00f5es, \u201cimp\u00f5em de forma unilateral condi\u00e7\u00f5es que afastam do mercado produtores que atuam dentro da legalidade\u201d.<\/p>\n<\/p><\/div>\n<p><br \/>\n<br \/><a href=\"https:\/\/www.canalrural.com.br\/agricultura\/projeto-soja-brasil\/quantos-produtores-trabalham-dentro-da-lei-e-nao-conseguem-comercializar-a-soja-questiona-sojicultor-de-sinop\/\">Source link <\/a><\/p>\n","protected":false},"excerpt":{"rendered":"<p>A Justi\u00e7a Federal determinou, nesta segunda-feira (25), o impedimento da suspens\u00e3o da Morat\u00f3ria da Soja, em resposta a um pedido<\/p>\n","protected":false},"author":1,"featured_media":13031,"comment_status":"open","ping_status":"open","sticky":false,"template":"","format":"standard","meta":{"_monsterinsights_skip_tracking":false,"_monsterinsights_sitenote_active":false,"_monsterinsights_sitenote_note":"","_monsterinsights_sitenote_category":0,"_uf_show_specific_survey":0,"_uf_disable_surveys":false,"footnotes":""},"categories":[1],"tags":[],"class_list":["post-19209","post","type-post","status-publish","format-standard","has-post-thumbnail","hentry","category-news"],"_links":{"self":[{"href":"https:\/\/agromt.news\/index.php?rest_route=\/wp\/v2\/posts\/19209"}],"collection":[{"href":"https:\/\/agromt.news\/index.php?rest_route=\/wp\/v2\/posts"}],"about":[{"href":"https:\/\/agromt.news\/index.php?rest_route=\/wp\/v2\/types\/post"}],"author":[{"embeddable":true,"href":"https:\/\/agromt.news\/index.php?rest_route=\/wp\/v2\/users\/1"}],"replies":[{"embeddable":true,"href":"https:\/\/agromt.news\/index.php?rest_route=%2Fwp%2Fv2%2Fcomments&post=19209"}],"version-history":[{"count":0,"href":"https:\/\/agromt.news\/index.php?rest_route=\/wp\/v2\/posts\/19209\/revisions"}],"wp:featuredmedia":[{"embeddable":true,"href":"https:\/\/agromt.news\/index.php?rest_route=\/wp\/v2\/media\/13031"}],"wp:attachment":[{"href":"https:\/\/agromt.news\/index.php?rest_route=%2Fwp%2Fv2%2Fmedia&parent=19209"}],"wp:term":[{"taxonomy":"category","embeddable":true,"href":"https:\/\/agromt.news\/index.php?rest_route=%2Fwp%2Fv2%2Fcategories&post=19209"},{"taxonomy":"post_tag","embeddable":true,"href":"https:\/\/agromt.news\/index.php?rest_route=%2Fwp%2Fv2%2Ftags&post=19209"}],"curies":[{"name":"wp","href":"https:\/\/api.w.org\/{rel}","templated":true}]}}